{"id":1974,"date":"2018-06-22T20:01:00","date_gmt":"2018-06-22T23:01:00","guid":{"rendered":"http:\/\/blogdoedvaldomagalhaes.com.br\/index.php\/2018\/06\/22\/programacao-completa-da-vespera-de-sao\/"},"modified":"2019-02-09T02:20:59","modified_gmt":"2019-02-09T04:20:59","slug":"programacao-completa-da-vespera-de-sao","status":"publish","type":"post","link":"https:\/\/blogdoedvaldomagalhaes.com.br\/index.php\/2018\/06\/22\/programacao-completa-da-vespera-de-sao\/","title":{"rendered":"Programa\u00e7\u00e3o completa da v\u00e9spera de S\u00e3o Jo\u00e3o em Caruaru nos 14 polos de anima\u00e7\u00e3o"},"content":{"rendered":"<div class=\"separator\" style=\"clear: both; text-align: center;\">\n<a href=\"https:\/\/4.bp.blogspot.com\/-IoaFXcRqyuk\/Wy1UUZXZ7JI\/AAAAAAAA0YQ\/NyBWmkusLiY2jRlzLeBz9GK6NOjrA-v0QCLcBGAs\/s1600\/01.jpg\" imageanchor=\"1\" style=\"margin-left: 1em; margin-right: 1em;\"><img loading=\"lazy\" decoding=\"async\" border=\"0\" data-original-height=\"316\" data-original-width=\"500\" height=\"402\" src=\"http:\/\/blogdoedvaldomagalhaes.com.br\/wp-content\/uploads\/2018\/06\/01-5.jpg\" width=\"640\" \/><\/a><\/div>\n<div style=\"text-align: center;\">\nFoto: Cleber e Cauan\/Divulga\u00e7\u00e3o<\/div>\n<div style=\"text-align: center;\">\n<\/div>\n<div style=\"text-align: justify;\">\nCatorze polos de anima\u00e7\u00e3o prometem agitar a v\u00e9spera de S\u00e3o Jo\u00e3o na Capital do Agreste. Um dos dias mais esperados pelos forrozeiros ter\u00e1 atra\u00e7\u00f5es espalhadas pela cidade e zona rural, al\u00e9m do Festival de Comidas Gigantes e a estreia do Arraial na Tr\u00eas de Maio. Ao todo, ser\u00e3o 40 apresenta\u00e7\u00f5es, que englobam forr\u00f3, repente, quadrilha, teatro, m\u00fasica, p\u00edfanos e bacamarte.<\/div>\n<div style=\"text-align: justify;\">\n<\/div>\n<div class=\"separator\" style=\"clear: both; text-align: center;\">\n<a href=\"https:\/\/3.bp.blogspot.com\/-FMnorW_ejQc\/Wy1VBEuzlOI\/AAAAAAAA0YY\/FZLTdPSGZz88vFrEqcECTw6BS91qppn0gCLcBGAs\/s1600\/alto.jpg\" imageanchor=\"1\" style=\"margin-left: 1em; margin-right: 1em;\"><img loading=\"lazy\" decoding=\"async\" border=\"0\" data-original-height=\"426\" data-original-width=\"640\" height=\"424\" src=\"http:\/\/blogdoedvaldomagalhaes.com.br\/wp-content\/uploads\/2018\/06\/alto.jpg\" width=\"640\" \/><\/a><\/div>\n<div style=\"text-align: center;\">\nFoto: Jan\u00edna Pepeu\/Divulga\u00e7\u00e3o<\/div>\n<div style=\"text-align: center;\">\n<\/div>\n<div style=\"text-align: justify;\">\nO dia come\u00e7a animado no Alto do Moura, destino certo de quem vem aproveitar o Maior e Melhor S\u00e3o Jo\u00e3o do Mundo. \u00c0s 10h, o forr\u00f3 toma conta dos polos Mestre Vitalino e Coreto. Haver\u00e1 shows com Trio Aveloz, Sil Morena, Juc\u00e9lio Vilela, Sebastian Silva, Trio Seguros do Forr\u00f3 e Banda de P\u00edfanos Mirim Z\u00e9 do Estado. \u00c9 forr\u00f3 para ningu\u00e9m ficar parado.<\/div>\n<div style=\"text-align: justify;\">\n<\/div>\n<div style=\"text-align: justify;\">\nA Mesa Junina ser\u00e1 posta, \u00e0s 18h, no S\u00edtio Lajes. Pela primeira vez, a comunidade ir\u00e1 realizar a festa que integra o Festival de Comidas Gigantes. No banquete, diversas iguarias da culin\u00e1ria nordestina, em especial aquelas que levam o milho na receita. N\u00e3o v\u00e3o faltar pamonha, munguz\u00e1 e canjica, al\u00e9m de muito forr\u00f3 e anima\u00e7\u00e3o.<\/div>\n<div style=\"text-align: justify;\">\n<\/div>\n<div class=\"separator\" style=\"clear: both; text-align: center;\">\n<a href=\"https:\/\/2.bp.blogspot.com\/-zwHY3Rk2ATw\/Wy1VMd3RvKI\/AAAAAAAA0Yc\/j-chGhHD8nA25lWNeXTdQ_NfYIkT8CidwCLcBGAs\/s1600\/mestre.jpg\" imageanchor=\"1\" style=\"margin-left: 1em; margin-right: 1em;\"><img loading=\"lazy\" decoding=\"async\" border=\"0\" data-original-height=\"426\" data-original-width=\"640\" height=\"424\" src=\"http:\/\/blogdoedvaldomagalhaes.com.br\/wp-content\/uploads\/2018\/06\/mestre.jpg\" width=\"640\" \/><\/a><\/div>\n<div style=\"text-align: center;\">\nFoto: Jana\u00edna Pepeu\/Divulga\u00e7\u00e3o<\/div>\n<div style=\"text-align: center;\">\n<\/div>\n<div style=\"text-align: justify;\">\nAinda na zona rural, o S\u00e3o Jo\u00e3o na Ro\u00e7a estaciona em Xicuru. Barracas, brincadeiras e decora\u00e7\u00e3o especial chegam \u00e0 comunidade, que poder\u00e1 aproveitar os shows de Trio Ca\u00e7ula do Forr\u00f3 e Victor Ferrari, al\u00e9m da apresenta\u00e7\u00e3o de bacamarteiros. O caminh\u00e3o-palco estar\u00e1 pr\u00f3ximo \u00e0 Igreja Cat\u00f3lica da comunidade.<\/div>\n<div style=\"text-align: justify;\">\n<\/div>\n<div style=\"text-align: justify;\">\nA crian\u00e7ada tem divers\u00e3o garantida, a partir das 17h, no Polo Infantil. O s\u00e1bado ter\u00e1 Banda de P\u00edfanos Mirim Mandacaru e o m\u00e1gico Hugo Henrik, que promete encantar com truques e muita magia. O declamador Klebson Oliveira e os repentistas Francinaldo Oliveira e Dami\u00e3o En\u00e9sio dar\u00e3o o tom no Polo do Repente. A disputa de rimas e poesias come\u00e7a \u00e0s 18h. Ainda na Esta\u00e7\u00e3o Ferrovi\u00e1ria, seu Jo\u00e3o do Pife e a Banda de P\u00edfanos Dois Irm\u00e3os v\u00e3o encantar o p\u00fablico a partir das 20h na igreja cenogr\u00e1fica. A arte do p\u00edfano pelas m\u00e3os do mestre poder\u00e1 ser admirada por todos os amantes do forr\u00f3. Haver\u00e1 programa\u00e7\u00e3o, ainda, nos polos Juarez Santiago, Casa do Forr\u00f3 e das Quadrilhas, al\u00e9m de apresenta\u00e7\u00f5es de bacamarteiros.<\/div>\n<div style=\"text-align: justify;\">\n<\/div>\n<div style=\"text-align: justify;\">\nNa Rua Silvino de Mac\u00eado, o Polo M\u00e1 Fama recebe o Projeto Som na Rural, a partir das 22h. O espa\u00e7o moderno, frequentado pela juventude da cidade, oferece variados ritmos e estilos que agradam os amantes dos sons alternativos. Ano passado, o polo foi sucesso entre os frequentadores da rua mais bo\u00eamia de Caruaru.<\/div>\n<div style=\"text-align: justify;\">\n<\/div>\n<div style=\"text-align: justify;\">\nO Arraial na Tr\u00eas de Maio, estreante do Maior e Melhor S\u00e3o Jo\u00e3o do Mundo, ter\u00e1 quadrilha, bacamarteiros, trio p\u00e9 de serra e banda de p\u00edfanos. A programa\u00e7\u00e3o na rua que deu in\u00edcio ao S\u00e3o Jo\u00e3o de Caruaru come\u00e7a \u00e0s 20h. Ser\u00e1 uma viagem nost\u00e1lgica em homenagem \u00e0 festa organizada pelas irm\u00e3s Lira nas d\u00e9cadas de 1970, 1980 e 1990 e que originaram a tradi\u00e7\u00e3o junina na Capital do Agreste.<\/div>\n<div style=\"text-align: justify;\">\n<\/div>\n<div style=\"text-align: justify;\">\nSob as batutas do Maestro Mozart Vieira, est\u00e1 a responsabilidade de abrir a programa\u00e7\u00e3o do Polo Azul\u00e3o no s\u00e1bado (23). A noite ter\u00e1, ainda, Erisson Porto, Herbert Lucena &amp; Mel Nascimento e Silv\u00e9rio Pessoa, a partir das 20h. Ser\u00e1 uma noite com muito forr\u00f3, embolada e coco para ningu\u00e9m ficar parado.&nbsp; &nbsp; &nbsp; &nbsp; &nbsp; &nbsp;&nbsp;<\/div>\n<div style=\"text-align: justify;\">\n<\/div>\n<div style=\"text-align: justify;\">\nRicarte e Rivaldo, Jo\u00e3o do P\u00edfe e Pecinho Amorim d\u00e3o o ritmo para dan\u00e7ar agarradinho no Polo Mestre Camar\u00e3o, \u00e0s 20h30. Pedrinho Pega\u00e7\u00e3o, Valdir Santos, Irah Caldeira e Cleber e Cauan estar\u00e3o no P\u00e1tio do Forr\u00f3. A festa come\u00e7a cedinho, \u00e0s 19h. Confira a programa\u00e7\u00e3o completa deste s\u00e1bado (23):<\/div>\n<div style=\"text-align: justify;\">\n<\/div>\n<div style=\"text-align: justify;\">\n<b>PALCO MESTRE VITALINO (ALTO DO MOURA)<\/b><\/div>\n<div style=\"text-align: justify;\">\n<\/div>\n<div style=\"text-align: justify;\">\n10h &#8211; Trio Aveloz<\/div>\n<div style=\"text-align: justify;\">\n<\/div>\n<div style=\"text-align: justify;\">\n12h &#8211; Sil Morena<\/div>\n<div style=\"text-align: justify;\">\n<\/div>\n<div style=\"text-align: justify;\">\n14h &#8211; Juc\u00e9lio Vilela<\/div>\n<div style=\"text-align: justify;\">\n<\/div>\n<div style=\"text-align: justify;\">\n16h &#8211; Sebastian Silva<\/div>\n<div style=\"text-align: justify;\">\n<\/div>\n<div style=\"text-align: justify;\">\n<b>POLO DO CORETO (ALTO DO MOURA)<\/b><\/div>\n<div style=\"text-align: justify;\">\n<\/div>\n<div style=\"text-align: justify;\">\n10h &#8211; Trio Seguros do Forr\u00f3<\/div>\n<div style=\"text-align: justify;\">\n<\/div>\n<div style=\"text-align: justify;\">\n12h &#8211; Banda de P\u00edfanos Mirim Z\u00e9 do Estado<\/div>\n<div style=\"text-align: justify;\">\n<\/div>\n<div style=\"text-align: justify;\">\n<b>FESTIVAL DE COMIDAS GIGANTES<\/b><\/div>\n<div style=\"text-align: justify;\">\n<\/div>\n<div style=\"text-align: justify;\">\nMesa Junina (S\u00edtio Lajes, 18h)<\/div>\n<div style=\"text-align: justify;\">\n<\/div>\n<div style=\"text-align: justify;\">\nS\u00c3O JO\u00c3O NA RO\u00c7A &#8211; XICURU<\/div>\n<div style=\"text-align: justify;\">\n<\/div>\n<div style=\"text-align: justify;\">\n19h30 &#8211; Trio Ca\u00e7ula do Forr\u00f3<\/div>\n<div style=\"text-align: justify;\">\n<\/div>\n<div style=\"text-align: justify;\">\n22h &#8211; Victor Ferrari<\/div>\n<div style=\"text-align: justify;\">\n<\/div>\n<div style=\"text-align: justify;\">\n<b>ESTA\u00c7\u00c3O FERROVI\u00c1RIA<\/b><\/div>\n<div style=\"text-align: justify;\">\n<\/div>\n<div style=\"text-align: justify;\">\n<b>CASA DO FORR\u00d3<\/b><\/div>\n<div style=\"text-align: justify;\">\n<\/div>\n<div style=\"text-align: justify;\">\n20h &#8211; Show com Kiko Gomes \u2013 A Eleg\u00e2ncia do Forr\u00f3<\/div>\n<div style=\"text-align: justify;\">\n<b><br \/><\/b><\/div>\n<div style=\"text-align: justify;\">\n<b>POLO JUAREZ SANTIAGO<\/b><\/div>\n<div style=\"text-align: justify;\">\n<\/div>\n<div style=\"text-align: justify;\">\n20h \u2013 Trio Santa Rosa<\/div>\n<div style=\"text-align: justify;\">\n<\/div>\n<div style=\"text-align: justify;\">\n21h30 &#8211; Trio Caf\u00e9 com Leite<\/div>\n<div style=\"text-align: justify;\">\n<\/div>\n<div style=\"text-align: justify;\">\n23h &#8211; Trio Toinho do Caldeir\u00e3o<\/div>\n<div style=\"text-align: justify;\">\n<\/div>\n<div style=\"text-align: justify;\">\n0h30 &#8211; Trio Unidos do Forr\u00f3<\/div>\n<div style=\"text-align: justify;\">\n<\/div>\n<div style=\"text-align: justify;\">\n<b>POLO INFANTIL<\/b><\/div>\n<div style=\"text-align: justify;\">\n<\/div>\n<div style=\"text-align: justify;\">\n17h \u2013 Banda de P\u00edfanos Mirim Mandacaru<\/div>\n<div style=\"text-align: justify;\">\n<\/div>\n<div style=\"text-align: justify;\">\n18h \u2013 M\u00e1gico Hugo Henrique<\/div>\n<div style=\"text-align: justify;\">\n<\/div>\n<div style=\"text-align: justify;\">\n<b>POLO DAS QUADRILHAS<\/b><\/div>\n<div style=\"text-align: justify;\">\n<\/div>\n<div style=\"text-align: justify;\">\n17h &#8211; Bonecas Nordestinas<\/div>\n<div style=\"text-align: justify;\">\n<\/div>\n<div style=\"text-align: justify;\">\n20h \u2013 Concurso de Quadrilhas&nbsp;&nbsp;<\/div>\n<div style=\"text-align: justify;\">\n<b><br \/><\/b><\/div>\n<div style=\"text-align: justify;\">\n<b>POLO DO REPENTE<\/b><\/div>\n<div style=\"text-align: justify;\">\n<\/div>\n<div style=\"text-align: justify;\">\n18h &#8211; Klebson Oliveira<\/div>\n<div style=\"text-align: justify;\">\n<\/div>\n<div style=\"text-align: justify;\">\nFrancinaldo Oliveira x Dami\u00e3o En\u00e9sio<\/div>\n<div style=\"text-align: justify;\">\n<\/div>\n<div style=\"text-align: justify;\">\n<b>POLO AZUL\u00c3O<\/b><\/div>\n<div style=\"text-align: justify;\">\n<\/div>\n<div style=\"text-align: justify;\">\n20h- Mozart Vieira<\/div>\n<div style=\"text-align: justify;\">\n<\/div>\n<div style=\"text-align: justify;\">\n21h20 &#8211; Erisson Porto<\/div>\n<div style=\"text-align: justify;\">\n<\/div>\n<div style=\"text-align: justify;\">\n22h40 &#8211; Herbert Lucena &amp; Mel Nascimento<\/div>\n<div style=\"text-align: justify;\">\n<\/div>\n<div style=\"text-align: justify;\">\n0h &#8211; Silv\u00e9rio Pessoa<\/div>\n<div style=\"text-align: justify;\">\n<\/div>\n<div style=\"text-align: justify;\">\n<b>P\u00c1TIO DE EVENTOS&nbsp;<\/b><\/div>\n<div style=\"text-align: justify;\">\n<\/div>\n<div style=\"text-align: justify;\">\n19h &#8211; Pedrinho Pega\u00e7\u00e3o<\/div>\n<div style=\"text-align: justify;\">\n<\/div>\n<div style=\"text-align: justify;\">\n20h40 &#8211; Irah Caldeira<\/div>\n<div style=\"text-align: justify;\">\n<\/div>\n<div style=\"text-align: justify;\">\n22h20 &#8211; Valdir Santos<\/div>\n<div style=\"text-align: justify;\">\n<\/div>\n<div style=\"text-align: justify;\">\n0h30 &#8211; Cleber e Cauan<\/div>\n<div style=\"text-align: justify;\">\n<\/div>\n<div style=\"text-align: justify;\">\n<b>POLO MESTRE CAMAR\u00c3O<\/b><\/div>\n<div style=\"text-align: justify;\">\n<\/div>\n<div style=\"text-align: justify;\">\n20h30 &#8211; Ricarte e Rivaldo<\/div>\n<div style=\"text-align: justify;\">\n<\/div>\n<div style=\"text-align: justify;\">\n22h30 &#8211; Jo\u00e3o do Pife<\/div>\n<div style=\"text-align: justify;\">\n<\/div>\n<div style=\"text-align: justify;\">\n0h30 &#8211; Pecinho Amorim<\/div>\n<div style=\"text-align: justify;\">\n<\/div>\n<div style=\"text-align: justify;\">\nPOLO M\u00c1 FAMA<\/div>\n<div style=\"text-align: justify;\">\n<\/div>\n<div style=\"text-align: justify;\">\n22h \u2013 Projeto Som na Rurall<\/div>\n<div style=\"text-align: justify;\">\n<\/div>\n<div style=\"text-align: justify;\">\n<\/div>\n<div style=\"text-align: justify;\">\n<b>BACAMARTEIROS<\/b><\/div>\n<div style=\"text-align: justify;\">\n<\/div>\n<div style=\"text-align: justify;\">\n11h &#8211; Batalh\u00e3o 95 (Alto do Moura)<\/div>\n<div style=\"text-align: justify;\">\n<\/div>\n<div style=\"text-align: justify;\">\n20h30 &#8211; Batalh\u00e3o 139 (Esta\u00e7\u00e3o Ferrovi\u00e1ria)<\/div>\n<div style=\"text-align: justify;\">\n<\/div>\n<div style=\"text-align: justify;\">\n22h &#8211; Batalh\u00e3o 333 (Esta\u00e7\u00e3o Ferrovi\u00e1ria)<\/div>\n<div style=\"text-align: justify;\">\n<\/div>\n","protected":false},"excerpt":{"rendered":"<p>Foto: Cleber e Cauan\/Divulga\u00e7\u00e3o Catorze polos de anima\u00e7\u00e3o prometem agitar a v\u00e9spera de S\u00e3o Jo\u00e3o na Capital do Agreste. Um&hellip;<\/p>\n","protected":false},"author":1,"featured_media":0,"comment_status":"open","ping_status":"open","sticky":false,"template":"","format":"standard","meta":{"footnotes":""},"categories":[1],"tags":[2,6,2042],"class_list":["post-1974","post","type-post","status-publish","format-standard","hentry","category-sem-categoria","tag-blog-do-edvaldo-magalhaes","tag-noticias","tag-programacao-completa-da-vespera-de-sao-joao-em-caruaru-nos-14-polos-de-animacao"],"_links":{"self":[{"href":"https:\/\/blogdoedvaldomagalhaes.com.br\/index.php\/wp-json\/wp\/v2\/posts\/1974","targetHints":{"allow":["GET"]}}],"collection":[{"href":"https:\/\/blogdoedvaldomagalhaes.com.br\/index.php\/wp-json\/wp\/v2\/posts"}],"about":[{"href":"https:\/\/blogdoedvaldomagalhaes.com.br\/index.php\/wp-json\/wp\/v2\/types\/post"}],"author":[{"embeddable":true,"href":"https:\/\/blogdoedvaldomagalhaes.com.br\/index.php\/wp-json\/wp\/v2\/users\/1"}],"replies":[{"embeddable":true,"href":"https:\/\/blogdoedvaldomagalhaes.com.br\/index.php\/wp-json\/wp\/v2\/comments?post=1974"}],"version-history":[{"count":1,"href":"https:\/\/blogdoedvaldomagalhaes.com.br\/index.php\/wp-json\/wp\/v2\/posts\/1974\/revisions"}],"predecessor-version":[{"id":32077,"href":"https:\/\/blogdoedvaldomagalhaes.com.br\/index.php\/wp-json\/wp\/v2\/posts\/1974\/revisions\/32077"}],"wp:attachment":[{"href":"https:\/\/blogdoedvaldomagalhaes.com.br\/index.php\/wp-json\/wp\/v2\/media?parent=1974"}],"wp:term":[{"taxonomy":"category","embeddable":true,"href":"https:\/\/blogdoedvaldomagalhaes.com.br\/index.php\/wp-json\/wp\/v2\/categories?post=1974"},{"taxonomy":"post_tag","embeddable":true,"href":"https:\/\/blogdoedvaldomagalhaes.com.br\/index.php\/wp-json\/wp\/v2\/tags?post=1974"}],"curies":[{"name":"wp","href":"https:\/\/api.w.org\/{rel}","templated":true}]}}