{"id":1973,"date":"2018-06-23T12:00:00","date_gmt":"2018-06-23T15:00:00","guid":{"rendered":"http:\/\/blogdoedvaldomagalhaes.com.br\/index.php\/2018\/06\/23\/100-quilos-de-bolo-barra-branca\/"},"modified":"2019-02-09T02:21:00","modified_gmt":"2019-02-09T04:21:00","slug":"100-quilos-de-bolo-barra-branca","status":"publish","type":"post","link":"https:\/\/blogdoedvaldomagalhaes.com.br\/index.php\/2018\/06\/23\/100-quilos-de-bolo-barra-branca\/","title":{"rendered":"100 quilos de bolo barra branca distribu\u00eddos em festa no S\u00e3o Jo\u00e3o de Caruaru"},"content":{"rendered":"<div class=\"separator\" style=\"clear: both; text-align: center;\">\n<a href=\"https:\/\/1.bp.blogspot.com\/-U3eHcdM2XXM\/Wy42SOEqDCI\/AAAAAAAA0Y8\/1f_UrtMJp9AjpoMogLZeF1UeB6-1wgefgCLcBGAs\/s1600\/bolo.jpg\" imageanchor=\"1\" style=\"margin-left: 1em; margin-right: 1em;\"><img loading=\"lazy\" decoding=\"async\" border=\"0\" data-original-height=\"375\" data-original-width=\"500\" height=\"480\" src=\"http:\/\/blogdoedvaldomagalhaes.com.br\/wp-content\/uploads\/2018\/06\/bolo-1.jpg\" width=\"640\" \/><\/a><\/div>\n<div class=\"separator\" style=\"clear: both; text-align: center;\">\nFoto: Marciano Jos\u00e9\/R\u00e1dio Liberdade<\/div>\n<div style=\"background-color: white; box-sizing: border-box; line-height: 24px; margin-bottom: 10px; text-align: justify;\">\n<\/div>\n<div style=\"background-color: white; box-sizing: border-box; line-height: 24px; margin-bottom: 10px; text-align: justify;\">\nSegue em Caruaru o Festival de Comidas Gigantes neste S\u00e3o Jo\u00e3o 2018. Na noite desta sexta-feira (22) aconteceu a festa do Bolo Barra Branca, na rua Deputado Torres Galv\u00e3o, bairro do Salgado.<\/div>\n<div style=\"background-color: white; box-sizing: border-box; line-height: 24px; margin-bottom: 10px; text-align: justify;\">\nFoi o segundo ano do evento, com v\u00e1rias atra\u00e7\u00f5es e distribui\u00e7\u00e3o de 100 quilos de bolo barra branca.<\/div>\n<div style=\"background-color: white; box-sizing: border-box; line-height: 24px; margin-bottom: 10px; text-align: justify;\">\nNeste S\u00e1bado (23), acontece a Mesa Junina, a partir das 18h, na Vila de Lajes, zona rural de Caruaru. O evento \u00e9 organizado pelo vereador Galego de Lajes e ter\u00e1 v\u00e1rias atra\u00e7\u00f5es.<\/div>\n<p><\/p>\n<div style=\"background-color: white; box-sizing: border-box; line-height: 24px; margin-bottom: 10px; text-align: justify;\">\n<\/div>\n<div style=\"background-color: white; box-sizing: border-box; line-height: 24px; margin-bottom: 10px; text-align: justify;\">\n<\/div>\n<div class=\"sharedaddy sd-sharing-enabled\" style=\"background-color: white; box-sizing: border-box; clear: both;\">\n<\/div>\n<p><\/p>\n<div style=\"-webkit-text-stroke-width: 0px; background-color: white; box-sizing: border-box; font-style: normal; font-variant-caps: normal; font-variant-ligatures: normal; font-weight: 400; letter-spacing: normal; line-height: 24px; margin: 0px 0px 10px; orphans: 2; text-align: justify; text-decoration-color: initial; text-decoration-style: initial; text-indent: 0px; text-transform: none; white-space: normal; widows: 2; word-spacing: 0px;\">\nNeste domingo (24), ser\u00e3o realizadas tr\u00eas festas de comidas gigantes. No Residencial Luiz Bezerra Torres, acontece a festa do Beiju, a partir das 15h; na rua Ant\u00f4nio Menino, bairro Divin\u00f3polis, Broa de Milho, \u00e0s 20h; e no bairro Santa Rosa, o Cozido de Milho, a partir das 15h.<\/div>\n<div style=\"-webkit-text-stroke-width: 0px; background-color: white; box-sizing: border-box; font-style: normal; font-variant-caps: normal; font-variant-ligatures: normal; font-weight: 400; letter-spacing: normal; line-height: 24px; margin: 0px 0px 10px; orphans: 2; text-align: justify; text-decoration-color: initial; text-decoration-style: initial; text-indent: 0px; text-transform: none; white-space: normal; widows: 2; word-spacing: 0px;\">\n<\/div>\n<div style=\"-webkit-text-stroke-width: 0px; background-color: white; box-sizing: border-box; font-style: normal; font-variant-caps: normal; font-variant-ligatures: normal; font-weight: 400; letter-spacing: normal; line-height: 24px; margin: 0px 0px 10px; orphans: 2; text-align: justify; text-decoration-color: initial; text-decoration-style: initial; text-indent: 0px; text-transform: none; white-space: normal; widows: 2; word-spacing: 0px;\">\nInforma\u00e7\u00f5es de Helenivaldo Pereira\/R\u00e1dio Liberdade.<\/div>\n","protected":false},"excerpt":{"rendered":"<p>Foto: Marciano Jos\u00e9\/R\u00e1dio Liberdade Segue em Caruaru o Festival de Comidas Gigantes neste S\u00e3o Jo\u00e3o 2018. Na noite desta sexta-feira&hellip;<\/p>\n","protected":false},"author":1,"featured_media":0,"comment_status":"open","ping_status":"open","sticky":false,"template":"","format":"standard","meta":{"footnotes":""},"categories":[1],"tags":[2041,2,6],"class_list":["post-1973","post","type-post","status-publish","format-standard","hentry","category-sem-categoria","tag-100-quilos-de-bolo-barra-branca-distribuidos-em-festa-no-sao-joao-de-caruaru","tag-blog-do-edvaldo-magalhaes","tag-noticias"],"_links":{"self":[{"href":"https:\/\/blogdoedvaldomagalhaes.com.br\/index.php\/wp-json\/wp\/v2\/posts\/1973","targetHints":{"allow":["GET"]}}],"collection":[{"href":"https:\/\/blogdoedvaldomagalhaes.com.br\/index.php\/wp-json\/wp\/v2\/posts"}],"about":[{"href":"https:\/\/blogdoedvaldomagalhaes.com.br\/index.php\/wp-json\/wp\/v2\/types\/post"}],"author":[{"embeddable":true,"href":"https:\/\/blogdoedvaldomagalhaes.com.br\/index.php\/wp-json\/wp\/v2\/users\/1"}],"replies":[{"embeddable":true,"href":"https:\/\/blogdoedvaldomagalhaes.com.br\/index.php\/wp-json\/wp\/v2\/comments?post=1973"}],"version-history":[{"count":1,"href":"https:\/\/blogdoedvaldomagalhaes.com.br\/index.php\/wp-json\/wp\/v2\/posts\/1973\/revisions"}],"predecessor-version":[{"id":32079,"href":"https:\/\/blogdoedvaldomagalhaes.com.br\/index.php\/wp-json\/wp\/v2\/posts\/1973\/revisions\/32079"}],"wp:attachment":[{"href":"https:\/\/blogdoedvaldomagalhaes.com.br\/index.php\/wp-json\/wp\/v2\/media?parent=1973"}],"wp:term":[{"taxonomy":"category","embeddable":true,"href":"https:\/\/blogdoedvaldomagalhaes.com.br\/index.php\/wp-json\/wp\/v2\/categories?post=1973"},{"taxonomy":"post_tag","embeddable":true,"href":"https:\/\/blogdoedvaldomagalhaes.com.br\/index.php\/wp-json\/wp\/v2\/tags?post=1973"}],"curies":[{"name":"wp","href":"https:\/\/api.w.org\/{rel}","templated":true}]}}