{"id":1972,"date":"2018-06-23T12:22:00","date_gmt":"2018-06-23T15:22:00","guid":{"rendered":"http:\/\/blogdoedvaldomagalhaes.com.br\/index.php\/2018\/06\/23\/marilia-arraes-e-teresa-leitao-visita\/"},"modified":"2019-02-09T02:21:00","modified_gmt":"2019-02-09T04:21:00","slug":"marilia-arraes-e-teresa-leitao-visita","status":"publish","type":"post","link":"https:\/\/blogdoedvaldomagalhaes.com.br\/index.php\/2018\/06\/23\/marilia-arraes-e-teresa-leitao-visita\/","title":{"rendered":"Mar\u00edlia Arraes e Teresa Leit\u00e3o visitam S\u00e3o Jo\u00e3o de Caruaru convidadas por Daniel Finizola"},"content":{"rendered":"<div style=\"text-align: justify;\">\n<div class=\"separator\" style=\"clear: both; text-align: center;\">\n<a href=\"https:\/\/2.bp.blogspot.com\/-P1x1YXfg_FE\/Wy47BT5WsfI\/AAAAAAAA0ZI\/Zy7Beqph6UIL_TAl61TOglsmcAVuCCprQCLcBGAs\/s1600\/IMG-20180623-WA0017.jpg\" imageanchor=\"1\" style=\"margin-left: 1em; margin-right: 1em;\"><img loading=\"lazy\" decoding=\"async\" border=\"0\" data-original-height=\"410\" data-original-width=\"748\" height=\"350\" src=\"http:\/\/blogdoedvaldomagalhaes.com.br\/wp-content\/uploads\/2018\/06\/IMG-20180623-WA0017.jpg\" width=\"640\" \/><\/a><\/div>\n<p><\/div>\n<div style=\"text-align: justify;\">\nA pr\u00e9-candidata ao governo de Pernambuco, Mar\u00edlia Arraes e a deputada estadual que disputar\u00e1 a reelei\u00e7\u00e3o em 2018, Teresa Leit\u00e3o, chegam em Caruaru na noite de hoje (23), para ver de perto o maior e melhor S\u00e3o Jo\u00e3o do mundo. Convidadas pelo vereador petista Daniel Finizola, far\u00e3o visitas \u00e0 espa\u00e7os da festa, como camarotes e polos onde acontecem eventos ligados a festa.<\/div>\n<div style=\"text-align: justify;\">\n<\/div>\n<div style=\"text-align: justify;\">\nMar\u00edlia, Teresa e Daniel tamb\u00e9m t\u00eam entrevistas marcadas com ve\u00edculos de comunica\u00e7\u00e3o da cidade.&nbsp;<\/div>\n<div style=\"text-align: justify;\">\n<\/div>\n<div style=\"text-align: justify;\">\n\u201c\u00c9 a coletividade que nos far\u00e1 avan\u00e7ar. Com Mar\u00edlia e Teresa vamos percorrer todo o estado e conversar com muita gente, apresentando nosso projeto pol\u00edtico e receber as companheiras aqui, nos enche de orgulho\u201d, disse Daniel Finizola.<\/div>\n","protected":false},"excerpt":{"rendered":"<p>A pr\u00e9-candidata ao governo de Pernambuco, Mar\u00edlia Arraes e a deputada estadual que disputar\u00e1 a reelei\u00e7\u00e3o em 2018, Teresa Leit\u00e3o,&hellip;<\/p>\n","protected":false},"author":1,"featured_media":0,"comment_status":"open","ping_status":"open","sticky":false,"template":"","format":"standard","meta":{"footnotes":""},"categories":[1],"tags":[2,20],"class_list":["post-1972","post","type-post","status-publish","format-standard","hentry","category-sem-categoria","tag-blog-do-edvaldo-magalhaes","tag-politica"],"_links":{"self":[{"href":"https:\/\/blogdoedvaldomagalhaes.com.br\/index.php\/wp-json\/wp\/v2\/posts\/1972","targetHints":{"allow":["GET"]}}],"collection":[{"href":"https:\/\/blogdoedvaldomagalhaes.com.br\/index.php\/wp-json\/wp\/v2\/posts"}],"about":[{"href":"https:\/\/blogdoedvaldomagalhaes.com.br\/index.php\/wp-json\/wp\/v2\/types\/post"}],"author":[{"embeddable":true,"href":"https:\/\/blogdoedvaldomagalhaes.com.br\/index.php\/wp-json\/wp\/v2\/users\/1"}],"replies":[{"embeddable":true,"href":"https:\/\/blogdoedvaldomagalhaes.com.br\/index.php\/wp-json\/wp\/v2\/comments?post=1972"}],"version-history":[{"count":1,"href":"https:\/\/blogdoedvaldomagalhaes.com.br\/index.php\/wp-json\/wp\/v2\/posts\/1972\/revisions"}],"predecessor-version":[{"id":32081,"href":"https:\/\/blogdoedvaldomagalhaes.com.br\/index.php\/wp-json\/wp\/v2\/posts\/1972\/revisions\/32081"}],"wp:attachment":[{"href":"https:\/\/blogdoedvaldomagalhaes.com.br\/index.php\/wp-json\/wp\/v2\/media?parent=1972"}],"wp:term":[{"taxonomy":"category","embeddable":true,"href":"https:\/\/blogdoedvaldomagalhaes.com.br\/index.php\/wp-json\/wp\/v2\/categories?post=1972"},{"taxonomy":"post_tag","embeddable":true,"href":"https:\/\/blogdoedvaldomagalhaes.com.br\/index.php\/wp-json\/wp\/v2\/tags?post=1972"}],"curies":[{"name":"wp","href":"https:\/\/api.w.org\/{rel}","templated":true}]}}