{"id":1970,"date":"2018-06-23T15:23:00","date_gmt":"2018-06-23T18:23:00","guid":{"rendered":"http:\/\/blogdoedvaldomagalhaes.com.br\/index.php\/2018\/06\/23\/leonardo-no-sao-joao-de-gravata-neste\/"},"modified":"2019-02-09T02:21:07","modified_gmt":"2019-02-09T04:21:07","slug":"leonardo-no-sao-joao-de-gravata-neste","status":"publish","type":"post","link":"https:\/\/blogdoedvaldomagalhaes.com.br\/index.php\/2018\/06\/23\/leonardo-no-sao-joao-de-gravata-neste\/","title":{"rendered":"Leonardo no s\u00e3o Jo\u00e3o de Gravat\u00e1 neste s\u00e1bado (23); Confira a programa\u00e7\u00e3o"},"content":{"rendered":"<div class=\"separator\" style=\"clear: both; text-align: center;\">\n<a href=\"https:\/\/2.bp.blogspot.com\/-iFgSx-gwxIs\/Wy5lVHx1jqI\/AAAAAAAA0Z0\/c3comq_fT7EwEag6UpPEEDr33BH0NweKACLcBGAs\/s1600\/elton%2Blima.jpg\" imageanchor=\"1\" style=\"margin-left: 1em; margin-right: 1em;\"><img loading=\"lazy\" decoding=\"async\" border=\"0\" data-original-height=\"410\" data-original-width=\"750\" height=\"348\" src=\"http:\/\/blogdoedvaldomagalhaes.com.br\/wp-content\/uploads\/2018\/06\/eltonlima.jpg\" width=\"640\" \/><\/a><\/div>\n<div class=\"separator\" style=\"clear: both; text-align: center;\">\nFoto: Elton Lima\/Divulga\u00e7\u00e3o<\/div>\n<div style=\"text-align: justify;\">\n<\/div>\n<div style=\"text-align: justify;\">\nConfira a programa\u00e7\u00e3o deste s\u00e1bado (23) no S\u00e3o Jo\u00e3o de Gravat\u00e1.<\/div>\n<div style=\"text-align: justify;\">\n<b><br \/><\/b><\/div>\n<div style=\"text-align: justify;\">\n<b>Polo P\u00e1tio de eventos Chucre Mussa Zarzar<\/b><\/div>\n<div style=\"text-align: justify;\">\nShows a partir das 20h<\/div>\n<div style=\"text-align: justify;\">\n<\/div>\n<div style=\"text-align: justify;\">\nBenil<\/div>\n<div style=\"text-align: justify;\">\nForr\u00f3 do Loir\u00e3o<\/div>\n<div style=\"text-align: justify;\">\nLeonardo<\/div>\n<div style=\"text-align: justify;\">\nBrucelose<\/div>\n<div style=\"text-align: justify;\">\n<\/div>\n<div style=\"text-align: justify;\">\n<b>Polo da Sanfona<\/b><\/div>\n<div style=\"text-align: justify;\">\nShows a partir das 19h<\/div>\n<div style=\"text-align: justify;\">\nMistura Brasileira<\/div>\n<div style=\"text-align: justify;\">\nOriginais do Forr\u00f3<\/div>\n<div style=\"text-align: justify;\">\nRodrigo Raposo<\/div>\n<div style=\"text-align: justify;\">\nJorge Silva<\/div>\n<div style=\"text-align: justify;\">\n<\/div>\n<div style=\"text-align: justify;\">\n<b>Cidade Cenogr\u00e1fica \u2013 Cultura Popular<\/b><\/div>\n<div style=\"text-align: justify;\">\nShows a partir das 18h<\/div>\n<div style=\"text-align: justify;\">\nGrupo ALMA<\/div>\n<div style=\"text-align: justify;\">\nAdriano Sena<\/div>\n<div style=\"text-align: justify;\">\nBacamarteiros<\/div>\n<div style=\"text-align: justify;\">\nTr\u00eas Matutos<\/div>\n<div style=\"text-align: justify;\">\nCarl\u00e3o Teatro Perna de pau<\/div>\n<div style=\"text-align: justify;\">\nOriginal P\u00ednfano<\/div>\n<div style=\"text-align: justify;\">\n<b><br \/><\/b><\/div>\n<div style=\"text-align: justify;\">\n<b>Polo Mercado Cultural&nbsp;<\/b><\/div>\n<div style=\"text-align: justify;\">\nShows a partir das 10h<\/div>\n<div style=\"text-align: justify;\">\nZ\u00e9 Lu\u00eds Amigo da Serra<\/div>\n<div style=\"text-align: justify;\">\nLuizinho de Gravat\u00e1<\/div>\n<div style=\"text-align: justify;\">\nMoura Rossi<\/div>\n","protected":false},"excerpt":{"rendered":"<p>Foto: Elton Lima\/Divulga\u00e7\u00e3o Confira a programa\u00e7\u00e3o deste s\u00e1bado (23) no S\u00e3o Jo\u00e3o de Gravat\u00e1. Polo P\u00e1tio de eventos Chucre Mussa&hellip;<\/p>\n","protected":false},"author":1,"featured_media":0,"comment_status":"open","ping_status":"open","sticky":false,"template":"","format":"standard","meta":{"footnotes":""},"categories":[1],"tags":[2,2039,6],"class_list":["post-1970","post","type-post","status-publish","format-standard","hentry","category-sem-categoria","tag-blog-do-edvaldo-magalhaes","tag-leonardo-no-sao-joao-de-gravata-neste-sabado-23-confira-a-programacao","tag-noticias"],"_links":{"self":[{"href":"https:\/\/blogdoedvaldomagalhaes.com.br\/index.php\/wp-json\/wp\/v2\/posts\/1970","targetHints":{"allow":["GET"]}}],"collection":[{"href":"https:\/\/blogdoedvaldomagalhaes.com.br\/index.php\/wp-json\/wp\/v2\/posts"}],"about":[{"href":"https:\/\/blogdoedvaldomagalhaes.com.br\/index.php\/wp-json\/wp\/v2\/types\/post"}],"author":[{"embeddable":true,"href":"https:\/\/blogdoedvaldomagalhaes.com.br\/index.php\/wp-json\/wp\/v2\/users\/1"}],"replies":[{"embeddable":true,"href":"https:\/\/blogdoedvaldomagalhaes.com.br\/index.php\/wp-json\/wp\/v2\/comments?post=1970"}],"version-history":[{"count":1,"href":"https:\/\/blogdoedvaldomagalhaes.com.br\/index.php\/wp-json\/wp\/v2\/posts\/1970\/revisions"}],"predecessor-version":[{"id":32087,"href":"https:\/\/blogdoedvaldomagalhaes.com.br\/index.php\/wp-json\/wp\/v2\/posts\/1970\/revisions\/32087"}],"wp:attachment":[{"href":"https:\/\/blogdoedvaldomagalhaes.com.br\/index.php\/wp-json\/wp\/v2\/media?parent=1970"}],"wp:term":[{"taxonomy":"category","embeddable":true,"href":"https:\/\/blogdoedvaldomagalhaes.com.br\/index.php\/wp-json\/wp\/v2\/categories?post=1970"},{"taxonomy":"post_tag","embeddable":true,"href":"https:\/\/blogdoedvaldomagalhaes.com.br\/index.php\/wp-json\/wp\/v2\/tags?post=1970"}],"curies":[{"name":"wp","href":"https:\/\/api.w.org\/{rel}","templated":true}]}}