{"id":1969,"date":"2018-06-23T15:35:00","date_gmt":"2018-06-23T18:35:00","guid":{"rendered":"http:\/\/blogdoedvaldomagalhaes.com.br\/index.php\/2018\/06\/23\/patio-de-eventos-de-caruaru-teve-forro\/"},"modified":"2019-02-09T02:21:08","modified_gmt":"2019-02-09T04:21:08","slug":"patio-de-eventos-de-caruaru-teve-forro","status":"publish","type":"post","link":"https:\/\/blogdoedvaldomagalhaes.com.br\/index.php\/2018\/06\/23\/patio-de-eventos-de-caruaru-teve-forro\/","title":{"rendered":"P\u00e1tio de Eventos de Caruaru teve forr\u00f3 estilizado, raiz e muito sertanejo nessa sexta (22)"},"content":{"rendered":"<div class=\"separator\" style=\"clear: both; text-align: center;\">\n<a href=\"https:\/\/4.bp.blogspot.com\/-k-3Rr14Mimc\/Wy5m_jt_AoI\/AAAAAAAA0aA\/Z7-70DBnIEM0iarikD3U96XDDzvG2v49QCLcBGAs\/s1600\/ess.jpg\" imageanchor=\"1\" style=\"margin-left: 1em; margin-right: 1em;\"><img loading=\"lazy\" decoding=\"async\" border=\"0\" data-original-height=\"853\" data-original-width=\"1280\" height=\"426\" src=\"http:\/\/blogdoedvaldomagalhaes.com.br\/wp-content\/uploads\/2018\/06\/ess.jpg\" width=\"640\" \/><\/a><\/div>\n<div class=\"separator\" style=\"clear: both; text-align: center;\">\nFotos: Renand Zovka\/Divulga\u00e7\u00e3o<\/div>\n<div style=\"text-align: justify;\">\n<\/div>\n<div style=\"text-align: justify;\">\nNessa noite de sexta-feira e antev\u00e9spera de S\u00e3o Jo\u00e3o, o p\u00fablico que compareceu ao Parque de Eventos p\u00f4de aproveitar de tudo que o polo tem para oferecer. Al\u00e9m das barracas de comidas t\u00edpicas juninas e restaurantes com card\u00e1pios gourmet, os forrozeiros aproveitaram ainda quatro shows pra l\u00e1 de especiais.&nbsp;<\/div>\n<div style=\"text-align: justify;\">\n<\/div>\n<div class=\"separator\" style=\"clear: both; text-align: center;\">\n<a href=\"https:\/\/3.bp.blogspot.com\/-6FsikWXQwAQ\/Wy5oAgFa-eI\/AAAAAAAA0ac\/xzjwHvEndHcdpW5s4NsaPWVhS5xM0hLewCLcBGAs\/s1600\/primeiro.jpg\" imageanchor=\"1\" style=\"margin-left: 1em; margin-right: 1em;\"><img loading=\"lazy\" decoding=\"async\" border=\"0\" data-original-height=\"853\" data-original-width=\"1280\" height=\"426\" src=\"http:\/\/blogdoedvaldomagalhaes.com.br\/wp-content\/uploads\/2018\/06\/primeiro.jpg\" width=\"640\" \/><\/a><\/div>\n<div style=\"text-align: justify;\">\n<\/div>\n<div style=\"text-align: justify;\">\nO artista conterr\u00e2neo Lucas Costa j\u00e1 est\u00e1 presente no Maior e Melhor S\u00e3o Jo\u00e3o do mundo h\u00e1 quatro anos. O cantor foi a primeira atra\u00e7\u00e3o a se apresentar e trouxe em seu repert\u00f3rio muito forr\u00f3 estilizado e sertanejo. O p\u00fablico que chegou cedo no P\u00e1tio de Eventos aproveitou cada segundo do show do artista.&nbsp;<\/div>\n<div style=\"text-align: justify;\">\n<\/div>\n<div class=\"separator\" style=\"clear: both; text-align: center;\">\n<a href=\"https:\/\/4.bp.blogspot.com\/-mv53k7Q4rSg\/Wy5nRJSSgNI\/AAAAAAAA0aI\/q6Nn5UoEc-IzvWRwYSrUzCBr757mxdvYgCLcBGAs\/s1600\/petrucio.jpg\" imageanchor=\"1\" style=\"margin-left: 1em; margin-right: 1em;\"><img loading=\"lazy\" decoding=\"async\" border=\"0\" data-original-height=\"853\" data-original-width=\"1280\" height=\"426\" src=\"http:\/\/blogdoedvaldomagalhaes.com.br\/wp-content\/uploads\/2018\/06\/petrucio.jpg\" width=\"640\" \/><\/a><\/div>\n<div style=\"text-align: justify;\">\n<\/div>\n<div style=\"text-align: justify;\">\nA segunda apresenta\u00e7\u00e3o ficou por conta de Petr\u00facio Amorim. Tamb\u00e9m conterr\u00e2neo, o artista mostrou o aut\u00eantico forr\u00f3 e cantou m\u00fasicas autorais e sucessos de outros cantores que ele se inspira. Durante a coletiva de imprensa, Petr\u00facio Amorim disse que \u00e9 um grande prazer e satisfa\u00e7\u00e3o cantar, mais uma vez, no palco do S\u00e3o Jo\u00e3o de Caruaru.&nbsp;<\/div>\n<div style=\"text-align: justify;\">\n<\/div>\n<div class=\"separator\" style=\"clear: both; text-align: center;\">\n<a href=\"https:\/\/4.bp.blogspot.com\/-CMtKdWn9Ybk\/Wy5nbMB7E9I\/AAAAAAAA0aM\/h9UVPF9cs4gFVuR7jEWWuPyt9KD5lGA2gCLcBGAs\/s1600\/doi.jpg\" imageanchor=\"1\" style=\"margin-left: 1em; margin-right: 1em;\"><img loading=\"lazy\" decoding=\"async\" border=\"0\" data-original-height=\"853\" data-original-width=\"1280\" height=\"426\" src=\"http:\/\/blogdoedvaldomagalhaes.com.br\/wp-content\/uploads\/2018\/06\/doi.jpg\" width=\"640\" \/><\/a><\/div>\n<div style=\"text-align: justify;\">\n<\/div>\n<div style=\"text-align: justify;\">\nUma das atra\u00e7\u00f5es mais aguardadas da noite, foi a dupla Matheus e Kauan. Os artistas colocaram os forrozeiros para cantar todos os grandes sucessos, que trouxeram em seu repert\u00f3rio muita \u201csofr\u00eancia\u201d tamb\u00e9m. Sucessos como: \u201cOitava Dose\u201d, \u201cAo Vivo e a Cores\u201d e \u201cT\u00f4 Com Moral no C\u00e9u\u201d, embalaram o p\u00fablico que foi prestigiar a apresenta\u00e7\u00e3o da dupla.<\/div>\n<div style=\"text-align: justify;\">\n<\/div>\n<div style=\"text-align: justify;\">\nOs cantores disseram que vir a Caruaru \u00e9 uma grande conquista para o sucesso da dupla, e que, se depender deles, vir\u00e3o mais vezes para o Maior e Melhor S\u00e3o Jo\u00e3o do Mundo. \u201cFazer parte desse S\u00e3o Jo\u00e3o \u00e9 um grande prazer, al\u00e9m de ser uma vitrine para os artistas. N\u00f3s ficamos muito felizes em participar dessa grande festa mais uma vez\u201d, finalizou Matheus.<\/div>\n<div style=\"text-align: justify;\">\n<\/div>\n<div class=\"separator\" style=\"clear: both; text-align: center;\">\n<a href=\"https:\/\/2.bp.blogspot.com\/-dQUm4EbJNmA\/Wy5n2Oh24uI\/AAAAAAAA0aY\/3EcMZGjoQog7LXJShWWvaF_6HG2U99rkgCLcBGAs\/s1600\/john.jpg\" imageanchor=\"1\" style=\"margin-left: 1em; margin-right: 1em;\"><img loading=\"lazy\" decoding=\"async\" border=\"0\" data-original-height=\"853\" data-original-width=\"1280\" height=\"426\" src=\"http:\/\/blogdoedvaldomagalhaes.com.br\/wp-content\/uploads\/2018\/06\/john.jpg\" width=\"640\" \/><\/a><\/div>\n<div style=\"text-align: justify;\">\n<\/div>\n<div style=\"text-align: justify;\">\nA \u00faltima apresenta\u00e7\u00e3o da noite ficou por conta de John Gera\u00e7\u00e3o. O p\u00fablico que ficou at\u00e9 o final, p\u00f4de aproveitar para dan\u00e7ar muito forr\u00f3 estilizado, funk e algumas m\u00fasicas eletr\u00f4nicas.&nbsp; O artista cantou os maiores sucessos que j\u00e1 est\u00e3o na ponta da l\u00edngua dos forrozeiros que vieram curtir a pen\u00faltima sexta-feira do per\u00edodo junino.&nbsp;<\/div>\n<div style=\"text-align: justify;\">\n<\/div>\n<div style=\"text-align: justify;\">\n<\/div>\n","protected":false},"excerpt":{"rendered":"<p>Fotos: Renand Zovka\/Divulga\u00e7\u00e3o Nessa noite de sexta-feira e antev\u00e9spera de S\u00e3o Jo\u00e3o, o p\u00fablico que compareceu ao Parque de Eventos&hellip;<\/p>\n","protected":false},"author":1,"featured_media":0,"comment_status":"open","ping_status":"open","sticky":false,"template":"","format":"standard","meta":{"footnotes":""},"categories":[1],"tags":[2,6,2037,2038],"class_list":["post-1969","post","type-post","status-publish","format-standard","hentry","category-sem-categoria","tag-blog-do-edvaldo-magalhaes","tag-noticias","tag-patio-de-eventos-de-caruaru-teve-forro-estilizado","tag-raiz-e-muito-sertanejo-nessa-sexta-22"],"_links":{"self":[{"href":"https:\/\/blogdoedvaldomagalhaes.com.br\/index.php\/wp-json\/wp\/v2\/posts\/1969","targetHints":{"allow":["GET"]}}],"collection":[{"href":"https:\/\/blogdoedvaldomagalhaes.com.br\/index.php\/wp-json\/wp\/v2\/posts"}],"about":[{"href":"https:\/\/blogdoedvaldomagalhaes.com.br\/index.php\/wp-json\/wp\/v2\/types\/post"}],"author":[{"embeddable":true,"href":"https:\/\/blogdoedvaldomagalhaes.com.br\/index.php\/wp-json\/wp\/v2\/users\/1"}],"replies":[{"embeddable":true,"href":"https:\/\/blogdoedvaldomagalhaes.com.br\/index.php\/wp-json\/wp\/v2\/comments?post=1969"}],"version-history":[{"count":1,"href":"https:\/\/blogdoedvaldomagalhaes.com.br\/index.php\/wp-json\/wp\/v2\/posts\/1969\/revisions"}],"predecessor-version":[{"id":32093,"href":"https:\/\/blogdoedvaldomagalhaes.com.br\/index.php\/wp-json\/wp\/v2\/posts\/1969\/revisions\/32093"}],"wp:attachment":[{"href":"https:\/\/blogdoedvaldomagalhaes.com.br\/index.php\/wp-json\/wp\/v2\/media?parent=1969"}],"wp:term":[{"taxonomy":"category","embeddable":true,"href":"https:\/\/blogdoedvaldomagalhaes.com.br\/index.php\/wp-json\/wp\/v2\/categories?post=1969"},{"taxonomy":"post_tag","embeddable":true,"href":"https:\/\/blogdoedvaldomagalhaes.com.br\/index.php\/wp-json\/wp\/v2\/tags?post=1969"}],"curies":[{"name":"wp","href":"https:\/\/api.w.org\/{rel}","templated":true}]}}