{"id":1968,"date":"2018-06-23T15:39:00","date_gmt":"2018-06-23T18:39:00","guid":{"rendered":"http:\/\/blogdoedvaldomagalhaes.com.br\/index.php\/2018\/06\/23\/publico-alternativo-celebra-programacao\/"},"modified":"2019-02-09T02:21:13","modified_gmt":"2019-02-09T04:21:13","slug":"publico-alternativo-celebra-programacao","status":"publish","type":"post","link":"https:\/\/blogdoedvaldomagalhaes.com.br\/index.php\/2018\/06\/23\/publico-alternativo-celebra-programacao\/","title":{"rendered":"P\u00fablico alternativo celebra programa\u00e7\u00e3o desta sexta-feira (22), no Polo Azul\u00e3o"},"content":{"rendered":"<div class=\"separator\" style=\"clear: both; text-align: center;\">\n<a href=\"https:\/\/4.bp.blogspot.com\/-InMafYHunzc\/Wy5phrovTbI\/AAAAAAAA0as\/JdELY_qEcPoPKNQz2fMBTA1HzZc7eow0QCLcBGAs\/s1600\/9.jpg\" imageanchor=\"1\" style=\"margin-left: 1em; margin-right: 1em;\"><img loading=\"lazy\" decoding=\"async\" border=\"0\" data-original-height=\"1064\" data-original-width=\"1600\" height=\"424\" src=\"http:\/\/blogdoedvaldomagalhaes.com.br\/wp-content\/uploads\/2018\/06\/9.jpg\" width=\"640\" \/><\/a><\/div>\n<div class=\"separator\" style=\"clear: both; text-align: center;\">\nFotos: Jana\u00edna Pepeu\/Divulga\u00e7\u00e3o<\/div>\n<div style=\"text-align: justify;\">\n<\/div>\n<div style=\"text-align: justify;\">\nO Polo Azul\u00e3o se despede, neste final de semana, dos turistas e caruaruenses e j\u00e1 vai deixando saudades. Nessa sexta-feira (22), a programa\u00e7\u00e3o diversificada deixou um gostinho de quero mais. Turistas e caruaruenses aproveitaram o momento e comemoraram a vit\u00f3ria do Brasil em cima da Costa Rica.<\/p>\n<\/div>\n<div style=\"text-align: justify;\">\n<div class=\"separator\" style=\"clear: both; text-align: center;\">\n<a href=\"https:\/\/4.bp.blogspot.com\/-6Q515wot8p8\/Wy5p2WCUn7I\/AAAAAAAA0a0\/Dt9wWluadOkOXn39FxMgWW7ABE8EX9M1ACLcBGAs\/s1600\/1.JPG\" imageanchor=\"1\" style=\"margin-left: 1em; margin-right: 1em;\"><img loading=\"lazy\" decoding=\"async\" border=\"0\" data-original-height=\"1064\" data-original-width=\"1600\" height=\"424\" src=\"http:\/\/blogdoedvaldomagalhaes.com.br\/wp-content\/uploads\/2018\/06\/1-23.jpg\" width=\"640\" \/><\/a><\/div>\n<p><\/div>\n<div style=\"text-align: justify;\">\nA noite come\u00e7ou com o show de Nika Macedo que misturou MPB com Coco de roda e colocou o p\u00fablico para dan\u00e7ar. Em seguida, a Banda de P\u00edfanos Z\u00e9 do Estado fez um resgate a cultura nordestina e emocionou a galera.<\/p>\n<\/div>\n<div style=\"text-align: justify;\">\n<div class=\"separator\" style=\"clear: both; text-align: center;\">\n<a href=\"https:\/\/4.bp.blogspot.com\/-dt1ktk4R-Rk\/Wy5p7ThbKlI\/AAAAAAAA0a4\/1r9EE_0-9-M2-0vt0tLGYUYuSlMZeWJpwCLcBGAs\/s1600\/2.JPG\" imageanchor=\"1\" style=\"margin-left: 1em; margin-right: 1em;\"><img loading=\"lazy\" decoding=\"async\" border=\"0\" data-original-height=\"1064\" data-original-width=\"1600\" height=\"424\" src=\"http:\/\/blogdoedvaldomagalhaes.com.br\/wp-content\/uploads\/2018\/06\/2-18.jpg\" width=\"640\" \/><\/a><\/div>\n<p><\/div>\n<div style=\"text-align: justify;\">\n\u201cMuito linda a apresenta\u00e7\u00e3o deles. Cultura pura e o melhor de tudo, sem apela\u00e7\u00e3o e sem falta de respeito com a m\u00fasica e com as fam\u00edlias que vieram prestigiar esse polo que \u00e9 sem d\u00favida, formado pela rapaziada pensante, tanto de Caruaru como tamb\u00e9m de outros munic\u00edpios, estados e at\u00e9 regi\u00f5es\u201d, garantiu a psic\u00f3loga Ana Claudia Lima.<\/p>\n<\/div>\n<div style=\"text-align: justify;\">\n<div class=\"separator\" style=\"clear: both; text-align: center;\">\n<a href=\"https:\/\/3.bp.blogspot.com\/-k-9X6pNG98A\/Wy5qB-cc3jI\/AAAAAAAA0a8\/uw6v2z_UFLA_fHxm0bD-zLPpWGjce7FtwCLcBGAs\/s1600\/3.JPG\" imageanchor=\"1\" style=\"margin-left: 1em; margin-right: 1em;\"><img loading=\"lazy\" decoding=\"async\" border=\"0\" data-original-height=\"1064\" data-original-width=\"1600\" height=\"424\" src=\"http:\/\/blogdoedvaldomagalhaes.com.br\/wp-content\/uploads\/2018\/06\/3-15.jpg\" width=\"640\" \/><\/a><\/div>\n<p><\/div>\n<div style=\"text-align: justify;\">\nO caruaruense Gabriel S\u00e1 subiu ao palco e apresentou um verdadeiro espet\u00e1culo de carisma e talento e chamou a aten\u00e7\u00e3o do p\u00fablico para o mal que a homofobia traz para a sociedade em geral. Durante o show, Gabriel homenageou v\u00edtimas da viol\u00eancia, a exemplo do colunista social Marcolino Junior, assassinado em 2016.<\/p>\n<\/div>\n<div style=\"text-align: justify;\">\n<div class=\"separator\" style=\"clear: both; text-align: center;\">\n<a href=\"https:\/\/3.bp.blogspot.com\/-M0Jcv-9DMCc\/Wy5qHz6dMiI\/AAAAAAAA0bA\/wxhgd7VgJA45CKP5F_TdWhFjWJmY762twCLcBGAs\/s1600\/4.JPG\" imageanchor=\"1\" style=\"margin-left: 1em; margin-right: 1em;\"><img loading=\"lazy\" decoding=\"async\" border=\"0\" data-original-height=\"1064\" data-original-width=\"1600\" height=\"424\" src=\"http:\/\/blogdoedvaldomagalhaes.com.br\/wp-content\/uploads\/2018\/06\/4-10.jpg\" width=\"640\" \/><\/a><\/div>\n<p><\/div>\n<div style=\"text-align: justify;\">\n\u201cParem de nos matar! Deixe-nos respirar, respeitem nossas op\u00e7\u00f5es. Hoje eu estou aqui defendendo esta causa, mas poderia ser eu a v\u00edtima dessa homofobia espantosa\u201d, exigiu o cantor.<\/p>\n<\/div>\n<div style=\"text-align: justify;\">\n<div class=\"separator\" style=\"clear: both; text-align: center;\">\n<a href=\"https:\/\/2.bp.blogspot.com\/-wqGxtivbhCg\/Wy5qNLNXK1I\/AAAAAAAA0bI\/Z4e1bmD15BcIrEbVApMhZxmKmucBr_oIwCLcBGAs\/s1600\/5.JPG\" imageanchor=\"1\" style=\"margin-left: 1em; margin-right: 1em;\"><img loading=\"lazy\" decoding=\"async\" border=\"0\" data-original-height=\"1064\" data-original-width=\"1600\" height=\"424\" src=\"http:\/\/blogdoedvaldomagalhaes.com.br\/wp-content\/uploads\/2018\/06\/5-4.jpg\" width=\"640\" \/><\/a><\/div>\n<p><\/div>\n<div style=\"text-align: justify;\">\n\u201cMotivos para comemorar n\u00e3o nos falta. A programa\u00e7\u00e3o de hoje \u00e9 uma das melhores do S\u00e3o Jo\u00e3o. \u00c9 um verdadeiro caldeir\u00e3o de m\u00fasicas de boa qualidade, a\u00ed voc\u00ea junta tudo isso aos 2 x 0 do Brasil contra a Costa Rica e a felicidade \u00e9 inevit\u00e1vel\u201d, celebrou o estudante Francisco Leonardo.<\/p>\n<\/div>\n<div style=\"text-align: justify;\">\n<div class=\"separator\" style=\"clear: both; text-align: center;\">\n<a href=\"https:\/\/2.bp.blogspot.com\/-zq0Z3_zJwag\/Wy5qTQkK1zI\/AAAAAAAA0bQ\/KzvgklMxIosTQZTYehZNWyVY5AaWIBXsgCLcBGAs\/s1600\/6.JPG\" imageanchor=\"1\" style=\"margin-left: 1em; margin-right: 1em;\"><img loading=\"lazy\" decoding=\"async\" border=\"0\" data-original-height=\"1065\" data-original-width=\"1600\" height=\"424\" src=\"http:\/\/blogdoedvaldomagalhaes.com.br\/wp-content\/uploads\/2018\/06\/6-1.jpg\" width=\"640\" \/><\/a><\/div>\n<p><\/div>\n<div style=\"text-align: justify;\">\nA atra\u00e7\u00e3o mais esperada da noite n\u00e3o deixou a desejar. Cordel do Fogo Encantado levou a galera a loucura durante o show cheio de anima\u00e7\u00e3o e poesia. A banda que havia encerrado as atividades em 2010, voltou com tudo e apresentou a o seu novo disco \u201cViagem ao Cora\u00e7\u00e3o do Sol\u201d, al\u00e9m disso, as m\u00fasicas que marcaram \u00e9poca tamb\u00e9m foram destacadas durante o show.<\/p>\n<\/div>\n<div style=\"text-align: justify;\">\n<div class=\"separator\" style=\"clear: both; text-align: center;\">\n<a href=\"https:\/\/2.bp.blogspot.com\/-kPFY7DOTmBI\/Wy5qZ9seJoI\/AAAAAAAA0bY\/Tebk7MSH3SI-d2Biu1ahs83_5bSRrxu1wCLcBGAs\/s1600\/7.jpg\" imageanchor=\"1\" style=\"margin-left: 1em; margin-right: 1em;\"><img loading=\"lazy\" decoding=\"async\" border=\"0\" data-original-height=\"1064\" data-original-width=\"1600\" height=\"424\" src=\"http:\/\/blogdoedvaldomagalhaes.com.br\/wp-content\/uploads\/2018\/06\/7-1.jpg\" width=\"640\" \/><\/a><\/div>\n<p><\/div>\n<div style=\"text-align: justify;\">\n\u201cCordel do Fogo Encantado \u00e9 conhecido internacionalmente, tanto com turn\u00eas pelo exterior, como tamb\u00e9m atrav\u00e9s do cinema pelas trilhas sonoras impetradas em filmes nacionais, a exemplo de \u201cDeus \u00e9 Brasileiro\u201d e \u201cLisbella e o Prisioneiro\u201d. Os caras s\u00e3o talentos\u00edssimos e n\u00f3s caruaruenses, temos o prazer de receb\u00ea-los aqui\u201d, garantiu o estudante Pedro Henrique Soares.<br \/>\n&nbsp;&nbsp;<\/div>\n<div style=\"text-align: justify;\">\n<div class=\"separator\" style=\"clear: both; text-align: center;\">\n<a href=\"https:\/\/2.bp.blogspot.com\/-T1X71jN5-IA\/Wy5qfpH8RTI\/AAAAAAAA0bg\/BcILZEc75Z0KE-t5Se7lgpw-HxrPyBkXwCLcBGAs\/s1600\/8.jpg\" imageanchor=\"1\" style=\"margin-left: 1em; margin-right: 1em;\"><img loading=\"lazy\" decoding=\"async\" border=\"0\" data-original-height=\"1064\" data-original-width=\"1600\" height=\"424\" src=\"http:\/\/blogdoedvaldomagalhaes.com.br\/wp-content\/uploads\/2018\/06\/8.jpg\" width=\"640\" \/><\/a><\/div>\n<p><\/div>\n<div style=\"text-align: justify;\">\nNeste s\u00e1bado (23), a partir das 20h, a festa continua no Polo Azul\u00e3o. Se apresentaram os cantores Morzart Vieira, Erisson Porto, Hebert Lucena &amp; Mel Nascimento, al\u00e9m tamb\u00e9m de Silv\u00e9rio Pessoa.<\/div>\n<div style=\"text-align: justify;\">\n<\/div>\n<div style=\"text-align: justify;\">\n<\/div>\n<div style=\"text-align: justify;\">\n<\/div>\n","protected":false},"excerpt":{"rendered":"<p>Fotos: Jana\u00edna Pepeu\/Divulga\u00e7\u00e3o O Polo Azul\u00e3o se despede, neste final de semana, dos turistas e caruaruenses e j\u00e1 vai deixando&hellip;<\/p>\n","protected":false},"author":1,"featured_media":0,"comment_status":"open","ping_status":"open","sticky":false,"template":"","format":"standard","meta":{"footnotes":""},"categories":[1],"tags":[2,2035,6,2036],"class_list":["post-1968","post","type-post","status-publish","format-standard","hentry","category-sem-categoria","tag-blog-do-edvaldo-magalhaes","tag-no-polo-azulao","tag-noticias","tag-publico-alternativo-celebra-programacao-desta-sexta-feira-22"],"_links":{"self":[{"href":"https:\/\/blogdoedvaldomagalhaes.com.br\/index.php\/wp-json\/wp\/v2\/posts\/1968","targetHints":{"allow":["GET"]}}],"collection":[{"href":"https:\/\/blogdoedvaldomagalhaes.com.br\/index.php\/wp-json\/wp\/v2\/posts"}],"about":[{"href":"https:\/\/blogdoedvaldomagalhaes.com.br\/index.php\/wp-json\/wp\/v2\/types\/post"}],"author":[{"embeddable":true,"href":"https:\/\/blogdoedvaldomagalhaes.com.br\/index.php\/wp-json\/wp\/v2\/users\/1"}],"replies":[{"embeddable":true,"href":"https:\/\/blogdoedvaldomagalhaes.com.br\/index.php\/wp-json\/wp\/v2\/comments?post=1968"}],"version-history":[{"count":1,"href":"https:\/\/blogdoedvaldomagalhaes.com.br\/index.php\/wp-json\/wp\/v2\/posts\/1968\/revisions"}],"predecessor-version":[{"id":32103,"href":"https:\/\/blogdoedvaldomagalhaes.com.br\/index.php\/wp-json\/wp\/v2\/posts\/1968\/revisions\/32103"}],"wp:attachment":[{"href":"https:\/\/blogdoedvaldomagalhaes.com.br\/index.php\/wp-json\/wp\/v2\/media?parent=1968"}],"wp:term":[{"taxonomy":"category","embeddable":true,"href":"https:\/\/blogdoedvaldomagalhaes.com.br\/index.php\/wp-json\/wp\/v2\/categories?post=1968"},{"taxonomy":"post_tag","embeddable":true,"href":"https:\/\/blogdoedvaldomagalhaes.com.br\/index.php\/wp-json\/wp\/v2\/tags?post=1968"}],"curies":[{"name":"wp","href":"https:\/\/api.w.org\/{rel}","templated":true}]}}