{"id":1967,"date":"2018-06-23T15:45:00","date_gmt":"2018-06-23T18:45:00","guid":{"rendered":"http:\/\/blogdoedvaldomagalhaes.com.br\/index.php\/2018\/06\/23\/sao-joao-multicultural-e-ressaltado-nos\/"},"modified":"2019-02-09T02:21:15","modified_gmt":"2019-02-09T04:21:15","slug":"sao-joao-multicultural-e-ressaltado-nos","status":"publish","type":"post","link":"https:\/\/blogdoedvaldomagalhaes.com.br\/index.php\/2018\/06\/23\/sao-joao-multicultural-e-ressaltado-nos\/","title":{"rendered":"S\u00e3o Jo\u00e3o Multicultural \u00e9 ressaltado nos polos Esta\u00e7\u00e3o Ferrovi\u00e1ria"},"content":{"rendered":"<div class=\"separator\" style=\"clear: both; text-align: center;\">\n<a href=\"https:\/\/4.bp.blogspot.com\/-a3e63Jibg6s\/Wy5q42xG6yI\/AAAAAAAA0bs\/2ljocK9SdiI26A-L1h13B_A5uulQbLL4ACLcBGAs\/s1600\/valdir.JPG\" imageanchor=\"1\" style=\"margin-left: 1em; margin-right: 1em;\"><img loading=\"lazy\" decoding=\"async\" border=\"0\" data-original-height=\"1065\" data-original-width=\"1600\" height=\"424\" src=\"http:\/\/blogdoedvaldomagalhaes.com.br\/wp-content\/uploads\/2018\/06\/valdir.jpg\" width=\"640\" \/><\/a><\/div>\n<div class=\"separator\" style=\"clear: both; text-align: center;\">\n<\/div>\n<div class=\"separator\" style=\"clear: both; text-align: justify;\">\nUma alternativa para quem quer curtir um S\u00e3o Jo\u00e3o tradicional \u00e9 a Esta\u00e7\u00e3o Ferrovi\u00e1ria que abriga os polos multiculturais que agradam todos os p\u00fablicos. Local de grande movimenta\u00e7\u00e3o e com uma programa\u00e7\u00e3o voltada para cultura e arte, a Esta\u00e7\u00e3o contemplou crian\u00e7as e adultos nessa sexta-feira (22).<\/div>\n<div class=\"separator\" style=\"clear: both; text-align: justify;\">\n<\/div>\n<div class=\"separator\" style=\"clear: both; text-align: justify;\">\nQuem veio prestigiar os polos de anima\u00e7\u00e3o, p\u00f4de conferir as apresenta\u00e7\u00f5es da Quadrilha Luz do Candeeiro, dos Pernas Pra Circular, al\u00e9m do Coletivo Il\u00ea Dandara e Ori Cia de Dan\u00e7a.<\/div>\n<div class=\"separator\" style=\"clear: both; text-align: justify;\">\n<\/div>\n<div class=\"separator\" style=\"clear: both; text-align: center;\">\n<a href=\"https:\/\/1.bp.blogspot.com\/-ibj5DGuxLwg\/Wy5rU1dVU6I\/AAAAAAAA0b0\/JGZXiZrZ2Pkik0h390J3lqXN19RPkybOgCLcBGAs\/s1600\/quadrilha.JPG\" imageanchor=\"1\" style=\"margin-left: 1em; margin-right: 1em;\"><img loading=\"lazy\" decoding=\"async\" border=\"0\" data-original-height=\"1065\" data-original-width=\"1600\" height=\"424\" src=\"http:\/\/blogdoedvaldomagalhaes.com.br\/wp-content\/uploads\/2018\/06\/quadrilha.jpg\" width=\"640\" \/><\/a><\/div>\n<div class=\"separator\" style=\"clear: both; text-align: justify;\">\n<\/div>\n<div class=\"separator\" style=\"clear: both; text-align: justify;\">\n\u201cTudo muito colorido e cheio de brilho. Todos os anos venho de Recife com a minha fam\u00edlia para vivenciar tudo isso. Esse local \u00e9 \u00edmpar, al\u00e9m de seguro e muito divertido. Salve o S\u00e3o Jo\u00e3o multicultural da capital do forr\u00f3\u201d, comemorou a comerciante Amanda Lima.<\/div>\n<div class=\"separator\" style=\"clear: both; text-align: justify;\">\n<\/div>\n<div class=\"separator\" style=\"clear: both; text-align: justify;\">\nNo Polo Juarez Santiago o forr\u00f3 comeu no centro, com os trios p\u00e9-de-serra Preto do Leite, Expressinho do Forr\u00f3, Vai Hoje e Fogo de Lenha, que fizeram a anima\u00e7\u00e3o dos forrozeiros.<\/div>\n<div class=\"separator\" style=\"clear: both; text-align: justify;\">\n<\/div>\n<div class=\"separator\" style=\"clear: both; text-align: justify;\">\n\u201cIsso \u00e9 que \u00e9 festa de verdade. Um resgate a cultura nordestina sem apela\u00e7\u00e3o e sem priorizar apenas cantores nacionais, dando prefer\u00eancia ao forr\u00f3 de raiz, a sanfona, o tri\u00e2ngulo e a zabumba. A Prefeitura est\u00e1 de parab\u00e9ns\u201d, exaltou o advogado Ramon Arraes.<\/div>\n<div class=\"separator\" style=\"clear: both; text-align: justify;\">\n<\/div>\n<div class=\"separator\" style=\"clear: both; text-align: center;\">\n<a href=\"https:\/\/1.bp.blogspot.com\/-WvxMAXkC4L0\/Wy5reO6O8EI\/AAAAAAAA0b4\/lUB3p3Dyd5c8hmkripfi4ldU1K1ladTfQCEwYBhgL\/s1600\/n%2Bsei.JPG\" imageanchor=\"1\" style=\"margin-left: 1em; margin-right: 1em;\"><img loading=\"lazy\" decoding=\"async\" border=\"0\" data-original-height=\"1065\" data-original-width=\"1600\" height=\"424\" src=\"http:\/\/blogdoedvaldomagalhaes.com.br\/wp-content\/uploads\/2018\/06\/nsei.jpg\" width=\"640\" \/><\/a><\/div>\n<div class=\"separator\" style=\"clear: both; text-align: justify;\">\n<\/div>\n<div class=\"separator\" style=\"clear: both; text-align: justify;\">\nA rima e a m\u00e9trica tamb\u00e9m fizeram parte do grande arraial. O Polo do Repente destacou a cultura e deu vida a muita poesia com as apresenta\u00e7\u00e3o dos declamadores Rog\u00e9rio Menezes, Jo\u00e3o Bosco Paje\u00fa, Edezel Pereira e Edvaldo Zuzu.<\/div>\n<div class=\"separator\" style=\"clear: both; text-align: justify;\">\n<\/div>\n<div class=\"separator\" style=\"clear: both; text-align: justify;\">\n\u201cO destaque para a riqueza da cultura popular \u00e9 o diferencial dos festejos juninos de Caruaru. O repente \u00e9 o resgate da hist\u00f3ria viva do povo nordestino e ouvir, ver e participar \u00e9 no m\u00ednimo emocionante\u201d, lembrou o aposentado Ant\u00f4nio Marinho.&nbsp;<\/div>\n<div class=\"separator\" style=\"clear: both; text-align: justify;\">\n<\/div>\n<div class=\"separator\" style=\"clear: both; text-align: justify;\">\nAinda para os amantes do forr\u00f3, a Casa do Forr\u00f3 contou com o show de Waldir Santos e convidados.<\/div>\n<div class=\"separator\" style=\"clear: both; text-align: justify;\">\n<\/div>\n<div class=\"separator\" style=\"clear: both; text-align: justify;\">\n\u201cEsse espa\u00e7o me lembra o que h\u00e1 vinte, ou trinta anos, n\u00f3s cham\u00e1vamos de baile. Um lugar onde pod\u00edamos dan\u00e7ar agarradinhos e sem maldade, vivendo apenas o prazer de dan\u00e7ar e de curtir com o seu parceiro ou parceira. Muito bom\u201d, lembrou a cabeleira Helena Matias.<\/div>\n<div class=\"separator\" style=\"clear: both; text-align: justify;\">\n<\/div>\n<div class=\"separator\" style=\"clear: both; text-align: justify;\">\n<\/div>\n","protected":false},"excerpt":{"rendered":"<p>Uma alternativa para quem quer curtir um S\u00e3o Jo\u00e3o tradicional \u00e9 a Esta\u00e7\u00e3o Ferrovi\u00e1ria que abriga os polos multiculturais que&hellip;<\/p>\n","protected":false},"author":1,"featured_media":0,"comment_status":"open","ping_status":"open","sticky":false,"template":"","format":"standard","meta":{"footnotes":""},"categories":[1],"tags":[2,6,2034],"class_list":["post-1967","post","type-post","status-publish","format-standard","hentry","category-sem-categoria","tag-blog-do-edvaldo-magalhaes","tag-noticias","tag-sao-joao-multicultural-e-ressaltado-nos-polos-estacao-ferroviaria"],"_links":{"self":[{"href":"https:\/\/blogdoedvaldomagalhaes.com.br\/index.php\/wp-json\/wp\/v2\/posts\/1967","targetHints":{"allow":["GET"]}}],"collection":[{"href":"https:\/\/blogdoedvaldomagalhaes.com.br\/index.php\/wp-json\/wp\/v2\/posts"}],"about":[{"href":"https:\/\/blogdoedvaldomagalhaes.com.br\/index.php\/wp-json\/wp\/v2\/types\/post"}],"author":[{"embeddable":true,"href":"https:\/\/blogdoedvaldomagalhaes.com.br\/index.php\/wp-json\/wp\/v2\/users\/1"}],"replies":[{"embeddable":true,"href":"https:\/\/blogdoedvaldomagalhaes.com.br\/index.php\/wp-json\/wp\/v2\/comments?post=1967"}],"version-history":[{"count":1,"href":"https:\/\/blogdoedvaldomagalhaes.com.br\/index.php\/wp-json\/wp\/v2\/posts\/1967\/revisions"}],"predecessor-version":[{"id":32107,"href":"https:\/\/blogdoedvaldomagalhaes.com.br\/index.php\/wp-json\/wp\/v2\/posts\/1967\/revisions\/32107"}],"wp:attachment":[{"href":"https:\/\/blogdoedvaldomagalhaes.com.br\/index.php\/wp-json\/wp\/v2\/media?parent=1967"}],"wp:term":[{"taxonomy":"category","embeddable":true,"href":"https:\/\/blogdoedvaldomagalhaes.com.br\/index.php\/wp-json\/wp\/v2\/categories?post=1967"},{"taxonomy":"post_tag","embeddable":true,"href":"https:\/\/blogdoedvaldomagalhaes.com.br\/index.php\/wp-json\/wp\/v2\/tags?post=1967"}],"curies":[{"name":"wp","href":"https:\/\/api.w.org\/{rel}","templated":true}]}}