{"id":1965,"date":"2018-06-23T16:20:00","date_gmt":"2018-06-23T19:20:00","guid":{"rendered":"http:\/\/blogdoedvaldomagalhaes.com.br\/index.php\/2018\/06\/23\/sindloja-orienta-lojistas-sobre\/"},"modified":"2019-02-09T02:21:16","modified_gmt":"2019-02-09T04:21:16","slug":"sindloja-orienta-lojistas-sobre","status":"publish","type":"post","link":"https:\/\/blogdoedvaldomagalhaes.com.br\/index.php\/2018\/06\/23\/sindloja-orienta-lojistas-sobre\/","title":{"rendered":"Sindloja orienta lojistas sobre abertura do com\u00e9rcio de Caruaru nos dias 24 e 29 de junho"},"content":{"rendered":"<div class=\"separator\" style=\"clear: both; text-align: center;\">\n<a href=\"https:\/\/1.bp.blogspot.com\/-LoNqIgq0XsI\/Wy5zMtXbzRI\/AAAAAAAA0cU\/tJdGoux_UH4Q3X116V9r8qFExVe0smusQCLcBGAs\/s1600\/karl%25C3%25A7la.jpg\" imageanchor=\"1\" style=\"margin-left: 1em; margin-right: 1em;\"><img loading=\"lazy\" decoding=\"async\" border=\"0\" data-original-height=\"576\" data-original-width=\"1024\" height=\"354\" src=\"http:\/\/blogdoedvaldomagalhaes.com.br\/wp-content\/uploads\/2018\/06\/karlC3A7la.jpg\" width=\"640\" \/><\/a><\/div>\n<div class=\"separator\" style=\"clear: both; text-align: center;\">\nFoto do com\u00e9rcio de Caruaru: Karlla Oliveira\/R\u00e1dio Liberdade<\/div>\n<div style=\"text-align: justify;\">\n<\/div>\n<div style=\"text-align: justify;\">\nO Sindloja informa que nos dias 24 e 29 de junho, feriados municipais de S\u00e3o Jo\u00e3o e S\u00e3o Pedro, respectivamente, conforme decreto das leis municipais n\u00ba 2.959 e n\u00ba 3.564, o com\u00e9rcio tradicional estar\u00e1 fechado, mas as lojas dos centros comerciais de vendas poder\u00e3o abrir normalmente.<\/div>\n<div style=\"text-align: justify;\">\n<\/div>\n<div style=\"text-align: justify;\">\nPara tanto, para funcionar no dia 29, o lojista dever\u00e1 fazer a solicita\u00e7\u00e3o at\u00e9 o dia 26 de junho, ao Sindloja e ao Sindecc, enviando comunicado contendo a rela\u00e7\u00e3o dos empregados que ir\u00e3o trabalhar no feriado, acompanhando as datas das respectivas folgas contempladas no prazo de 30 dias. Para o dia 24, a empresa dever\u00e1 conceder duas folgas ao empregado que trabalhar neste dia, pois ser\u00e3o correspondentes ao domingo e ao feriado. Os funcion\u00e1rios que trabalharem no feriado ter\u00e3o ajuda de custo no valor m\u00ednimo de R$ 45. O prazo para solicitar autoriza\u00e7\u00e3o de abrir no dia 24 foi encerrado nesta quinta-feira, dia 21.<\/div>\n<div style=\"text-align: justify;\">\n<\/div>\n<div style=\"text-align: justify;\">\n\u00c9 importante lembrar que nos dias 23 e 28 de junho o com\u00e9rcio e os centros de compras funcionar\u00e3o normalmente.<\/div>\n<div style=\"text-align: justify;\">\n<\/div>\n<div style=\"text-align: justify;\">\nA abertura do com\u00e9rcio varejista est\u00e1 prevista na Convec\u00e7\u00e3o Coletiva do Trabalho e na lei \u00ba n\u00ba 11.603\/2007.<\/div>\n<div style=\"text-align: justify;\">\n<\/div>\n<div style=\"text-align: justify;\">\nO Sindloja Caruaru disponibiliza, atrav\u00e9s do seu site www.sindloja.com.br, o formul\u00e1rio para preenchimento dos dados obrigat\u00f3rios. A entidade funciona em hor\u00e1rio comercial, das 8h \u00e0s 12h e das 14h \u00e0s 18h, na Avenida Le\u00e3o Dourado, n\u00b051, A, S\u00e3o Francisco, Caruaru.<\/div>\n<div style=\"text-align: justify;\">\n<\/div>\n<div style=\"text-align: justify;\">\n<\/div>\n","protected":false},"excerpt":{"rendered":"<p>Foto do com\u00e9rcio de Caruaru: Karlla Oliveira\/R\u00e1dio Liberdade O Sindloja informa que nos dias 24 e 29 de junho, feriados&hellip;<\/p>\n","protected":false},"author":1,"featured_media":0,"comment_status":"open","ping_status":"open","sticky":false,"template":"","format":"standard","meta":{"footnotes":""},"categories":[1],"tags":[2,2028,6,2029],"class_list":["post-1965","post","type-post","status-publish","format-standard","hentry","category-sem-categoria","tag-blog-do-edvaldo-magalhaes","tag-marcilio-sales","tag-noticias","tag-sindloja-orienta-lojistas-sobre-abertura-do-comercio-de-caruaru-nos-dias-24-e-29-de-junho"],"_links":{"self":[{"href":"https:\/\/blogdoedvaldomagalhaes.com.br\/index.php\/wp-json\/wp\/v2\/posts\/1965","targetHints":{"allow":["GET"]}}],"collection":[{"href":"https:\/\/blogdoedvaldomagalhaes.com.br\/index.php\/wp-json\/wp\/v2\/posts"}],"about":[{"href":"https:\/\/blogdoedvaldomagalhaes.com.br\/index.php\/wp-json\/wp\/v2\/types\/post"}],"author":[{"embeddable":true,"href":"https:\/\/blogdoedvaldomagalhaes.com.br\/index.php\/wp-json\/wp\/v2\/users\/1"}],"replies":[{"embeddable":true,"href":"https:\/\/blogdoedvaldomagalhaes.com.br\/index.php\/wp-json\/wp\/v2\/comments?post=1965"}],"version-history":[{"count":1,"href":"https:\/\/blogdoedvaldomagalhaes.com.br\/index.php\/wp-json\/wp\/v2\/posts\/1965\/revisions"}],"predecessor-version":[{"id":32111,"href":"https:\/\/blogdoedvaldomagalhaes.com.br\/index.php\/wp-json\/wp\/v2\/posts\/1965\/revisions\/32111"}],"wp:attachment":[{"href":"https:\/\/blogdoedvaldomagalhaes.com.br\/index.php\/wp-json\/wp\/v2\/media?parent=1965"}],"wp:term":[{"taxonomy":"category","embeddable":true,"href":"https:\/\/blogdoedvaldomagalhaes.com.br\/index.php\/wp-json\/wp\/v2\/categories?post=1965"},{"taxonomy":"post_tag","embeddable":true,"href":"https:\/\/blogdoedvaldomagalhaes.com.br\/index.php\/wp-json\/wp\/v2\/tags?post=1965"}],"curies":[{"name":"wp","href":"https:\/\/api.w.org\/{rel}","templated":true}]}}