{"id":1964,"date":"2018-06-23T17:53:00","date_gmt":"2018-06-23T20:53:00","guid":{"rendered":"http:\/\/blogdoedvaldomagalhaes.com.br\/index.php\/2018\/06\/23\/acao-social-sobre-prevencao-da-saude-no\/"},"modified":"2019-02-09T02:21:23","modified_gmt":"2019-02-09T04:21:23","slug":"acao-social-sobre-prevencao-da-saude-no","status":"publish","type":"post","link":"https:\/\/blogdoedvaldomagalhaes.com.br\/index.php\/2018\/06\/23\/acao-social-sobre-prevencao-da-saude-no\/","title":{"rendered":"A\u00e7\u00e3o Social sobre preven\u00e7\u00e3o da sa\u00fade no Sintracon e Arraial da UP Caruaru"},"content":{"rendered":"<div class=\"separator\" style=\"clear: both; text-align: center;\">\n<a href=\"https:\/\/1.bp.blogspot.com\/--vNjDuW5ogs\/Wy6I9TF2dVI\/AAAAAAAA0ck\/LNnJMhIQqXAOfuH6MN6dkA-jGDeilmjhQCLcBGAs\/s1600\/sintracon.jpg\" imageanchor=\"1\" style=\"margin-left: 1em; margin-right: 1em;\"><img loading=\"lazy\" decoding=\"async\" border=\"0\" data-original-height=\"719\" data-original-width=\"960\" height=\"474\" src=\"http:\/\/blogdoedvaldomagalhaes.com.br\/wp-content\/uploads\/2018\/06\/sintracon.jpg\" width=\"640\" \/><\/a><\/div>\n<p><\/p>\n<div class=\"separator\" style=\"clear: both; text-align: center;\">\n<a href=\"https:\/\/3.bp.blogspot.com\/-aRqKz6pz-Vs\/Wy6JdIGJaoI\/AAAAAAAA0cs\/EGqvNm8iiFANK_uUgI4qLrx-q4wbey5AQCLcBGAs\/s1600\/IMG-20180623-WA0095.jpg\" imageanchor=\"1\" style=\"margin-left: 1em; margin-right: 1em;\"><img loading=\"lazy\" decoding=\"async\" border=\"0\" data-original-height=\"780\" data-original-width=\"1040\" height=\"480\" src=\"http:\/\/blogdoedvaldomagalhaes.com.br\/wp-content\/uploads\/2018\/06\/IMG-20180623-WA0095.jpg\" width=\"640\" \/><\/a><\/div>\n<p><\/p>\n<div class=\"separator\" style=\"clear: both; text-align: center;\">\n<a href=\"https:\/\/4.bp.blogspot.com\/-RkddlxD2VrU\/Wy6JgAyiQkI\/AAAAAAAA0cw\/5OaZm_vaxkIIYEWWrKghFWAwx8gZXhnOACLcBGAs\/s1600\/IMG-20180623-WA0092.jpg\" imageanchor=\"1\" style=\"margin-left: 1em; margin-right: 1em;\"><img loading=\"lazy\" decoding=\"async\" border=\"0\" data-original-height=\"780\" data-original-width=\"1040\" height=\"480\" src=\"http:\/\/blogdoedvaldomagalhaes.com.br\/wp-content\/uploads\/2018\/06\/IMG-20180623-WA0092.jpg\" width=\"640\" \/><\/a><\/div>\n<div class=\"separator\" style=\"clear: both; text-align: center;\">\n<\/div>\n<p><\/p>\n<div class=\"separator\" style=\"clear: both; text-align: center;\">\n<a href=\"https:\/\/3.bp.blogspot.com\/-nBkVeUNROtE\/Wy6JmoKU83I\/AAAAAAAA0c4\/FRYVrsU9M2ANVRwoprdWHdkQ1a3kIFfbgCLcBGAs\/s1600\/IMG-20180623-WA0094.jpg\" imageanchor=\"1\" style=\"margin-left: 1em; margin-right: 1em;\"><img loading=\"lazy\" decoding=\"async\" border=\"0\" data-original-height=\"780\" data-original-width=\"1040\" height=\"480\" src=\"http:\/\/blogdoedvaldomagalhaes.com.br\/wp-content\/uploads\/2018\/06\/IMG-20180623-WA0094.jpg\" width=\"640\" \/><\/a><\/div>\n<p><\/p>\n<div class=\"separator\" style=\"clear: both; text-align: center;\">\n<a href=\"https:\/\/2.bp.blogspot.com\/-Jx1vY0xuRHo\/Wy6JpAKi0mI\/AAAAAAAA0c8\/yluTAdSAC4cEW1Dh_HymyzXMtNifE8kBQCLcBGAs\/s1600\/IMG-20180623-WA0091.jpg\" imageanchor=\"1\" style=\"margin-left: 1em; margin-right: 1em;\"><img loading=\"lazy\" decoding=\"async\" border=\"0\" data-original-height=\"720\" data-original-width=\"1280\" height=\"360\" src=\"http:\/\/blogdoedvaldomagalhaes.com.br\/wp-content\/uploads\/2018\/06\/IMG-20180623-WA0091.jpg\" width=\"640\" \/><\/a><\/div>\n<p><\/p>\n<div class=\"separator\" style=\"clear: both; text-align: center;\">\n<a href=\"https:\/\/1.bp.blogspot.com\/-MvFkyCSUwJk\/Wy6JtftgAYI\/AAAAAAAA0dE\/luK-GjhYhBAEqYeNedykPo3p1E69Wzk3gCLcBGAs\/s1600\/IMG-20180623-WA0090.jpg\" imageanchor=\"1\" style=\"margin-left: 1em; margin-right: 1em;\"><img loading=\"lazy\" decoding=\"async\" border=\"0\" data-original-height=\"780\" data-original-width=\"1040\" height=\"480\" src=\"http:\/\/blogdoedvaldomagalhaes.com.br\/wp-content\/uploads\/2018\/06\/IMG-20180623-WA0090.jpg\" width=\"640\" \/><\/a><\/div>\n<p><\/p>\n<div class=\"separator\" style=\"clear: both; text-align: center;\">\n<a href=\"https:\/\/2.bp.blogspot.com\/-sxIkfJw5Gd4\/Wy6JwFfgcnI\/AAAAAAAA0dI\/QeO3gCmasuwre29kR3g4sYPwCKtQ4VP0wCLcBGAs\/s1600\/IMG-20180623-WA0081.jpg\" imageanchor=\"1\" style=\"margin-left: 1em; margin-right: 1em;\"><img loading=\"lazy\" decoding=\"async\" border=\"0\" data-original-height=\"780\" data-original-width=\"1040\" height=\"480\" src=\"http:\/\/blogdoedvaldomagalhaes.com.br\/wp-content\/uploads\/2018\/06\/IMG-20180623-WA0081.jpg\" width=\"640\" \/><\/a><\/div>\n<p><\/p>\n<div class=\"separator\" style=\"clear: both; text-align: center;\">\n<a href=\"https:\/\/2.bp.blogspot.com\/-q8-HNQYBS84\/Wy6KBvDMwJI\/AAAAAAAA0dg\/1E17OpW7NJ4PA7t45qoUep3ZY695tof1gCLcBGAs\/s1600\/IMG-20180623-WA0082.jpg\" imageanchor=\"1\" style=\"margin-left: 1em; margin-right: 1em;\"><img loading=\"lazy\" decoding=\"async\" border=\"0\" data-original-height=\"780\" data-original-width=\"1040\" height=\"480\" src=\"http:\/\/blogdoedvaldomagalhaes.com.br\/wp-content\/uploads\/2018\/06\/IMG-20180623-WA0082.jpg\" width=\"640\" \/><\/a><\/div>\n<p><\/p>\n<div class=\"separator\" style=\"clear: both; text-align: center;\">\n<a href=\"https:\/\/3.bp.blogspot.com\/-nGa6dZVeh28\/Wy6KF5rv7AI\/AAAAAAAA0dk\/5TXh_buX6YsdqWS-ow83_FkZfoPaTpmRwCLcBGAs\/s1600\/IMG-20180623-WA0083.jpg\" imageanchor=\"1\" style=\"margin-left: 1em; margin-right: 1em;\"><img loading=\"lazy\" decoding=\"async\" border=\"0\" data-original-height=\"780\" data-original-width=\"1040\" height=\"480\" src=\"http:\/\/blogdoedvaldomagalhaes.com.br\/wp-content\/uploads\/2018\/06\/IMG-20180623-WA0083.jpg\" width=\"640\" \/><\/a><\/div>\n<p><\/p>\n<div class=\"separator\" style=\"clear: both; text-align: center;\">\n<a href=\"https:\/\/3.bp.blogspot.com\/-oXfpDrn5ZGs\/Wy6KKHe3FrI\/AAAAAAAA0do\/bdDJpM9SilEp8zOniG2DVpDPXkirKJSgQCLcBGAs\/s1600\/IMG-20180623-WA0084.jpg\" imageanchor=\"1\" style=\"margin-left: 1em; margin-right: 1em;\"><img loading=\"lazy\" decoding=\"async\" border=\"0\" data-original-height=\"780\" data-original-width=\"1040\" height=\"480\" src=\"http:\/\/blogdoedvaldomagalhaes.com.br\/wp-content\/uploads\/2018\/06\/IMG-20180623-WA0084.jpg\" width=\"640\" \/><\/a><\/div>\n<p><\/p>\n<div class=\"separator\" style=\"clear: both; text-align: center;\">\n<a href=\"https:\/\/3.bp.blogspot.com\/-noQHMQahNMY\/Wy6KT26wuCI\/AAAAAAAA0dw\/a-RnTXOMLWEnDQ-x4bEx1xLYXG9x72rwgCLcBGAs\/s1600\/IMG-20180623-WA0087.jpg\" imageanchor=\"1\" style=\"margin-left: 1em; margin-right: 1em;\"><img loading=\"lazy\" decoding=\"async\" border=\"0\" data-original-height=\"780\" data-original-width=\"1040\" height=\"480\" src=\"http:\/\/blogdoedvaldomagalhaes.com.br\/wp-content\/uploads\/2018\/06\/IMG-20180623-WA0087.jpg\" width=\"640\" \/><\/a><\/div>\n<p><\/p>\n<div class=\"separator\" style=\"clear: both; text-align: center;\">\n<a href=\"https:\/\/3.bp.blogspot.com\/-Wm2WZGsZS24\/Wy6KcFqylgI\/AAAAAAAA0d8\/mjA--noD7b8LMzB3w2GTm3uXxBFtHtKcQCLcBGAs\/s1600\/IMG-20180623-WA0080.jpg\" imageanchor=\"1\" style=\"margin-left: 1em; margin-right: 1em;\"><img loading=\"lazy\" decoding=\"async\" border=\"0\" data-original-height=\"780\" data-original-width=\"1040\" height=\"480\" src=\"http:\/\/blogdoedvaldomagalhaes.com.br\/wp-content\/uploads\/2018\/06\/IMG-20180623-WA0080.jpg\" width=\"640\" \/><\/a><\/div>\n<p><\/p>\n<div class=\"separator\" style=\"clear: both; text-align: center;\">\n<a href=\"https:\/\/2.bp.blogspot.com\/-N1C25W8VeSM\/Wy6KjpDMoiI\/AAAAAAAA0eA\/K9Q1gx9oLjgWRrZQOKt_NhbYzj7cRmefgCLcBGAs\/s1600\/IMG-20180623-WA0088.jpg\" imageanchor=\"1\" style=\"margin-left: 1em; margin-right: 1em;\"><img loading=\"lazy\" decoding=\"async\" border=\"0\" data-original-height=\"780\" data-original-width=\"1040\" height=\"480\" src=\"http:\/\/blogdoedvaldomagalhaes.com.br\/wp-content\/uploads\/2018\/06\/IMG-20180623-WA0088.jpg\" width=\"640\" \/><\/a><\/div>\n<p><\/p>\n<div style=\"text-align: justify;\">\nO Sindicato dos Trabalhadores na Ind\u00fastria da Constru\u00e7\u00e3o Civil de Caruaru &#8211; Sintracon, localizado na rua rua Afonso Celso, no bairro S\u00e3o Francisco, teve uma quinta-feira (21) bastante movimentada com uma A\u00e7\u00e3o Social sobre preven\u00e7\u00e3o da sa\u00fade durante o dia, e \u00e0 noite foi realizado o Arraial da Unidade Popular &#8211; UP. Com as participa\u00e7\u00f5es do Sintracon, Sindlimp, MLB, UESC, Frente Popular Brasil, vereador Daniel Lula Finizola, e v\u00e1rios professores.&nbsp;&nbsp;<\/p>\n<p><\/p>\n<div class=\"separator\" style=\"clear: both; text-align: center;\">\n<a href=\"https:\/\/3.bp.blogspot.com\/-TExSHs5e8KQ\/Wy6M6kpZlFI\/AAAAAAAA0eU\/4TBNyJv7AjozEtvLWSulQygWWwyVLXTsgCLcBGAs\/s1600\/IMG-20180623-WA0096.jpg\" imageanchor=\"1\" style=\"margin-left: 1em; margin-right: 1em;\"><img loading=\"lazy\" decoding=\"async\" border=\"0\" data-original-height=\"720\" data-original-width=\"1280\" height=\"360\" src=\"http:\/\/blogdoedvaldomagalhaes.com.br\/wp-content\/uploads\/2018\/06\/IMG-20180623-WA0096.jpg\" width=\"640\" \/><\/a><\/div>\n<p><\/p>\n<div class=\"separator\" style=\"clear: both; text-align: center;\">\n<a href=\"https:\/\/3.bp.blogspot.com\/-Pzvzxm0Z5_4\/Wy6ND2hcM0I\/AAAAAAAA0ec\/14PYz7aY80Mqxi9I6L8NWUoPcsZmS4atQCLcBGAs\/s1600\/IMG-20180623-WA0085.jpg\" imageanchor=\"1\" style=\"margin-left: 1em; margin-right: 1em;\"><img loading=\"lazy\" decoding=\"async\" border=\"0\" data-original-height=\"780\" data-original-width=\"1040\" height=\"480\" src=\"http:\/\/blogdoedvaldomagalhaes.com.br\/wp-content\/uploads\/2018\/06\/IMG-20180623-WA0085.jpg\" width=\"640\" \/><\/a><\/div>\n<p><\/p>\n<div class=\"separator\" style=\"clear: both; text-align: center;\">\n<a href=\"https:\/\/4.bp.blogspot.com\/-eMP4oKxPWFo\/Wy6NH9owVAI\/AAAAAAAA0eg\/BbfFiml5gEAvNFakykf-NkoBMCMv6uj1QCLcBGAs\/s1600\/IMG-20180623-WA0089.jpg\" imageanchor=\"1\" style=\"margin-left: 1em; margin-right: 1em;\"><img loading=\"lazy\" decoding=\"async\" border=\"0\" data-original-height=\"780\" data-original-width=\"1040\" height=\"480\" src=\"http:\/\/blogdoedvaldomagalhaes.com.br\/wp-content\/uploads\/2018\/06\/IMG-20180623-WA0089.jpg\" width=\"640\" \/><\/a><\/div>\n<p><\/p>\n<div class=\"separator\" style=\"clear: both; text-align: center;\">\n<a href=\"https:\/\/2.bp.blogspot.com\/-C4k1jgHBDtc\/Wy6NMq5nw_I\/AAAAAAAA0ek\/fA3ezw0Z8tI_N_hnAXsefL8CzD73cgnlwCLcBGAs\/s1600\/IMG-20180623-WA0079.jpg\" imageanchor=\"1\" style=\"margin-left: 1em; margin-right: 1em;\"><img loading=\"lazy\" decoding=\"async\" border=\"0\" data-original-height=\"780\" data-original-width=\"1040\" height=\"480\" src=\"http:\/\/blogdoedvaldomagalhaes.com.br\/wp-content\/uploads\/2018\/06\/IMG-20180623-WA0079.jpg\" width=\"640\" \/><\/a><\/div>\n<p><\/p>\n<div class=\"separator\" style=\"clear: both; text-align: center;\">\n<a href=\"https:\/\/4.bp.blogspot.com\/-cIrBWESQS-U\/Wy6NPRM0Z1I\/AAAAAAAA0eo\/JUGS_Gwe368qzbWf-r85Rf8-uiKvz_kwgCLcBGAs\/s1600\/IMG-20180623-WA0078.jpg\" imageanchor=\"1\" style=\"margin-left: 1em; margin-right: 1em;\"><img loading=\"lazy\" decoding=\"async\" border=\"0\" data-original-height=\"780\" data-original-width=\"1040\" height=\"480\" src=\"http:\/\/blogdoedvaldomagalhaes.com.br\/wp-content\/uploads\/2018\/06\/IMG-20180623-WA0078.jpg\" width=\"640\" \/><\/a><\/div>\n<p>O presidente do Sintracon, Jos\u00e9 Henrique, agradece a todos que participaram.<\/p>\n<p><\/p>\n<div class=\"separator\" style=\"clear: both; text-align: center;\">\n<\/div>\n<div class=\"separator\" style=\"clear: both; text-align: center;\">\n<\/div>\n<div class=\"separator\" style=\"clear: both; text-align: center;\">\n<\/div>\n<p><\/div>\n","protected":false},"excerpt":{"rendered":"<p>O Sindicato dos Trabalhadores na Ind\u00fastria da Constru\u00e7\u00e3o Civil de Caruaru &#8211; Sintracon, localizado na rua rua Afonso Celso, no&hellip;<\/p>\n","protected":false},"author":1,"featured_media":0,"comment_status":"open","ping_status":"open","sticky":false,"template":"","format":"standard","meta":{"footnotes":""},"categories":[1],"tags":[2027,2,6],"class_list":["post-1964","post","type-post","status-publish","format-standard","hentry","category-sem-categoria","tag-acao-social-sobre-prevencao-da-saude-no-sintracon-e-arraial-da-up-caruaru","tag-blog-do-edvaldo-magalhaes","tag-noticias"],"_links":{"self":[{"href":"https:\/\/blogdoedvaldomagalhaes.com.br\/index.php\/wp-json\/wp\/v2\/posts\/1964","targetHints":{"allow":["GET"]}}],"collection":[{"href":"https:\/\/blogdoedvaldomagalhaes.com.br\/index.php\/wp-json\/wp\/v2\/posts"}],"about":[{"href":"https:\/\/blogdoedvaldomagalhaes.com.br\/index.php\/wp-json\/wp\/v2\/types\/post"}],"author":[{"embeddable":true,"href":"https:\/\/blogdoedvaldomagalhaes.com.br\/index.php\/wp-json\/wp\/v2\/users\/1"}],"replies":[{"embeddable":true,"href":"https:\/\/blogdoedvaldomagalhaes.com.br\/index.php\/wp-json\/wp\/v2\/comments?post=1964"}],"version-history":[{"count":1,"href":"https:\/\/blogdoedvaldomagalhaes.com.br\/index.php\/wp-json\/wp\/v2\/posts\/1964\/revisions"}],"predecessor-version":[{"id":32130,"href":"https:\/\/blogdoedvaldomagalhaes.com.br\/index.php\/wp-json\/wp\/v2\/posts\/1964\/revisions\/32130"}],"wp:attachment":[{"href":"https:\/\/blogdoedvaldomagalhaes.com.br\/index.php\/wp-json\/wp\/v2\/media?parent=1964"}],"wp:term":[{"taxonomy":"category","embeddable":true,"href":"https:\/\/blogdoedvaldomagalhaes.com.br\/index.php\/wp-json\/wp\/v2\/categories?post=1964"},{"taxonomy":"post_tag","embeddable":true,"href":"https:\/\/blogdoedvaldomagalhaes.com.br\/index.php\/wp-json\/wp\/v2\/tags?post=1964"}],"curies":[{"name":"wp","href":"https:\/\/api.w.org\/{rel}","templated":true}]}}