{"id":1962,"date":"2018-06-23T19:55:00","date_gmt":"2018-06-23T22:55:00","guid":{"rendered":"http:\/\/blogdoedvaldomagalhaes.com.br\/index.php\/2018\/06\/23\/acidente-com-van-deixa-vitimas-fatais-e\/"},"modified":"2019-02-09T02:21:30","modified_gmt":"2019-02-09T04:21:30","slug":"acidente-com-van-deixa-vitimas-fatais-e","status":"publish","type":"post","link":"https:\/\/blogdoedvaldomagalhaes.com.br\/index.php\/2018\/06\/23\/acidente-com-van-deixa-vitimas-fatais-e\/","title":{"rendered":"Acidente com Van deixa v\u00edtimas fatais e v\u00e1rias pessoas feridas"},"content":{"rendered":"<div class=\"separator\" style=\"clear: both; text-align: center;\">\n<a href=\"https:\/\/4.bp.blogspot.com\/-qh37A9SyW0w\/Wy6jm8TWwuI\/AAAAAAAA0ho\/kO41X6czo4AVMroxeU8i-HUzUekW_qfKwCLcBGAs\/s1600\/IMG-20180623-WA0139.jpg\" imageanchor=\"1\" style=\"margin-left: 1em; margin-right: 1em;\"><img loading=\"lazy\" decoding=\"async\" border=\"0\" data-original-height=\"1280\" data-original-width=\"720\" height=\"640\" src=\"http:\/\/blogdoedvaldomagalhaes.com.br\/wp-content\/uploads\/2018\/06\/IMG-20180623-WA0139.jpg\" width=\"360\" \/><\/a><\/div>\n<div class=\"separator\" style=\"clear: both; text-align: center;\">\nFoto: Whatsapp\/Cortesia&nbsp;<\/div>\n<div class=\"separator\" style=\"clear: both; text-align: center;\">\n<\/div>\n<div class=\"separator\" style=\"clear: both; text-align: justify;\">\nUm grave acidente ocorreu por volta das 15h30 deste s\u00e1bado (23), na PE-120, nas proximidades do Trevo do Formigueiro, entre as cidades de Agrestina e S\u00e3o Joaquim do Monte. De acordo com informa\u00e7\u00f5es de socorristas do Samu, um dos pneus da van estourou em uma curva, o motorista perdeu o controle do ve\u00edculo, desceu uma ribanceira e capotou. A van pertencente a Beto Baixinho que \u00e9 presidente da Associa\u00e7\u00e3o do Transporte Alternativo de Catende.&nbsp;<\/div>\n<div class=\"separator\" style=\"clear: both; text-align: justify;\">\n<\/div>\n<div class=\"separator\" style=\"clear: both; text-align: center;\">\n<a href=\"https:\/\/3.bp.blogspot.com\/-c2J7MJy0wVg\/Wy7JjDOn-CI\/AAAAAAAA0h0\/ANC5s-zAVSAs5ORvj4Q5lDmQaPEcjB56QCLcBGAs\/s1600\/d%25C3%2595.jpg\" imageanchor=\"1\" style=\"margin-left: 1em; margin-right: 1em;\"><img loading=\"lazy\" decoding=\"async\" border=\"0\" data-original-height=\"359\" data-original-width=\"445\" height=\"510\" src=\"http:\/\/blogdoedvaldomagalhaes.com.br\/wp-content\/uploads\/2018\/06\/dC395.jpg\" width=\"640\" \/><\/a><\/div>\n<div class=\"separator\" style=\"clear: both; text-align: center;\">\nFoto de &#8220;D\u00e3o Abeinha&#8221; &#8211; v\u00edtima falta<\/div>\n<div class=\"separator\" style=\"clear: both; text-align: justify;\">\n<\/div>\n<div class=\"separator\" style=\"clear: both; text-align: justify;\">\nDuas pessoas morreram, sendo o cobrador da lota\u00e7\u00e3o, que \u00e9 conhecido pelo apelido de D\u00e3o Abeinha que faleceu no local, e uma senhora de 51 anos de idade que chegou a ser socorrida pelo Samu, mas n\u00e3o resistiu aos ferimentos e morreu.&nbsp;<\/div>\n<div class=\"separator\" style=\"clear: both; text-align: justify;\">\n<\/div>\n<div class=\"separator\" style=\"clear: both; text-align: justify;\">\nNove pessoas ficaram feridas, sendo oito adultos e uma crian\u00e7a, estando no Hospital Regional do Agreste (HRA), mas n\u00e3o correm risco de morte. Equipe do IML Caruaru foi ao local.<\/div>\n<div class=\"separator\" style=\"clear: both; text-align: justify;\">\n<\/div>\n<div class=\"separator\" style=\"clear: both; text-align: justify;\">\nVeja o v\u00eddeo abaixo:<\/div>\n<div class=\"separator\" style=\"clear: both; text-align: justify;\">\n<\/div>\n<div class=\"separator\" style=\"clear: both; text-align: justify;\">\n<\/div>\n<div class=\"separator\" style=\"clear: both; text-align: justify;\">\nEstamos colhendo informa\u00e7\u00f5es e atualizando o Blog. Continue acessando.<\/div>\n<div style=\"text-align: justify;\">\n<\/div>\n","protected":false},"excerpt":{"rendered":"<p>Foto: Whatsapp\/Cortesia&nbsp; Um grave acidente ocorreu por volta das 15h30 deste s\u00e1bado (23), na PE-120, nas proximidades do Trevo do&hellip;<\/p>\n","protected":false},"author":1,"featured_media":0,"comment_status":"open","ping_status":"open","sticky":false,"template":"","format":"standard","meta":{"footnotes":""},"categories":[1],"tags":[2025,2,6],"class_list":["post-1962","post","type-post","status-publish","format-standard","hentry","category-sem-categoria","tag-acidente-com-van-deixa-vitimas-fatais-e-varias-pessoas-feridas","tag-blog-do-edvaldo-magalhaes","tag-noticias"],"_links":{"self":[{"href":"https:\/\/blogdoedvaldomagalhaes.com.br\/index.php\/wp-json\/wp\/v2\/posts\/1962","targetHints":{"allow":["GET"]}}],"collection":[{"href":"https:\/\/blogdoedvaldomagalhaes.com.br\/index.php\/wp-json\/wp\/v2\/posts"}],"about":[{"href":"https:\/\/blogdoedvaldomagalhaes.com.br\/index.php\/wp-json\/wp\/v2\/types\/post"}],"author":[{"embeddable":true,"href":"https:\/\/blogdoedvaldomagalhaes.com.br\/index.php\/wp-json\/wp\/v2\/users\/1"}],"replies":[{"embeddable":true,"href":"https:\/\/blogdoedvaldomagalhaes.com.br\/index.php\/wp-json\/wp\/v2\/comments?post=1962"}],"version-history":[{"count":1,"href":"https:\/\/blogdoedvaldomagalhaes.com.br\/index.php\/wp-json\/wp\/v2\/posts\/1962\/revisions"}],"predecessor-version":[{"id":32154,"href":"https:\/\/blogdoedvaldomagalhaes.com.br\/index.php\/wp-json\/wp\/v2\/posts\/1962\/revisions\/32154"}],"wp:attachment":[{"href":"https:\/\/blogdoedvaldomagalhaes.com.br\/index.php\/wp-json\/wp\/v2\/media?parent=1962"}],"wp:term":[{"taxonomy":"category","embeddable":true,"href":"https:\/\/blogdoedvaldomagalhaes.com.br\/index.php\/wp-json\/wp\/v2\/categories?post=1962"},{"taxonomy":"post_tag","embeddable":true,"href":"https:\/\/blogdoedvaldomagalhaes.com.br\/index.php\/wp-json\/wp\/v2\/tags?post=1962"}],"curies":[{"name":"wp","href":"https:\/\/api.w.org\/{rel}","templated":true}]}}