{"id":1960,"date":"2018-06-24T13:03:00","date_gmt":"2018-06-24T16:03:00","guid":{"rendered":"http:\/\/blogdoedvaldomagalhaes.com.br\/index.php\/2018\/06\/24\/festa-do-maior-bolo-de-mandioca-na-vila\/"},"modified":"2019-02-09T02:21:31","modified_gmt":"2019-02-09T04:21:31","slug":"festa-do-maior-bolo-de-mandioca-na-vila","status":"publish","type":"post","link":"https:\/\/blogdoedvaldomagalhaes.com.br\/index.php\/2018\/06\/24\/festa-do-maior-bolo-de-mandioca-na-vila\/","title":{"rendered":"Festa do Maior Bolo de Mandioca na Vila Peladas neste domingo (24)"},"content":{"rendered":"<div class=\"separator\" style=\"clear: both; text-align: center;\">\n<a href=\"https:\/\/1.bp.blogspot.com\/--uvWju3cEes\/Wy-WYijGy_I\/AAAAAAAA0ig\/dCnCouDZfH05UNFGpZids5HnHL5dPTfhwCLcBGAs\/s1600\/IMG-20180624-WA0015.jpg\" imageanchor=\"1\" style=\"margin-left: 1em; margin-right: 1em;\"><img loading=\"lazy\" decoding=\"async\" border=\"0\" data-original-height=\"1280\" data-original-width=\"990\" height=\"640\" src=\"http:\/\/blogdoedvaldomagalhaes.com.br\/wp-content\/uploads\/2018\/06\/IMG-20180624-WA0015.jpg\" width=\"492\" \/><\/a><\/div>\n<div class=\"separator\" style=\"clear: both; text-align: center;\">\n<\/div>\n<div class=\"separator\" style=\"clear: both; text-align: justify;\">\nNeste ser\u00e1 realizada a 2\u00aa Festa do Maior Bolo de Mandioca, na Vila Peladas, zona rural de Caruaru, a partir das 18h. Haver\u00e1 apresenta\u00e7\u00f5es de quadrilha junina, bacamarteiros e banda de P\u00edfanos, al\u00e9m dos shows do Forr\u00f3 Asa Branca e Trio Asa Branca.&nbsp;&nbsp;<\/div>\n<div style=\"text-align: justify;\">\n<\/div>\n","protected":false},"excerpt":{"rendered":"<p>Neste ser\u00e1 realizada a 2\u00aa Festa do Maior Bolo de Mandioca, na Vila Peladas, zona rural de Caruaru, a partir&hellip;<\/p>\n","protected":false},"author":1,"featured_media":0,"comment_status":"open","ping_status":"open","sticky":false,"template":"","format":"standard","meta":{"footnotes":""},"categories":[1],"tags":[2,2023,6],"class_list":["post-1960","post","type-post","status-publish","format-standard","hentry","category-sem-categoria","tag-blog-do-edvaldo-magalhaes","tag-festa-do-maior-bolo-de-mandioca-na-vila-peladas-neste-domingo-24","tag-noticias"],"_links":{"self":[{"href":"https:\/\/blogdoedvaldomagalhaes.com.br\/index.php\/wp-json\/wp\/v2\/posts\/1960","targetHints":{"allow":["GET"]}}],"collection":[{"href":"https:\/\/blogdoedvaldomagalhaes.com.br\/index.php\/wp-json\/wp\/v2\/posts"}],"about":[{"href":"https:\/\/blogdoedvaldomagalhaes.com.br\/index.php\/wp-json\/wp\/v2\/types\/post"}],"author":[{"embeddable":true,"href":"https:\/\/blogdoedvaldomagalhaes.com.br\/index.php\/wp-json\/wp\/v2\/users\/1"}],"replies":[{"embeddable":true,"href":"https:\/\/blogdoedvaldomagalhaes.com.br\/index.php\/wp-json\/wp\/v2\/comments?post=1960"}],"version-history":[{"count":1,"href":"https:\/\/blogdoedvaldomagalhaes.com.br\/index.php\/wp-json\/wp\/v2\/posts\/1960\/revisions"}],"predecessor-version":[{"id":32158,"href":"https:\/\/blogdoedvaldomagalhaes.com.br\/index.php\/wp-json\/wp\/v2\/posts\/1960\/revisions\/32158"}],"wp:attachment":[{"href":"https:\/\/blogdoedvaldomagalhaes.com.br\/index.php\/wp-json\/wp\/v2\/media?parent=1960"}],"wp:term":[{"taxonomy":"category","embeddable":true,"href":"https:\/\/blogdoedvaldomagalhaes.com.br\/index.php\/wp-json\/wp\/v2\/categories?post=1960"},{"taxonomy":"post_tag","embeddable":true,"href":"https:\/\/blogdoedvaldomagalhaes.com.br\/index.php\/wp-json\/wp\/v2\/tags?post=1960"}],"curies":[{"name":"wp","href":"https:\/\/api.w.org\/{rel}","templated":true}]}}