{"id":1958,"date":"2018-06-24T13:27:00","date_gmt":"2018-06-24T16:27:00","guid":{"rendered":"http:\/\/blogdoedvaldomagalhaes.com.br\/index.php\/2018\/06\/24\/tony-gel-e-tonynho-rodrigues-participa\/"},"modified":"2019-02-09T02:21:32","modified_gmt":"2019-02-09T04:21:32","slug":"tony-gel-e-tonynho-rodrigues-participa","status":"publish","type":"post","link":"https:\/\/blogdoedvaldomagalhaes.com.br\/index.php\/2018\/06\/24\/tony-gel-e-tonynho-rodrigues-participa\/","title":{"rendered":"Tony Gel e Tonynho Rodrigues participam da festa Maior Mesa Junina do Mundo em Lajes"},"content":{"rendered":"<div class=\"separator\" style=\"clear: both; text-align: center;\">\n<a href=\"https:\/\/1.bp.blogspot.com\/-MEeDe9M1UVE\/Wy-cIZ38-MI\/AAAAAAAA0jA\/hZ9wVeJKrPY3tGIQaY_ekq1Q2LadQoVmQCLcBGAs\/s1600\/tony.jpg\" imageanchor=\"1\" style=\"margin-left: 1em; margin-right: 1em;\"><img loading=\"lazy\" decoding=\"async\" border=\"0\" data-original-height=\"768\" data-original-width=\"1024\" height=\"474\" src=\"http:\/\/blogdoedvaldomagalhaes.com.br\/wp-content\/uploads\/2018\/06\/tony-1.jpg\" width=\"640\" \/><\/a><\/div>\n<p><\/p>\n<div style=\"background-color: white; box-sizing: border-box; line-height: 24px; margin-bottom: 10px; text-align: justify;\">\nNesse s\u00e1bado (23), v\u00e9spera de S\u00e3o Jo\u00e3o, o deputado estadual Tony Gel (MDB) e o pr\u00e9-candidato a deputado federal Tonynho Rodrigues (SD), participaram de tradicional festa da Maior Mesa Junina do Muno, na Vila de Lajes, na zona rural de Caruaru.<\/p>\n<div class=\"separator\" style=\"clear: both; text-align: center;\">\n<a href=\"https:\/\/3.bp.blogspot.com\/-jCx6D_BnwFM\/WzGgTZhuPGI\/AAAAAAAA0rc\/rV1xNDwAcEkOYJo7otBakjpWnU8bg-kfwCLcBGAs\/s1600\/IMG-20180624-WA0005.jpg\" imageanchor=\"1\" style=\"margin-left: 1em; margin-right: 1em;\"><img loading=\"lazy\" decoding=\"async\" border=\"0\" data-original-height=\"960\" data-original-width=\"1280\" height=\"480\" src=\"http:\/\/blogdoedvaldomagalhaes.com.br\/wp-content\/uploads\/2018\/06\/IMG-20180624-WA0005.jpg\" width=\"640\" \/><\/a><\/div>\n<p><\/p>\n<div class=\"separator\" style=\"clear: both; text-align: center;\">\n<a href=\"https:\/\/4.bp.blogspot.com\/-ZG6mBk9mIVk\/WzGgWhlGH4I\/AAAAAAAA0rg\/7-kMtExepgMTa_azOj4xMGPlgG8lTtZKwCLcBGAs\/s1600\/IMG-20180624-WA0006.jpg\" imageanchor=\"1\" style=\"margin-left: 1em; margin-right: 1em;\"><img loading=\"lazy\" decoding=\"async\" border=\"0\" data-original-height=\"960\" data-original-width=\"1280\" height=\"480\" src=\"http:\/\/blogdoedvaldomagalhaes.com.br\/wp-content\/uploads\/2018\/06\/IMG-20180624-WA0006.jpg\" width=\"640\" \/><\/a><\/div>\n<p><\/div>\n<div style=\"background-color: white; box-sizing: border-box; line-height: 24px; margin-bottom: 10px; text-align: justify;\">\nO evento acontece h\u00e1 10 anos e \u00e9 organizado pelo vereador Galego de Lajes (PSD). A festa atraiu muitos forrozeiros. Tony e Tonynho degustaram de v\u00e1rias comidas t\u00edpicas do per\u00edodo junino, como canjica, pamonha e milho assado e cozido.<\/p>\n<div class=\"separator\" style=\"clear: both; text-align: center;\">\n<a href=\"https:\/\/1.bp.blogspot.com\/-DS-f2E0VUMI\/WzGgsCejdyI\/AAAAAAAA0rs\/6WxIiNYWQpIjOs77pEae7uu_cEBm6RnjQCLcBGAs\/s1600\/IMG-20180624-WA0004.jpg\" imageanchor=\"1\" style=\"margin-left: 1em; margin-right: 1em;\"><img loading=\"lazy\" decoding=\"async\" border=\"0\" data-original-height=\"960\" data-original-width=\"1280\" height=\"480\" src=\"http:\/\/blogdoedvaldomagalhaes.com.br\/wp-content\/uploads\/2018\/06\/IMG-20180624-WA0004.jpg\" width=\"640\" \/><\/a><\/div>\n<p><\/p>\n<div class=\"separator\" style=\"clear: both; text-align: center;\">\n<a href=\"https:\/\/2.bp.blogspot.com\/-_140jyKI8Mo\/WzGhFePPSKI\/AAAAAAAA0r0\/odKs8NegaoEIRVGvYvWH8-hC9UxGU7xPgCLcBGAs\/s1600\/IMG-20180624-WA0003.jpg\" imageanchor=\"1\" style=\"margin-left: 1em; margin-right: 1em;\"><img loading=\"lazy\" decoding=\"async\" border=\"0\" data-original-height=\"960\" data-original-width=\"1280\" height=\"480\" src=\"http:\/\/blogdoedvaldomagalhaes.com.br\/wp-content\/uploads\/2018\/06\/IMG-20180624-WA0003.jpg\" width=\"640\" \/><\/a><\/div>\n<p><\/div>\n","protected":false},"excerpt":{"rendered":"<p>Nesse s\u00e1bado (23), v\u00e9spera de S\u00e3o Jo\u00e3o, o deputado estadual Tony Gel (MDB) e o pr\u00e9-candidato a deputado federal Tonynho&hellip;<\/p>\n","protected":false},"author":1,"featured_media":0,"comment_status":"open","ping_status":"open","sticky":false,"template":"","format":"standard","meta":{"footnotes":""},"categories":[1],"tags":[2,20,2021],"class_list":["post-1958","post","type-post","status-publish","format-standard","hentry","category-sem-categoria","tag-blog-do-edvaldo-magalhaes","tag-politica","tag-tony-gel-e-tonynho-rodrigues-participam-da-festa-maior-mesa-junina-do-mundo-em-lajes"],"_links":{"self":[{"href":"https:\/\/blogdoedvaldomagalhaes.com.br\/index.php\/wp-json\/wp\/v2\/posts\/1958","targetHints":{"allow":["GET"]}}],"collection":[{"href":"https:\/\/blogdoedvaldomagalhaes.com.br\/index.php\/wp-json\/wp\/v2\/posts"}],"about":[{"href":"https:\/\/blogdoedvaldomagalhaes.com.br\/index.php\/wp-json\/wp\/v2\/types\/post"}],"author":[{"embeddable":true,"href":"https:\/\/blogdoedvaldomagalhaes.com.br\/index.php\/wp-json\/wp\/v2\/users\/1"}],"replies":[{"embeddable":true,"href":"https:\/\/blogdoedvaldomagalhaes.com.br\/index.php\/wp-json\/wp\/v2\/comments?post=1958"}],"version-history":[{"count":1,"href":"https:\/\/blogdoedvaldomagalhaes.com.br\/index.php\/wp-json\/wp\/v2\/posts\/1958\/revisions"}],"predecessor-version":[{"id":32168,"href":"https:\/\/blogdoedvaldomagalhaes.com.br\/index.php\/wp-json\/wp\/v2\/posts\/1958\/revisions\/32168"}],"wp:attachment":[{"href":"https:\/\/blogdoedvaldomagalhaes.com.br\/index.php\/wp-json\/wp\/v2\/media?parent=1958"}],"wp:term":[{"taxonomy":"category","embeddable":true,"href":"https:\/\/blogdoedvaldomagalhaes.com.br\/index.php\/wp-json\/wp\/v2\/categories?post=1958"},{"taxonomy":"post_tag","embeddable":true,"href":"https:\/\/blogdoedvaldomagalhaes.com.br\/index.php\/wp-json\/wp\/v2\/tags?post=1958"}],"curies":[{"name":"wp","href":"https:\/\/api.w.org\/{rel}","templated":true}]}}