{"id":1957,"date":"2018-06-24T13:32:00","date_gmt":"2018-06-24T16:32:00","guid":{"rendered":"http:\/\/blogdoedvaldomagalhaes.com.br\/index.php\/2018\/06\/24\/vespera-de-sao-joao-com-forro-fogos-e\/"},"modified":"2019-02-09T02:21:34","modified_gmt":"2019-02-09T04:21:34","slug":"vespera-de-sao-joao-com-forro-fogos-e","status":"publish","type":"post","link":"https:\/\/blogdoedvaldomagalhaes.com.br\/index.php\/2018\/06\/24\/vespera-de-sao-joao-com-forro-fogos-e\/","title":{"rendered":"V\u00e9spera de S\u00e3o Jo\u00e3o com forr\u00f3, fogos e muita anima\u00e7\u00e3o em Caruaru"},"content":{"rendered":"<div class=\"separator\" style=\"clear: both; text-align: center;\">\n<a href=\"https:\/\/1.bp.blogspot.com\/-B2nDV-oLr_0\/Wy-dBVz78TI\/AAAAAAAA0jM\/SnXwTXNYEvgOCyLC6EgrvF8NuX3mlXXwgCLcBGAs\/s1600\/02.jpg\" imageanchor=\"1\" style=\"margin-left: 1em; margin-right: 1em;\"><img loading=\"lazy\" decoding=\"async\" border=\"0\" data-original-height=\"417\" data-original-width=\"640\" height=\"412\" src=\"http:\/\/blogdoedvaldomagalhaes.com.br\/wp-content\/uploads\/2018\/06\/02-3.jpg\" width=\"640\" \/><\/a><\/div>\n<div style=\"text-align: center;\">\nFotos: Arnaldo F\u00e9lix\/Divulga\u00e7\u00e3o<\/div>\n<div style=\"text-align: center;\">\n<\/div>\n<div style=\"text-align: justify;\">\nUma das noites mais esperadas pelos nordestinos, 23 de junho, v\u00e9spera de S\u00e3o Jo\u00e3o, foi celebrada como manda o figurino no Maior e Melhor S\u00e3o Jo\u00e3o do Mundo, em Caruaru, com muito forr\u00f3, anima\u00e7\u00e3o e fogos para homenagear o santo que d\u00e1 nome a festa mais importante do Nordeste.<\/div>\n<div style=\"text-align: justify;\">\n<\/div>\n<div style=\"text-align: justify;\">\nVelho conhecido do p\u00fablico, o cantor Pedrinho Pega\u00e7\u00e3o abriu a noite de shows. Pelo sexto ano consecutivo, o p\u00fablico cantou em coro as m\u00fasicas que tornaram o cantor famoso. &#8220;Fico feliz demais por ser convidado para cantar em Caruaru. E esse ano, eu sou hexa aqui. S\u00e3o seis apresenta\u00e7\u00f5es seguidas. N\u00e3o podia ser melhor&#8221;, contou durante coletiva.<\/div>\n<div style=\"text-align: justify;\">\n<\/div>\n<div class=\"separator\" style=\"clear: both; text-align: center;\">\n<a href=\"https:\/\/1.bp.blogspot.com\/-m1cvyqu4RyQ\/Wy-dSz_OmjI\/AAAAAAAA0jU\/eC0wWiH2nScx8tn6RPb4k4D7U1vGsXpkwCLcBGAs\/s1600\/03.jpg\" imageanchor=\"1\" style=\"margin-left: 1em; margin-right: 1em;\"><img loading=\"lazy\" decoding=\"async\" border=\"0\" data-original-height=\"853\" data-original-width=\"1280\" height=\"426\" src=\"http:\/\/blogdoedvaldomagalhaes.com.br\/wp-content\/uploads\/2018\/06\/03-2.jpg\" width=\"640\" \/><\/a><\/div>\n<div style=\"text-align: justify;\">\n<\/div>\n<div style=\"text-align: justify;\">\nA energia da cantora Irah Caldeira, segunda atra\u00e7\u00e3o da noite no P\u00e1tio do Forr\u00f3, contagiou o p\u00fablico com sucessos do forr\u00f3 tradicional. Os forrozeiros aproveitaram para dan\u00e7ar agarradinhos sem deixar o ritmo cair. &#8220;Caruaru \u00e9 o melhor lugar para cantar no S\u00e3o Jo\u00e3o. \u00c9 uma felicidade estar aqui&#8221;, ressaltou a artista.<\/div>\n<div style=\"text-align: justify;\">\n<\/div>\n<div class=\"separator\" style=\"clear: both; text-align: center;\">\n<a href=\"https:\/\/2.bp.blogspot.com\/-0eIKSEX3VBw\/Wy-dXi96rfI\/AAAAAAAA0jY\/uchOV0X9GO0qlVB-hKPmN-N5nFfc1_VQwCLcBGAs\/s1600\/05.jpg\" imageanchor=\"1\" style=\"margin-left: 1em; margin-right: 1em;\"><img loading=\"lazy\" decoding=\"async\" border=\"0\" data-original-height=\"843\" data-original-width=\"1280\" height=\"420\" src=\"http:\/\/blogdoedvaldomagalhaes.com.br\/wp-content\/uploads\/2018\/06\/05-1.jpg\" width=\"640\" \/><\/a><\/div>\n<div style=\"text-align: justify;\">\n<\/div>\n<div style=\"text-align: justify;\">\nO caruaruense Valdir Santos assumiu o comando do palco com um repert\u00f3rio mesclado de m\u00fasicas autorais e grandes cl\u00e1ssicos brasileiros. Ele foi o respons\u00e1vel por comandar a queima de fogos, que come\u00e7ou 0h e durou sete minutos. Os fogos foram disparados da Funda\u00e7\u00e3o de Cultura e Turismo e do Monte Bom Jesus.<\/div>\n<div style=\"text-align: justify;\">\n<\/div>\n<div style=\"text-align: justify;\">\nA noite foi encerrada pelos estreantes no S\u00e3o Jo\u00e3o Cl\u00e9ber e Cauan. O p\u00fablico cantou os sucessos sertanejos que tornaram a dupla uma das principais do pa\u00eds.<\/div>\n","protected":false},"excerpt":{"rendered":"<p>Fotos: Arnaldo F\u00e9lix\/Divulga\u00e7\u00e3o Uma das noites mais esperadas pelos nordestinos, 23 de junho, v\u00e9spera de S\u00e3o Jo\u00e3o, foi celebrada como&hellip;<\/p>\n","protected":false},"author":1,"featured_media":0,"comment_status":"open","ping_status":"open","sticky":false,"template":"","format":"standard","meta":{"footnotes":""},"categories":[1],"tags":[2,2019,6,2020],"class_list":["post-1957","post","type-post","status-publish","format-standard","hentry","category-sem-categoria","tag-blog-do-edvaldo-magalhaes","tag-fogos-e-muita-animacao-em-caruaru","tag-noticias","tag-vespera-de-sao-joao-com-forro"],"_links":{"self":[{"href":"https:\/\/blogdoedvaldomagalhaes.com.br\/index.php\/wp-json\/wp\/v2\/posts\/1957","targetHints":{"allow":["GET"]}}],"collection":[{"href":"https:\/\/blogdoedvaldomagalhaes.com.br\/index.php\/wp-json\/wp\/v2\/posts"}],"about":[{"href":"https:\/\/blogdoedvaldomagalhaes.com.br\/index.php\/wp-json\/wp\/v2\/types\/post"}],"author":[{"embeddable":true,"href":"https:\/\/blogdoedvaldomagalhaes.com.br\/index.php\/wp-json\/wp\/v2\/users\/1"}],"replies":[{"embeddable":true,"href":"https:\/\/blogdoedvaldomagalhaes.com.br\/index.php\/wp-json\/wp\/v2\/comments?post=1957"}],"version-history":[{"count":1,"href":"https:\/\/blogdoedvaldomagalhaes.com.br\/index.php\/wp-json\/wp\/v2\/posts\/1957\/revisions"}],"predecessor-version":[{"id":32172,"href":"https:\/\/blogdoedvaldomagalhaes.com.br\/index.php\/wp-json\/wp\/v2\/posts\/1957\/revisions\/32172"}],"wp:attachment":[{"href":"https:\/\/blogdoedvaldomagalhaes.com.br\/index.php\/wp-json\/wp\/v2\/media?parent=1957"}],"wp:term":[{"taxonomy":"category","embeddable":true,"href":"https:\/\/blogdoedvaldomagalhaes.com.br\/index.php\/wp-json\/wp\/v2\/categories?post=1957"},{"taxonomy":"post_tag","embeddable":true,"href":"https:\/\/blogdoedvaldomagalhaes.com.br\/index.php\/wp-json\/wp\/v2\/tags?post=1957"}],"curies":[{"name":"wp","href":"https:\/\/api.w.org\/{rel}","templated":true}]}}