{"id":1956,"date":"2018-06-24T18:01:00","date_gmt":"2018-06-24T21:01:00","guid":{"rendered":"http:\/\/blogdoedvaldomagalhaes.com.br\/index.php\/2018\/06\/24\/confira-programacao-completa-do-sao_24\/"},"modified":"2019-02-09T02:21:34","modified_gmt":"2019-02-09T04:21:34","slug":"confira-programacao-completa-do-sao_24","status":"publish","type":"post","link":"https:\/\/blogdoedvaldomagalhaes.com.br\/index.php\/2018\/06\/24\/confira-programacao-completa-do-sao_24\/","title":{"rendered":"Confira a programa\u00e7\u00e3o completa do S\u00e3o Jo\u00e3o de Caruaru neste domingo (24)"},"content":{"rendered":"<div class=\"separator\" style=\"clear: both; text-align: center;\">\n<a href=\"https:\/\/1.bp.blogspot.com\/-Ej0lnW2FEBs\/Wy_b_MC9uhI\/AAAAAAAA0kY\/b0OdfY4qSa4MXJ5iYkyNRR9MTO6Vss8MACLcBGAs\/s1600\/telo.jpg\" imageanchor=\"1\" style=\"margin-left: 1em; margin-right: 1em;\"><img loading=\"lazy\" decoding=\"async\" border=\"0\" data-original-height=\"360\" data-original-width=\"600\" height=\"384\" src=\"http:\/\/blogdoedvaldomagalhaes.com.br\/wp-content\/uploads\/2018\/06\/telo.jpg\" width=\"640\" \/><\/a><\/div>\n<div class=\"separator\" style=\"clear: both; text-align: center;\">\nFoto de Michel Tel\u00f3\/Divulga\u00e7\u00e3o<\/div>\n<div style=\"text-align: justify;\">\n<\/div>\n<div style=\"text-align: justify;\">\nO Dia de S\u00e3o Jo\u00e3o, domingo (24), tem programa\u00e7\u00e3o em dez polos de anima\u00e7\u00e3o no Maior e Melhor S\u00e3o Jo\u00e3o do Mundo, em Caruaru. A festa ter\u00e1, ainda, tr\u00eas comidas gigantes e o espet\u00e1culo de teatro \u201cDevotos do S\u00e3o Jo\u00e3o\u201d, na Esta\u00e7\u00e3o Ferrovi\u00e1ria.<\/div>\n<div style=\"text-align: justify;\">\n<\/div>\n<div style=\"text-align: justify;\">\nNo Alto do Moura, a festa come\u00e7ou \u00e0s 10h. No Polo Mestre Vitalino, a responsabilidade de colocar o p\u00fablico para dan\u00e7ar est\u00e1 com Trio Mil\u00eanio, Berinho Lima, Rodrigo Raposo e Pinga Fogo. Trio Alternativo e a Banda de P\u00edfanos Mandacaru comandam o arraial no Polo Coreto. O Pavilh\u00e3o de Artesanato do Alto do Moura estar\u00e1 aberto com pe\u00e7as de dezenas de artes\u00e3os. Os turistas podem aproveitar, tamb\u00e9m, para conhecer um pouco dos mestres Vitalino e Galdino visitando os espa\u00e7os que preservam a hist\u00f3ria dos artes\u00e3os.<\/div>\n<div style=\"text-align: justify;\">\n<\/div>\n<div style=\"text-align: justify;\">\n\u00c0s 15h, os moradores do Residencial Luiz Bezerra Torres realizam a Festa do Beiju, tradicional iguaria da culin\u00e1ria nordestina. O Maior Cozido de Milho ser\u00e1 servido, no mesmo hor\u00e1rio, no Bairro Santa Rosa. \u00c0s 18h, a Broa de Milho Gigante ser\u00e1 degustada no Bairro Divin\u00f3polis. Al\u00e9m de comida gostosa, as festas ter\u00e3o muito forr\u00f3. \u00c0s 18h tem a festa do Maior Bolo de Mandioca do Mundo, na Vila Peladas, zona rural de Caruaru.<\/div>\n<div style=\"text-align: justify;\">\n<\/div>\n<div style=\"text-align: justify;\">\nVal Tabosa d\u00e1 as boas-vindas com declama\u00e7\u00e3o e poesia, \u00e0s 17h, no Polo do Repente. Depois, o polo recebe o duelo de m\u00e9tricas e rimas entre Severino Dion\u00edsio e Luciano Leonel. No mesmo hor\u00e1rio, o Polo Infantil recebe Banda de P\u00edfanos Mirim Z\u00e9 do Estado e Mateus e Katilinda. O Polo das Quadrilhas, Polo Juarez Santiago e a Casa do Forr\u00f3 tamb\u00e9m estar\u00e3o funcionando.<\/div>\n<div style=\"text-align: justify;\">\n<\/div>\n<div style=\"text-align: justify;\">\nAinda na Esta\u00e7\u00e3o Ferrovi\u00e1ria, ser\u00e1 encenado o espet\u00e1culo \u201cDevotos do S\u00e3o Jo\u00e3o\u201d. A pe\u00e7a retrata hist\u00f3rias t\u00edpicas de Caruaru durante o per\u00edodo junino e de personagens que marcaram a obra de Nelson Barbalho. A encena\u00e7\u00e3o come\u00e7a \u00e0s 20h pr\u00f3ximo \u00e0 igreja cenogr\u00e1fica. O elenco \u00e9 composto por J\u00f4 Albuquerque (dire\u00e7\u00e3o), Nadja Moraes, Ary Valen\u00e7a, Welba Cionara, Jamerson Vasconcelos, Manoelzinho Ara\u00fajo, Nadege Silva, Gabriel S\u00e1, Ednilson Leite e Gil Leite, todos de Caruaru.<\/div>\n<div style=\"text-align: justify;\">\n<\/div>\n<div style=\"text-align: justify;\">\nNo Polo Azul\u00e3o, uma noite especial em homenagem \u00e0s mulheres. A programa\u00e7\u00e3o conta com quatro cantoras, que trar\u00e3o no repert\u00f3rio a for\u00e7a feminina na m\u00fasica. A noite ser\u00e1 aberta pela Fogueira de Xang\u00f4, \u00e0s 18h. Em seguida, shows com Rog\u00e9ria, Gabi da Pele Preta, Ri\u00e1 Oliveira e Bia Marinho.<\/div>\n<div style=\"text-align: justify;\">\n<\/div>\n<div style=\"text-align: justify;\">\nNo P\u00e1tio de Eventos, a festa come\u00e7a \u00e0s 19h com o eterno Rei das Drilhas, Elifas J\u00fanior. Em seguida, muito forr\u00f3 com Cristina Amaral. O sertanejo de Michel Tel\u00f3 promete ser acompanhado em coro pelo p\u00fablico. Para encerrar a noite, Saia Rodada com um repert\u00f3rio cheio de sucessos do forr\u00f3 estilizado. No Polo Mestre Camar\u00e3o, a festa \u00e9 com Klever Lemos, Derso Luiz e J\u00f4 Caruaru. Confira a programa\u00e7\u00e3o completa deste domingo (24):<\/div>\n<div style=\"text-align: justify;\">\n<\/div>\n<div style=\"text-align: justify;\">\n<b>PALCO MESTRE VITALINO (ALTO DO MOURA)<\/b><\/div>\n<div style=\"text-align: justify;\">\n<\/div>\n<div style=\"text-align: justify;\">\n10h &#8211; Trio Mil\u00eanio<\/div>\n<div style=\"text-align: justify;\">\n<\/div>\n<div style=\"text-align: justify;\">\n12h &#8211; Berinho Lima&nbsp; &nbsp; &nbsp; &nbsp; &nbsp; &nbsp; &nbsp; &nbsp; &nbsp; &nbsp; &nbsp; &nbsp; &nbsp;&nbsp;<\/div>\n<div style=\"text-align: justify;\">\n<\/div>\n<div style=\"text-align: justify;\">\n14h &#8211; Rodrigo Raposo<\/div>\n<div style=\"text-align: justify;\">\n<\/div>\n<div style=\"text-align: justify;\">\n16h &#8211; Pinga Fogo<\/div>\n<div style=\"text-align: justify;\">\n<\/div>\n<div style=\"text-align: justify;\">\n<b>POLO DO CORETO (ALTO DO MOURA)<\/b><\/div>\n<div style=\"text-align: justify;\">\n<\/div>\n<div style=\"text-align: justify;\">\n10h &#8211; Trio Alternativo<\/div>\n<div style=\"text-align: justify;\">\n<\/div>\n<div style=\"text-align: justify;\">\n12h &#8211; Banda de P\u00edfanos Mandacaru<\/div>\n<div style=\"text-align: justify;\">\n<\/div>\n<div style=\"text-align: justify;\">\n<b>FESTIVAL DE COMIDAS GIGANTES<\/b><\/div>\n<div style=\"text-align: justify;\">\n<\/div>\n<div style=\"text-align: justify;\">\n15h &#8211; Festa do Beiju (Rua Alecrim, Quadras 24 e 25, Residencial Luiz Bezerra Torres)<\/div>\n<div style=\"text-align: justify;\">\n<\/div>\n<div style=\"text-align: justify;\">\n15h &#8211; Cozido de Milho (Bairro Santa Rosa)<\/p>\n<p>18h &#8211; Maior Bolo de Mandioca do Mundo (Vila Peladas)<\/p><\/div>\n<div style=\"text-align: justify;\">\n<\/div>\n<div style=\"text-align: justify;\">\n20h &#8211; Broa de Milho (Rua Ant\u00f4nio Menino, Divin\u00f3polis)<\/div>\n<div style=\"text-align: justify;\">\n<\/div>\n<div style=\"text-align: justify;\">\n<b>ESTA\u00c7\u00c3O FERROVI\u00c1RIA<\/b><\/div>\n<div style=\"text-align: justify;\">\n<\/div>\n<div style=\"text-align: justify;\">\n<b>POLO DO REPENTE<\/b><\/div>\n<div style=\"text-align: justify;\">\n<\/div>\n<div style=\"text-align: justify;\">\n17h &#8211; Val Tabosa<\/div>\n<div style=\"text-align: justify;\">\n<\/div>\n<div style=\"text-align: justify;\">\nSeverino Dion\u00edsio x Luciano Leonel<\/div>\n<div style=\"text-align: justify;\">\n<\/div>\n<div style=\"text-align: justify;\">\n<b>POLO INFANTIL<\/b><\/div>\n<div style=\"text-align: justify;\">\n<\/div>\n<div style=\"text-align: justify;\">\n17h \u2013 Banda de P\u00edfanos Mirim Z\u00e9 do Estado<\/div>\n<div style=\"text-align: justify;\">\n<\/div>\n<div style=\"text-align: justify;\">\n18h \u2013 Mateus e Katilinda<\/div>\n<div style=\"text-align: justify;\">\n<\/div>\n<div style=\"text-align: justify;\">\n<b>CASA DO FORR\u00d3<\/b><\/div>\n<div style=\"text-align: justify;\">\n<\/div>\n<div style=\"text-align: justify;\">\n19h &#8211; Reservado para Eventos de&nbsp; Projetos Sociais&nbsp;&nbsp;<\/div>\n<div style=\"text-align: justify;\">\n<b><br \/><\/b><\/div>\n<div style=\"text-align: justify;\">\n<b>POLO JUAREZ SANTIAGO<\/b><\/div>\n<div style=\"text-align: justify;\">\n<\/div>\n<div style=\"text-align: justify;\">\n18h &#8211; Trio Caf\u00e9 com Leite<\/div>\n<div style=\"text-align: justify;\">\n<\/div>\n<div style=\"text-align: justify;\">\n19h30 &#8211; Trio Remelexo<\/div>\n<div style=\"text-align: justify;\">\n<\/div>\n<div style=\"text-align: justify;\">\n21h &#8211; Trio Tabajara<\/div>\n<div style=\"text-align: justify;\">\n<\/div>\n<div style=\"text-align: justify;\">\n22h30 &#8211; Trio Vitalino<\/div>\n<div style=\"text-align: justify;\">\n<b><br \/><\/b><\/div>\n<div style=\"text-align: justify;\">\n<b>POLO DAS QUADRILHAS<\/b><\/div>\n<div style=\"text-align: justify;\">\n<\/div>\n<div style=\"text-align: justify;\">\n20h \u2013 Boi Tira Teima<\/div>\n<div style=\"text-align: justify;\">\n<\/div>\n<div style=\"text-align: justify;\">\n22h \u2013 Paraquadrilha (Apodec)<\/div>\n<div style=\"text-align: justify;\">\n<\/div>\n<div style=\"text-align: justify;\">\n23h &#8211; Quadrilha Tradi\u00e7\u00e3o Arrasta-P\u00e9<\/div>\n<div style=\"text-align: justify;\">\n<\/div>\n<div style=\"text-align: justify;\">\n00h &#8211; Arena Cia Olhares<\/div>\n<div style=\"text-align: justify;\">\n<b><br \/><\/b><\/div>\n<div style=\"text-align: justify;\">\n<b>POLO AZUL\u00c3O<\/b><\/div>\n<div style=\"text-align: justify;\">\n<\/div>\n<div style=\"text-align: justify;\">\n18h &#8211; Fogueira de Xang\u00f4<\/div>\n<div style=\"text-align: justify;\">\n<\/div>\n<div style=\"text-align: justify;\">\n20h &#8211; Rog\u00e9ria<\/div>\n<div style=\"text-align: justify;\">\n<\/div>\n<div style=\"text-align: justify;\">\n21h20 &#8211; Gabi da Pele Preta<\/div>\n<div style=\"text-align: justify;\">\n<\/div>\n<div style=\"text-align: justify;\">\n22h40 &#8211; Ri\u00e1 Oliveira<\/div>\n<div style=\"text-align: justify;\">\n<\/div>\n<div style=\"text-align: justify;\">\n0h &#8211; Bia Marinho<\/div>\n<div style=\"text-align: justify;\">\n<b><br \/><\/b><\/div>\n<div style=\"text-align: justify;\">\n<b>P\u00c1TIO DE EVENTOS<\/b><\/div>\n<div style=\"text-align: justify;\">\n<\/div>\n<div style=\"text-align: justify;\">\n19h &#8211; Elifas Jr<\/div>\n<div style=\"text-align: justify;\">\n<\/div>\n<div style=\"text-align: justify;\">\n20h20 &#8211; Cristina Amaral<\/div>\n<div style=\"text-align: justify;\">\n<\/div>\n<div style=\"text-align: justify;\">\n21h50 &#8211; Michel Tel\u00f3<\/div>\n<div style=\"text-align: justify;\">\n<\/div>\n<div style=\"text-align: justify;\">\n23h30 &#8211; Saia Rodada<\/div>\n<div style=\"text-align: justify;\">\n<\/div>\n<div style=\"text-align: justify;\">\n<b>POLO MESTRE CAMAR\u00c3O<\/b><\/div>\n<div style=\"text-align: justify;\">\n<\/div>\n<div style=\"text-align: justify;\">\n19h30 &#8211; Klever Lemos<\/div>\n<div style=\"text-align: justify;\">\n<\/div>\n<div style=\"text-align: justify;\">\n21h30 &#8211; Derso Luiz<\/div>\n<div style=\"text-align: justify;\">\n<\/div>\n<div style=\"text-align: justify;\">\n23h30 &#8211; J\u00f4 Caruaru<\/div>\n<div style=\"text-align: justify;\">\n<\/div>\n<div style=\"text-align: justify;\">\n<\/div>\n<div style=\"text-align: justify;\">\n<\/div>\n<div style=\"text-align: justify;\">\n<\/div>\n<div style=\"text-align: justify;\">\n<\/div>\n","protected":false},"excerpt":{"rendered":"<p>Foto de Michel Tel\u00f3\/Divulga\u00e7\u00e3o O Dia de S\u00e3o Jo\u00e3o, domingo (24), tem programa\u00e7\u00e3o em dez polos de anima\u00e7\u00e3o no Maior&hellip;<\/p>\n","protected":false},"author":1,"featured_media":0,"comment_status":"open","ping_status":"open","sticky":false,"template":"","format":"standard","meta":{"footnotes":""},"categories":[1],"tags":[2,2018,6],"class_list":["post-1956","post","type-post","status-publish","format-standard","hentry","category-sem-categoria","tag-blog-do-edvaldo-magalhaes","tag-confira-a-programacao-completa-do-sao-joao-de-caruaru-neste-domingo-24","tag-noticias"],"_links":{"self":[{"href":"https:\/\/blogdoedvaldomagalhaes.com.br\/index.php\/wp-json\/wp\/v2\/posts\/1956","targetHints":{"allow":["GET"]}}],"collection":[{"href":"https:\/\/blogdoedvaldomagalhaes.com.br\/index.php\/wp-json\/wp\/v2\/posts"}],"about":[{"href":"https:\/\/blogdoedvaldomagalhaes.com.br\/index.php\/wp-json\/wp\/v2\/types\/post"}],"author":[{"embeddable":true,"href":"https:\/\/blogdoedvaldomagalhaes.com.br\/index.php\/wp-json\/wp\/v2\/users\/1"}],"replies":[{"embeddable":true,"href":"https:\/\/blogdoedvaldomagalhaes.com.br\/index.php\/wp-json\/wp\/v2\/comments?post=1956"}],"version-history":[{"count":1,"href":"https:\/\/blogdoedvaldomagalhaes.com.br\/index.php\/wp-json\/wp\/v2\/posts\/1956\/revisions"}],"predecessor-version":[{"id":32174,"href":"https:\/\/blogdoedvaldomagalhaes.com.br\/index.php\/wp-json\/wp\/v2\/posts\/1956\/revisions\/32174"}],"wp:attachment":[{"href":"https:\/\/blogdoedvaldomagalhaes.com.br\/index.php\/wp-json\/wp\/v2\/media?parent=1956"}],"wp:term":[{"taxonomy":"category","embeddable":true,"href":"https:\/\/blogdoedvaldomagalhaes.com.br\/index.php\/wp-json\/wp\/v2\/categories?post=1956"},{"taxonomy":"post_tag","embeddable":true,"href":"https:\/\/blogdoedvaldomagalhaes.com.br\/index.php\/wp-json\/wp\/v2\/tags?post=1956"}],"curies":[{"name":"wp","href":"https:\/\/api.w.org\/{rel}","templated":true}]}}