{"id":1955,"date":"2018-06-24T18:52:00","date_gmt":"2018-06-24T21:52:00","guid":{"rendered":"http:\/\/blogdoedvaldomagalhaes.com.br\/index.php\/2018\/06\/24\/coronel-luiz-meira-pre-candidato-ao\/"},"modified":"2019-02-09T02:21:35","modified_gmt":"2019-02-09T04:21:35","slug":"coronel-luiz-meira-pre-candidato-ao","status":"publish","type":"post","link":"https:\/\/blogdoedvaldomagalhaes.com.br\/index.php\/2018\/06\/24\/coronel-luiz-meira-pre-candidato-ao\/","title":{"rendered":"Coronel Luiz Meira pr\u00e9-candidato ao governo-PE esteve no S\u00e3o Jo\u00e3o de Caruaru"},"content":{"rendered":"<div class=\"separator\" style=\"clear: both; text-align: center;\">\n<a href=\"https:\/\/4.bp.blogspot.com\/-O3rc7n44eqU\/Wy_m4gDtFcI\/AAAAAAAA0kk\/q4xX9OiGVyosJhldJ62tEPH83h-SrQbLACLcBGAs\/s1600\/IMG-20180624-WA0057.jpg\" imageanchor=\"1\" style=\"margin-left: 1em; margin-right: 1em;\"><img loading=\"lazy\" decoding=\"async\" border=\"0\" data-original-height=\"720\" data-original-width=\"1280\" height=\"360\" src=\"http:\/\/blogdoedvaldomagalhaes.com.br\/wp-content\/uploads\/2018\/06\/IMG-20180624-WA0057.jpg\" width=\"640\" \/><\/a><\/div>\n<p><\/p>\n<div style=\"text-align: justify;\">\nO coronel Luiz Meira, pr\u00e9-candidato ao governo de Pernambuco pelo PRP, esteve na \u00faltima sexta-feira (22), no P\u00e1tio de Eventos de Caruaru. Ele foi aos camarotes da imprensa, onde concedeu entrevistas e falou sobre pol\u00edtica, depois se encontrou com a prefeita de Caruaru, Raquel Lyra (PSDB), no camarote.&nbsp;<\/div>\n<div style=\"text-align: justify;\">\n<\/div>\n<div class=\"separator\" style=\"clear: both; text-align: center;\">\n<a href=\"https:\/\/1.bp.blogspot.com\/-m-uNT6KbMvc\/Wy_m8mJtdaI\/AAAAAAAA0ko\/GdArmrljNOktcbMFpSLmr_xokp_YPfKjACLcBGAs\/s1600\/IMG-20180624-WA0055.jpg\" imageanchor=\"1\" style=\"margin-left: 1em; margin-right: 1em;\"><img loading=\"lazy\" decoding=\"async\" border=\"0\" data-original-height=\"1280\" data-original-width=\"720\" height=\"640\" src=\"http:\/\/blogdoedvaldomagalhaes.com.br\/wp-content\/uploads\/2018\/06\/IMG-20180624-WA0055.jpg\" width=\"360\" \/><\/a><\/div>\n<div class=\"separator\" style=\"clear: both; text-align: center;\">\n<\/div>\n<div class=\"separator\" style=\"clear: both; text-align: justify;\">\nConhecido como um militar \u2018linha dura\u2019, o ex-comandante da PM de Pernambuco, Luiz Meira (PRP), se coloca como pr\u00e9-candidato ao governo do estado, na inten\u00e7\u00e3o de dar palanque ao pr\u00e9-candidato \u00e0 presid\u00eancia Jair Bolsonaro (PSL).&nbsp;<\/div>\n<div class=\"separator\" style=\"clear: both; text-align: justify;\">\n<\/div>\n<div class=\"separator\" style=\"clear: both; text-align: justify;\">\nMeira garante que est\u00e1 agrupando t\u00e9cnicos de diferentes \u00e1reas para lhe ajudar a formatar um plano de governo adequado \u2018para a realidade atual do estado\u2019. Para ele, Jair Bolsonaro \u00e9 o melhor nome para ajustar o pa\u00eds em momento de imensa instabilidade.<\/div>\n<div class=\"separator\" style=\"clear: both; text-align: justify;\">\n<\/div>\n<div class=\"separator\" style=\"clear: both; text-align: justify;\">\n\u201cPessoa correta, integra. V\u00e1rios anos fazendo pol\u00edtica e limpo, sem acusa\u00e7\u00e3o de corrup\u00e7\u00e3o, nunca fez tratos e acordos que possam se esconder na c\u00e2mara, uma pessoas de fam\u00edlia, de Deus, o que o Brasil precisa hoje \u00e9 justamente disso\u201d, disse em rela\u00e7\u00e3o ao deputado federal.<\/div>\n<div style=\"text-align: justify;\">\n<\/div>\n","protected":false},"excerpt":{"rendered":"<p>O coronel Luiz Meira, pr\u00e9-candidato ao governo de Pernambuco pelo PRP, esteve na \u00faltima sexta-feira (22), no P\u00e1tio de Eventos&hellip;<\/p>\n","protected":false},"author":1,"featured_media":0,"comment_status":"open","ping_status":"open","sticky":false,"template":"","format":"standard","meta":{"footnotes":""},"categories":[1],"tags":[2,20],"class_list":["post-1955","post","type-post","status-publish","format-standard","hentry","category-sem-categoria","tag-blog-do-edvaldo-magalhaes","tag-politica"],"_links":{"self":[{"href":"https:\/\/blogdoedvaldomagalhaes.com.br\/index.php\/wp-json\/wp\/v2\/posts\/1955","targetHints":{"allow":["GET"]}}],"collection":[{"href":"https:\/\/blogdoedvaldomagalhaes.com.br\/index.php\/wp-json\/wp\/v2\/posts"}],"about":[{"href":"https:\/\/blogdoedvaldomagalhaes.com.br\/index.php\/wp-json\/wp\/v2\/types\/post"}],"author":[{"embeddable":true,"href":"https:\/\/blogdoedvaldomagalhaes.com.br\/index.php\/wp-json\/wp\/v2\/users\/1"}],"replies":[{"embeddable":true,"href":"https:\/\/blogdoedvaldomagalhaes.com.br\/index.php\/wp-json\/wp\/v2\/comments?post=1955"}],"version-history":[{"count":1,"href":"https:\/\/blogdoedvaldomagalhaes.com.br\/index.php\/wp-json\/wp\/v2\/posts\/1955\/revisions"}],"predecessor-version":[{"id":32177,"href":"https:\/\/blogdoedvaldomagalhaes.com.br\/index.php\/wp-json\/wp\/v2\/posts\/1955\/revisions\/32177"}],"wp:attachment":[{"href":"https:\/\/blogdoedvaldomagalhaes.com.br\/index.php\/wp-json\/wp\/v2\/media?parent=1955"}],"wp:term":[{"taxonomy":"category","embeddable":true,"href":"https:\/\/blogdoedvaldomagalhaes.com.br\/index.php\/wp-json\/wp\/v2\/categories?post=1955"},{"taxonomy":"post_tag","embeddable":true,"href":"https:\/\/blogdoedvaldomagalhaes.com.br\/index.php\/wp-json\/wp\/v2\/tags?post=1955"}],"curies":[{"name":"wp","href":"https:\/\/api.w.org\/{rel}","templated":true}]}}