{"id":1954,"date":"2018-06-24T18:59:00","date_gmt":"2018-06-24T21:59:00","guid":{"rendered":"http:\/\/blogdoedvaldomagalhaes.com.br\/index.php\/2018\/06\/24\/senador-humberto-costa-prestigia\/"},"modified":"2019-02-09T02:21:35","modified_gmt":"2019-02-09T04:21:35","slug":"senador-humberto-costa-prestigia","status":"publish","type":"post","link":"https:\/\/blogdoedvaldomagalhaes.com.br\/index.php\/2018\/06\/24\/senador-humberto-costa-prestigia\/","title":{"rendered":"Senador Humberto Costa prestigia v\u00e9spera de S\u00e3o Jo\u00e3o em Caruaru"},"content":{"rendered":"<div class=\"separator\" style=\"clear: both; text-align: center;\">\n<a href=\"https:\/\/3.bp.blogspot.com\/-GDckFlRaliE\/Wy_ooorDbBI\/AAAAAAAA0k4\/0Xo1EQf6IfssDNGLqr5gRxAInbJMIg8nwCLcBGAs\/s1600\/IMG-20180624-WA0059.jpg\" imageanchor=\"1\" style=\"margin-left: 1em; margin-right: 1em;\"><img loading=\"lazy\" decoding=\"async\" border=\"0\" data-original-height=\"862\" data-original-width=\"1280\" height=\"430\" src=\"http:\/\/blogdoedvaldomagalhaes.com.br\/wp-content\/uploads\/2018\/06\/IMG-20180624-WA0059.jpg\" width=\"640\" \/><\/a><\/div>\n<p><\/p>\n<div style=\"text-align: justify;\">\nO senador Humberto Costa do PT, esteve em Caruaru nesse s\u00e1bado (23), v\u00e9spera de &nbsp;S\u00e3o Jo\u00e3o. &nbsp;Humberto esteve reunido com o ex-prefeito Jos\u00e9 Queiroz e o deputado federal Wolney Queiroz (ambos do PDT), e depois foi ao P\u00e1tio de Eventos de Caruaru, sendo recebido pelo secret\u00e1rio municipal de governo, Rubens J\u00fanior, no camarote da prefeitura, em seguida visitou os camarotes da imprensa, onde concedeu v\u00e1rias entrevistas e falou sobre o quadro pol\u00edtico no estado e pa\u00eds.<\/p>\n<\/div>\n<div class=\"separator\" style=\"clear: both; text-align: center;\">\n<a href=\"https:\/\/4.bp.blogspot.com\/-kKB35X4j0Ts\/WzEcYWY_MQI\/AAAAAAAA0oU\/acPPvOSAPEkhgzqzh5u9I9l9E0N8uz3jwCLcBGAs\/s1600\/humbnerto.jpg\" imageanchor=\"1\" style=\"margin-left: 1em; margin-right: 1em;\"><img loading=\"lazy\" decoding=\"async\" border=\"0\" data-original-height=\"576\" data-original-width=\"768\" height=\"474\" src=\"http:\/\/blogdoedvaldomagalhaes.com.br\/wp-content\/uploads\/2018\/06\/humbnerto.jpg\" width=\"640\" \/><\/a><\/div>\n<p><\/p>\n<div class=\"separator\" style=\"clear: both; text-align: center;\">\n<\/div>\n<p><\/p>\n","protected":false},"excerpt":{"rendered":"<p>O senador Humberto Costa do PT, esteve em Caruaru nesse s\u00e1bado (23), v\u00e9spera de &nbsp;S\u00e3o Jo\u00e3o. &nbsp;Humberto esteve reunido com&hellip;<\/p>\n","protected":false},"author":1,"featured_media":0,"comment_status":"open","ping_status":"open","sticky":false,"template":"","format":"standard","meta":{"footnotes":""},"categories":[1],"tags":[2,20],"class_list":["post-1954","post","type-post","status-publish","format-standard","hentry","category-sem-categoria","tag-blog-do-edvaldo-magalhaes","tag-politica"],"_links":{"self":[{"href":"https:\/\/blogdoedvaldomagalhaes.com.br\/index.php\/wp-json\/wp\/v2\/posts\/1954","targetHints":{"allow":["GET"]}}],"collection":[{"href":"https:\/\/blogdoedvaldomagalhaes.com.br\/index.php\/wp-json\/wp\/v2\/posts"}],"about":[{"href":"https:\/\/blogdoedvaldomagalhaes.com.br\/index.php\/wp-json\/wp\/v2\/types\/post"}],"author":[{"embeddable":true,"href":"https:\/\/blogdoedvaldomagalhaes.com.br\/index.php\/wp-json\/wp\/v2\/users\/1"}],"replies":[{"embeddable":true,"href":"https:\/\/blogdoedvaldomagalhaes.com.br\/index.php\/wp-json\/wp\/v2\/comments?post=1954"}],"version-history":[{"count":1,"href":"https:\/\/blogdoedvaldomagalhaes.com.br\/index.php\/wp-json\/wp\/v2\/posts\/1954\/revisions"}],"predecessor-version":[{"id":32180,"href":"https:\/\/blogdoedvaldomagalhaes.com.br\/index.php\/wp-json\/wp\/v2\/posts\/1954\/revisions\/32180"}],"wp:attachment":[{"href":"https:\/\/blogdoedvaldomagalhaes.com.br\/index.php\/wp-json\/wp\/v2\/media?parent=1954"}],"wp:term":[{"taxonomy":"category","embeddable":true,"href":"https:\/\/blogdoedvaldomagalhaes.com.br\/index.php\/wp-json\/wp\/v2\/categories?post=1954"},{"taxonomy":"post_tag","embeddable":true,"href":"https:\/\/blogdoedvaldomagalhaes.com.br\/index.php\/wp-json\/wp\/v2\/tags?post=1954"}],"curies":[{"name":"wp","href":"https:\/\/api.w.org\/{rel}","templated":true}]}}