{"id":1953,"date":"2018-06-24T19:05:00","date_gmt":"2018-06-24T22:05:00","guid":{"rendered":"http:\/\/blogdoedvaldomagalhaes.com.br\/index.php\/2018\/06\/24\/marilia-arraes-silvio-costa-e-teresa\/"},"modified":"2019-02-09T02:21:35","modified_gmt":"2019-02-09T04:21:35","slug":"marilia-arraes-silvio-costa-e-teresa","status":"publish","type":"post","link":"https:\/\/blogdoedvaldomagalhaes.com.br\/index.php\/2018\/06\/24\/marilia-arraes-silvio-costa-e-teresa\/","title":{"rendered":"Marilia Arraes, Silvio Costa e Teresa Leit\u00e3o visitam S\u00e3o Jo\u00e3o de Caruaru"},"content":{"rendered":"<div class=\"separator\" style=\"clear: both; text-align: center;\">\n<a href=\"https:\/\/1.bp.blogspot.com\/-RYnsUiDl5V0\/Wy_q_LBJj4I\/AAAAAAAA0lQ\/77Prs5aDMk8LNh3HS73EFNy9htj8RVkSACLcBGAs\/s1600\/IMG-20180624-WA0066.jpg\" imageanchor=\"1\" style=\"margin-left: 1em; margin-right: 1em;\"><img loading=\"lazy\" decoding=\"async\" border=\"0\" data-original-height=\"576\" data-original-width=\"1024\" height=\"360\" src=\"http:\/\/blogdoedvaldomagalhaes.com.br\/wp-content\/uploads\/2018\/06\/IMG-20180624-WA0066.jpg\" width=\"640\" \/><\/a><\/div>\n<div class=\"separator\" style=\"clear: both; text-align: center;\">\nFoto: &nbsp;Artur Marrocos\/Divulga\u00e7\u00e3o<\/div>\n<div class=\"separator\" style=\"clear: both; text-align: center;\">\n<\/div>\n<div class=\"separator\" style=\"clear: both; text-align: justify;\">\nA vereadora do Recife e pr\u00e9-candidata ao governo de Pernambuco, Mar\u00edlia Arraes (PT), o deputado Federal e pr\u00e9-candidato ao Senado por Pernambuco, Silvio Costa (Avante), e a deputada estadual e pr\u00e9-candidata a reelei\u00e7\u00e3o, Teresa Leit\u00e3o (PT), estiveram noite desse s\u00e1bado (23), no P\u00e1tio de Eventos Luiz Gonzaga, em Caruaru. Os pr\u00e9-candidatos a deputado Carlos Veras e Ernesto Maia, tamb\u00e9m acompanharam. Todos foram recebidos pelos vereadores Fagner Fernandes (Avante) e Daniel Lula Finizola (PT), este \u00faltimo \u00e9 pr\u00e9-candidato a deputado.<\/div>\n<div style=\"text-align: justify;\">\n<\/div>\n","protected":false},"excerpt":{"rendered":"<p>Foto: &nbsp;Artur Marrocos\/Divulga\u00e7\u00e3o A vereadora do Recife e pr\u00e9-candidata ao governo de Pernambuco, Mar\u00edlia Arraes (PT), o deputado Federal e&hellip;<\/p>\n","protected":false},"author":1,"featured_media":0,"comment_status":"open","ping_status":"open","sticky":false,"template":"","format":"standard","meta":{"footnotes":""},"categories":[1],"tags":[2,2016,20,2017],"class_list":["post-1953","post","type-post","status-publish","format-standard","hentry","category-sem-categoria","tag-blog-do-edvaldo-magalhaes","tag-marilia-arraes","tag-politica","tag-silvio-costa-e-teresa-leitao-visitam-sao-joao-de-caruaru"],"_links":{"self":[{"href":"https:\/\/blogdoedvaldomagalhaes.com.br\/index.php\/wp-json\/wp\/v2\/posts\/1953","targetHints":{"allow":["GET"]}}],"collection":[{"href":"https:\/\/blogdoedvaldomagalhaes.com.br\/index.php\/wp-json\/wp\/v2\/posts"}],"about":[{"href":"https:\/\/blogdoedvaldomagalhaes.com.br\/index.php\/wp-json\/wp\/v2\/types\/post"}],"author":[{"embeddable":true,"href":"https:\/\/blogdoedvaldomagalhaes.com.br\/index.php\/wp-json\/wp\/v2\/users\/1"}],"replies":[{"embeddable":true,"href":"https:\/\/blogdoedvaldomagalhaes.com.br\/index.php\/wp-json\/wp\/v2\/comments?post=1953"}],"version-history":[{"count":1,"href":"https:\/\/blogdoedvaldomagalhaes.com.br\/index.php\/wp-json\/wp\/v2\/posts\/1953\/revisions"}],"predecessor-version":[{"id":32182,"href":"https:\/\/blogdoedvaldomagalhaes.com.br\/index.php\/wp-json\/wp\/v2\/posts\/1953\/revisions\/32182"}],"wp:attachment":[{"href":"https:\/\/blogdoedvaldomagalhaes.com.br\/index.php\/wp-json\/wp\/v2\/media?parent=1953"}],"wp:term":[{"taxonomy":"category","embeddable":true,"href":"https:\/\/blogdoedvaldomagalhaes.com.br\/index.php\/wp-json\/wp\/v2\/categories?post=1953"},{"taxonomy":"post_tag","embeddable":true,"href":"https:\/\/blogdoedvaldomagalhaes.com.br\/index.php\/wp-json\/wp\/v2\/tags?post=1953"}],"curies":[{"name":"wp","href":"https:\/\/api.w.org\/{rel}","templated":true}]}}