{"id":1951,"date":"2018-06-25T15:06:00","date_gmt":"2018-06-25T18:06:00","guid":{"rendered":"http:\/\/blogdoedvaldomagalhaes.com.br\/index.php\/2018\/06\/25\/lula-torres-pode-dobrar-com-bruno\/"},"modified":"2019-02-09T02:21:37","modified_gmt":"2019-02-09T04:21:37","slug":"lula-torres-pode-dobrar-com-bruno","status":"publish","type":"post","link":"https:\/\/blogdoedvaldomagalhaes.com.br\/index.php\/2018\/06\/25\/lula-torres-pode-dobrar-com-bruno\/","title":{"rendered":"Lula T\u00f4rres pode dobrar com Bruno Ara\u00fajo na disputa para deputado estadual"},"content":{"rendered":"<div class=\"separator\" style=\"clear: both; text-align: center;\">\n<a href=\"https:\/\/1.bp.blogspot.com\/-ciUpfMbODGw\/WzEDo-OIyvI\/AAAAAAAA0nQ\/nhq5J4wtJxIvp9D-T8DBwKqKk720LejLwCLcBGAs\/s1600\/IMG-20180625-WA0064.jpg\" imageanchor=\"1\" style=\"margin-left: 1em; margin-right: 1em;\"><img loading=\"lazy\" decoding=\"async\" border=\"0\" data-original-height=\"482\" data-original-width=\"750\" height=\"410\" src=\"http:\/\/blogdoedvaldomagalhaes.com.br\/wp-content\/uploads\/2018\/06\/IMG-20180625-WA0064.jpg\" width=\"640\" \/><\/a><\/div>\n<div class=\"separator\" style=\"clear: both; text-align: center;\">\nFoto: A assessoria de imprensa\/Divulga\u00e7\u00e3o&nbsp;<\/div>\n<p><\/p>\n<div style=\"text-align: justify;\">\nCom a candidatura tomando corpo e sendo fortalecida a cada dia, o vereador Lula T\u00f4rres que \u00e9 pr\u00e9-candidato a Deputado Estadual, poder\u00e1 fazer uma dobradinha com o Dep. Federal Bruno Ara\u00fajo na disputa para a chegada na Assembleia Legislativa de Pernambuco, a Alepe. Isso significa que Bruno dever\u00e1 concorrer a vaga para a C\u00e2mara Federal, e Lula para a Alepe no mesmo grupo.&nbsp;<\/div>\n<div style=\"text-align: justify;\">\n<\/div>\n<div style=\"text-align: justify;\">\nA pr\u00e9-candidatura de Lula T\u00f4rres tem crescido desde o an\u00fancio da mudan\u00e7a dele para o PSDB, que indica desde o in\u00edcio de maio a inten\u00e7\u00e3o de Lula de disputar a vaga para Deputado Estadual. Lideran\u00e7as e vereadores j\u00e1 demonstraram apoio a postula\u00e7\u00e3o de Lula T\u00f4rres, que poder\u00e1 contar com o apoio expresso da Prefeita Raquel Lyra e do ex-governador Jo\u00e3o Lyra Neto para a disputa.<\/div>\n","protected":false},"excerpt":{"rendered":"<p>Foto: A assessoria de imprensa\/Divulga\u00e7\u00e3o&nbsp; Com a candidatura tomando corpo e sendo fortalecida a cada dia, o vereador Lula T\u00f4rres&hellip;<\/p>\n","protected":false},"author":1,"featured_media":0,"comment_status":"open","ping_status":"open","sticky":false,"template":"","format":"standard","meta":{"footnotes":""},"categories":[1],"tags":[2,2013,20],"class_list":["post-1951","post","type-post","status-publish","format-standard","hentry","category-sem-categoria","tag-blog-do-edvaldo-magalhaes","tag-lula-torres-pode-dobrar-com-bruno-araujo-na-disputa-para-deputado-estadual","tag-politica"],"_links":{"self":[{"href":"https:\/\/blogdoedvaldomagalhaes.com.br\/index.php\/wp-json\/wp\/v2\/posts\/1951","targetHints":{"allow":["GET"]}}],"collection":[{"href":"https:\/\/blogdoedvaldomagalhaes.com.br\/index.php\/wp-json\/wp\/v2\/posts"}],"about":[{"href":"https:\/\/blogdoedvaldomagalhaes.com.br\/index.php\/wp-json\/wp\/v2\/types\/post"}],"author":[{"embeddable":true,"href":"https:\/\/blogdoedvaldomagalhaes.com.br\/index.php\/wp-json\/wp\/v2\/users\/1"}],"replies":[{"embeddable":true,"href":"https:\/\/blogdoedvaldomagalhaes.com.br\/index.php\/wp-json\/wp\/v2\/comments?post=1951"}],"version-history":[{"count":1,"href":"https:\/\/blogdoedvaldomagalhaes.com.br\/index.php\/wp-json\/wp\/v2\/posts\/1951\/revisions"}],"predecessor-version":[{"id":32188,"href":"https:\/\/blogdoedvaldomagalhaes.com.br\/index.php\/wp-json\/wp\/v2\/posts\/1951\/revisions\/32188"}],"wp:attachment":[{"href":"https:\/\/blogdoedvaldomagalhaes.com.br\/index.php\/wp-json\/wp\/v2\/media?parent=1951"}],"wp:term":[{"taxonomy":"category","embeddable":true,"href":"https:\/\/blogdoedvaldomagalhaes.com.br\/index.php\/wp-json\/wp\/v2\/categories?post=1951"},{"taxonomy":"post_tag","embeddable":true,"href":"https:\/\/blogdoedvaldomagalhaes.com.br\/index.php\/wp-json\/wp\/v2\/tags?post=1951"}],"curies":[{"name":"wp","href":"https:\/\/api.w.org\/{rel}","templated":true}]}}