{"id":1950,"date":"2018-06-25T16:20:00","date_gmt":"2018-06-25T19:20:00","guid":{"rendered":"http:\/\/blogdoedvaldomagalhaes.com.br\/index.php\/2018\/06\/25\/funcionarios-de-empresa-de-onibus\/"},"modified":"2019-02-09T02:21:38","modified_gmt":"2019-02-09T04:21:38","slug":"funcionarios-de-empresa-de-onibus","status":"publish","type":"post","link":"https:\/\/blogdoedvaldomagalhaes.com.br\/index.php\/2018\/06\/25\/funcionarios-de-empresa-de-onibus\/","title":{"rendered":"Funcion\u00e1rios de empresa de \u00f4nibus realizam protesto em Caruaru e Secret\u00e1rios Municipais concedem entrevista coletiva"},"content":{"rendered":"<div class=\"separator\" style=\"clear: both; text-align: center;\">\n<a href=\"https:\/\/4.bp.blogspot.com\/-32eBbDPQEFw\/WzEViy9zpeI\/AAAAAAAA0n8\/UTiFG9_spSceJOGoo1LwTcdORJ6bg-8SgCLcBGAs\/s1600\/protesyto.jpg\" imageanchor=\"1\" style=\"margin-left: 1em; margin-right: 1em;\"><img loading=\"lazy\" decoding=\"async\" border=\"0\" data-original-height=\"231\" data-original-width=\"300\" height=\"492\" src=\"http:\/\/blogdoedvaldomagalhaes.com.br\/wp-content\/uploads\/2018\/06\/protesyto.jpg\" width=\"640\" \/><\/a><\/div>\n<p><\/p>\n<div style=\"background-color: white; box-sizing: border-box; line-height: 24px; margin-bottom: 10px; text-align: justify;\">\nOs funcion\u00e1rios da Empresa Bahia realizaram um protesto, na manh\u00e3 desta segunda-feira (25), no Centro de Caruaru. Eles atearam fogo em pneus no in\u00edcio da Rua 15 de Novembro, bloqueando o tr\u00e2nsito, alegando que ficar\u00e3o desempregados a partir desta ter\u00e7a-feira (26), devido o&nbsp;processo licitat\u00f3rio, que aconteceu em 2015, onde as empresas Coletivo, Tabosa e Capital do Agreste ficaram aptas a rodar com o novo sistema, com isso, Bahia e outras empresas da zona rural, al\u00e9m de transportes alternativos estar\u00e3o proibidos de circular em Caruaru.&nbsp;<\/p>\n<p>Os secret\u00e1rios municipais Rubens J\u00fanior (Governo), Luiz Aureliano (Ordem P\u00fablica) e Diogo Bezerra (Fazenda), al\u00e9m de Dimitri Bezerra (Controlador Geral) e Roberto Bezerra (presidente da Destra), concederam entrevista coletiva no in\u00edcio da tarde desta segunda-feira (25).<\/p>\n<p>O Controlador Geral, Dimitri Bezerra, afirmou que &#8220;o transporte coletivo vai funcionar com muita tranquilidade a partir de agora. O processo licitat\u00f3rio do transporte p\u00fablico foi realizado em 2015, na Gest\u00e3o anterior, quando os contratos foram firmados e as ordens de servi\u00e7os foram dados. Por iniciativa do Minist\u00e9rio P\u00fablico de Pernambuco e Minist\u00e9rio P\u00fablico de Contas, o processo de concess\u00e3o das linhas foi suspenso ainda em 2015, quando o Poder Judici\u00e1rio&nbsp; e o Tribunal de Contas apuraram supostas irregularidades na condu\u00e7\u00e3o do processo liciat\u00f3rio. Em meados de 2016, o Tribunal de Contas revogou a cautelar que suspendia, mas a liminar do Poder Judici\u00e1rio permaneceu, que foi revogada por uma senten\u00e7a na 2\u00aa Vara da Fazenda P\u00fablica de Caruaru, em setembro de 2017, a partir do momento que foi determinado pelo Poder Judici\u00e1rio, que as ordens de servi\u00e7os dadas em 2015 deveriam ser revalidadas, a Destra iniciou as vistorias nas empresas ganhadoras do processo licitat\u00f3rio, avaliando a capacidade operativa, sendo encerrado a vistoria agora, colocando em pr\u00e1tica a licita\u00e7\u00e3o. A empresa Bahia declinou de participar do processo licitat\u00f3rio, por isso n\u00e3o poder\u00e1 mais atuar no munic\u00edpio&#8221; concluiu Dimitri.&nbsp;<\/p>\n<p>Os ve\u00edculos lota\u00e7\u00f5es n\u00e3o poder\u00e3o fazer as linhas das tr\u00eas empresas vencedoras do processo licitat\u00f3rio, de acordo com o presidente da Destra, Roberto Bezerra.<\/p><\/div>\n","protected":false},"excerpt":{"rendered":"<p>Os funcion\u00e1rios da Empresa Bahia realizaram um protesto, na manh\u00e3 desta segunda-feira (25), no Centro de Caruaru. Eles atearam fogo&hellip;<\/p>\n","protected":false},"author":1,"featured_media":0,"comment_status":"open","ping_status":"open","sticky":false,"template":"","format":"standard","meta":{"footnotes":""},"categories":[1],"tags":[2,2012,6],"class_list":["post-1950","post","type-post","status-publish","format-standard","hentry","category-sem-categoria","tag-blog-do-edvaldo-magalhaes","tag-funcionarios-de-empresa-de-onibus-realizam-protesto-em-caruaru-e-secretarios-municipais-concedem-entrevista-coletiva","tag-noticias"],"_links":{"self":[{"href":"https:\/\/blogdoedvaldomagalhaes.com.br\/index.php\/wp-json\/wp\/v2\/posts\/1950","targetHints":{"allow":["GET"]}}],"collection":[{"href":"https:\/\/blogdoedvaldomagalhaes.com.br\/index.php\/wp-json\/wp\/v2\/posts"}],"about":[{"href":"https:\/\/blogdoedvaldomagalhaes.com.br\/index.php\/wp-json\/wp\/v2\/types\/post"}],"author":[{"embeddable":true,"href":"https:\/\/blogdoedvaldomagalhaes.com.br\/index.php\/wp-json\/wp\/v2\/users\/1"}],"replies":[{"embeddable":true,"href":"https:\/\/blogdoedvaldomagalhaes.com.br\/index.php\/wp-json\/wp\/v2\/comments?post=1950"}],"version-history":[{"count":1,"href":"https:\/\/blogdoedvaldomagalhaes.com.br\/index.php\/wp-json\/wp\/v2\/posts\/1950\/revisions"}],"predecessor-version":[{"id":32190,"href":"https:\/\/blogdoedvaldomagalhaes.com.br\/index.php\/wp-json\/wp\/v2\/posts\/1950\/revisions\/32190"}],"wp:attachment":[{"href":"https:\/\/blogdoedvaldomagalhaes.com.br\/index.php\/wp-json\/wp\/v2\/media?parent=1950"}],"wp:term":[{"taxonomy":"category","embeddable":true,"href":"https:\/\/blogdoedvaldomagalhaes.com.br\/index.php\/wp-json\/wp\/v2\/categories?post=1950"},{"taxonomy":"post_tag","embeddable":true,"href":"https:\/\/blogdoedvaldomagalhaes.com.br\/index.php\/wp-json\/wp\/v2\/tags?post=1950"}],"curies":[{"name":"wp","href":"https:\/\/api.w.org\/{rel}","templated":true}]}}