{"id":1948,"date":"2018-06-25T16:50:00","date_gmt":"2018-06-25T19:50:00","guid":{"rendered":"http:\/\/blogdoedvaldomagalhaes.com.br\/index.php\/2018\/06\/25\/manoel-santos-assume-presidencia-do\/"},"modified":"2019-02-09T02:21:39","modified_gmt":"2019-02-09T04:21:39","slug":"manoel-santos-assume-presidencia-do","status":"publish","type":"post","link":"https:\/\/blogdoedvaldomagalhaes.com.br\/index.php\/2018\/06\/25\/manoel-santos-assume-presidencia-do\/","title":{"rendered":"Manoel Santos assume a presid\u00eancia do Sindloja nesta ter\u00e7a-feira (26)"},"content":{"rendered":"<div class=\"separator\" style=\"clear: both; text-align: center;\">\n<a href=\"https:\/\/1.bp.blogspot.com\/-q6ED6KaYTLw\/WzEdOBt-PqI\/AAAAAAAA0oc\/ngN5vxSM6icpafh26h0VWLl-wT41BA08gCLcBGAs\/s1600\/man%25C3%25A9.jpg\" imageanchor=\"1\" style=\"margin-left: 1em; margin-right: 1em;\"><img loading=\"lazy\" decoding=\"async\" border=\"0\" data-original-height=\"372\" data-original-width=\"620\" height=\"384\" src=\"http:\/\/blogdoedvaldomagalhaes.com.br\/wp-content\/uploads\/2018\/06\/manC3A9.jpg\" width=\"640\" \/><\/a><\/div>\n<div style=\"text-align: justify;\">\n<\/div>\n<div style=\"text-align: justify;\">\nNesta ter\u00e7a-feira (26), na sede do Sindicato dos Lojistas do Com\u00e9rcio de Caruaru (Sindloja), acontece a cerim\u00f4nia de posse da nova diretoria eleita para o quadri\u00eanio 2018-2022. O evento acontecer\u00e1 \u00e0s 8h, na Avenida Le\u00e3o Dourado, 51-A, no bairro S\u00e3o Francisco.<\/div>\n<div style=\"text-align: justify;\">\n<\/div>\n<div style=\"text-align: justify;\">\nAssume como presidente do Sindloja o empres\u00e1rio Manoel Santos, juntamente com os demais membros da diretoria da chapa \u201cO Sindloja \u00e9 voc\u00ea\u201d, eleita no dia 12 deste m\u00eas por escolha da maioria dos lojistas filiados \u00e0 entidade.<\/div>\n<div style=\"text-align: justify;\">\n<\/div>\n<div style=\"text-align: justify;\">\nManoel Santos \u00e9 executivo da Cazanova Constru\u00e7\u00e3o e assume o cargo maior do Sindloja pela segunda vez. Ele sucede o empres\u00e1rio Alberes Lopes, que ficou no comando do Sindloja entre 2014 e 2018.<\/div>\n<div style=\"text-align: justify;\">\n<\/div>\n<div style=\"text-align: justify;\">\nAntes da cerim\u00f4nia ser\u00e1 servido um caf\u00e9 da manh\u00e3 para os convidados.<\/div>\n<div style=\"text-align: justify;\">\n<\/div>\n","protected":false},"excerpt":{"rendered":"<p>Nesta ter\u00e7a-feira (26), na sede do Sindicato dos Lojistas do Com\u00e9rcio de Caruaru (Sindloja), acontece a cerim\u00f4nia de posse da&hellip;<\/p>\n","protected":false},"author":1,"featured_media":0,"comment_status":"open","ping_status":"open","sticky":false,"template":"","format":"standard","meta":{"footnotes":""},"categories":[1],"tags":[2,2010,6],"class_list":["post-1948","post","type-post","status-publish","format-standard","hentry","category-sem-categoria","tag-blog-do-edvaldo-magalhaes","tag-manoel-santos-assume-a-presidencia-do-sindloja-nesta-terca-feira-26","tag-noticias"],"_links":{"self":[{"href":"https:\/\/blogdoedvaldomagalhaes.com.br\/index.php\/wp-json\/wp\/v2\/posts\/1948","targetHints":{"allow":["GET"]}}],"collection":[{"href":"https:\/\/blogdoedvaldomagalhaes.com.br\/index.php\/wp-json\/wp\/v2\/posts"}],"about":[{"href":"https:\/\/blogdoedvaldomagalhaes.com.br\/index.php\/wp-json\/wp\/v2\/types\/post"}],"author":[{"embeddable":true,"href":"https:\/\/blogdoedvaldomagalhaes.com.br\/index.php\/wp-json\/wp\/v2\/users\/1"}],"replies":[{"embeddable":true,"href":"https:\/\/blogdoedvaldomagalhaes.com.br\/index.php\/wp-json\/wp\/v2\/comments?post=1948"}],"version-history":[{"count":1,"href":"https:\/\/blogdoedvaldomagalhaes.com.br\/index.php\/wp-json\/wp\/v2\/posts\/1948\/revisions"}],"predecessor-version":[{"id":32194,"href":"https:\/\/blogdoedvaldomagalhaes.com.br\/index.php\/wp-json\/wp\/v2\/posts\/1948\/revisions\/32194"}],"wp:attachment":[{"href":"https:\/\/blogdoedvaldomagalhaes.com.br\/index.php\/wp-json\/wp\/v2\/media?parent=1948"}],"wp:term":[{"taxonomy":"category","embeddable":true,"href":"https:\/\/blogdoedvaldomagalhaes.com.br\/index.php\/wp-json\/wp\/v2\/categories?post=1948"},{"taxonomy":"post_tag","embeddable":true,"href":"https:\/\/blogdoedvaldomagalhaes.com.br\/index.php\/wp-json\/wp\/v2\/tags?post=1948"}],"curies":[{"name":"wp","href":"https:\/\/api.w.org\/{rel}","templated":true}]}}