{"id":1947,"date":"2018-06-25T18:27:00","date_gmt":"2018-06-25T21:27:00","guid":{"rendered":"http:\/\/blogdoedvaldomagalhaes.com.br\/index.php\/2018\/06\/25\/caruaru-beijaco-marlon-wesley-pelo-fi\/"},"modified":"2019-02-09T02:21:42","modified_gmt":"2019-02-09T04:21:42","slug":"caruaru-beijaco-marlon-wesley-pelo-fi","status":"publish","type":"post","link":"https:\/\/blogdoedvaldomagalhaes.com.br\/index.php\/2018\/06\/25\/caruaru-beijaco-marlon-wesley-pelo-fi\/","title":{"rendered":"Caruaru: Beija\u00e7o Marlon Wesley- Pelo Fim da LGBTfobia"},"content":{"rendered":"<div class=\"separator\" style=\"clear: both; text-align: center;\">\n<a href=\"https:\/\/3.bp.blogspot.com\/-qEZvldXcua8\/WzEzYbCcJHI\/AAAAAAAA0o4\/znWX8JCTXp46Z9QHgkOGBHnUWW8D4HrjQCLcBGAs\/s1600\/IMG-20180625-WA0091.jpg\" imageanchor=\"1\" style=\"margin-left: 1em; margin-right: 1em;\"><img loading=\"lazy\" decoding=\"async\" border=\"0\" data-original-height=\"1200\" data-original-width=\"1200\" height=\"640\" src=\"http:\/\/blogdoedvaldomagalhaes.com.br\/wp-content\/uploads\/2018\/06\/IMG-20180625-WA0091.jpg\" width=\"640\" \/><\/a><\/div>\n<p><\/p>\n<div style=\"text-align: justify;\">\n<b>Nota<\/b><\/div>\n<div style=\"text-align: justify;\">\n<b><br \/><\/b><\/div>\n<div style=\"text-align: justify;\">\nBEIJAMOS PARA MOSTRAR QUE N\u00c3O QUEREMOS MORRER!<\/div>\n<div style=\"text-align: justify;\">\n<\/div>\n<div style=\"text-align: justify;\">\nNo dia 27 de abril de 2017 perdemos Marlon Wesley. Perdemos ele para LGBTfobia. Marlon foi perseguido e espancado, apenas por ser um jovem gay, ap\u00f3s sair do seu local de trabalho na Rua Silvino Mac\u00eado, em Caruaru-PE, no dia 24 de abril de 2017. Sua fam\u00edlia o encontrou no Hospital da Restaura\u00e7\u00e3o em Recife-PE, com traumatismo craniano que acabou o levando \u00e0 morte. Apesar da pol\u00edcia j\u00e1 saber o autor dessa cruel viol\u00eancia, esse crime LGBTf\u00f3bico permanece na impunidade.<\/div>\n<div style=\"text-align: justify;\">\n<\/div>\n<div style=\"text-align: justify;\">\nPara lembrar Marlon e todas\/os as\/os L\u00e9sbicas, Gays, Bissexuais, Travestis Transexuais (LGBT) que j\u00e1 foram assassinados em Caruaru-PE, o Coletivo Lutas e Cores realizar\u00e1 o BEIJA\u00c7O MARLON WESLEY \u2013 PELO FIM DA LGBTFOBIA. O evento acontecer\u00e1 no Polo Mestre Camar\u00e3o do S\u00e3o Jo\u00e3o de Caruaru que fica localizado dentro do Parque de Eventos Luiz Lua Gonzaga, no dia 28 de junho, \u00e0s 18:30h.<\/div>\n<div style=\"text-align: justify;\">\n<\/div>\n<div style=\"text-align: justify;\">\nConvidamos todas\/os as\/os LGBT para participar desse importante ato pol\u00edtico em defesa das nossas vidas e na luta pela justi\u00e7a para Marlon Wesley e todas\/os as\/os LGBT assassinados. Logo ap\u00f3s o Beija\u00e7o, vai rolar a 3\u00b0 Interven\u00e7\u00e3o Cultural LGBT no S\u00e3o Jo\u00e3o de Caruaru. Ent\u00e3o aproveita pra vim lutar e arrasar nessa tour!<\/div>\n","protected":false},"excerpt":{"rendered":"<p>Nota BEIJAMOS PARA MOSTRAR QUE N\u00c3O QUEREMOS MORRER! No dia 27 de abril de 2017 perdemos Marlon Wesley. Perdemos ele&hellip;<\/p>\n","protected":false},"author":1,"featured_media":0,"comment_status":"open","ping_status":"open","sticky":false,"template":"","format":"standard","meta":{"footnotes":""},"categories":[1],"tags":[2,2009,6],"class_list":["post-1947","post","type-post","status-publish","format-standard","hentry","category-sem-categoria","tag-blog-do-edvaldo-magalhaes","tag-caruaru-beijaco-marlon-wesley-pelo-fim-da-lgbtfobia","tag-noticias"],"_links":{"self":[{"href":"https:\/\/blogdoedvaldomagalhaes.com.br\/index.php\/wp-json\/wp\/v2\/posts\/1947","targetHints":{"allow":["GET"]}}],"collection":[{"href":"https:\/\/blogdoedvaldomagalhaes.com.br\/index.php\/wp-json\/wp\/v2\/posts"}],"about":[{"href":"https:\/\/blogdoedvaldomagalhaes.com.br\/index.php\/wp-json\/wp\/v2\/types\/post"}],"author":[{"embeddable":true,"href":"https:\/\/blogdoedvaldomagalhaes.com.br\/index.php\/wp-json\/wp\/v2\/users\/1"}],"replies":[{"embeddable":true,"href":"https:\/\/blogdoedvaldomagalhaes.com.br\/index.php\/wp-json\/wp\/v2\/comments?post=1947"}],"version-history":[{"count":1,"href":"https:\/\/blogdoedvaldomagalhaes.com.br\/index.php\/wp-json\/wp\/v2\/posts\/1947\/revisions"}],"predecessor-version":[{"id":32196,"href":"https:\/\/blogdoedvaldomagalhaes.com.br\/index.php\/wp-json\/wp\/v2\/posts\/1947\/revisions\/32196"}],"wp:attachment":[{"href":"https:\/\/blogdoedvaldomagalhaes.com.br\/index.php\/wp-json\/wp\/v2\/media?parent=1947"}],"wp:term":[{"taxonomy":"category","embeddable":true,"href":"https:\/\/blogdoedvaldomagalhaes.com.br\/index.php\/wp-json\/wp\/v2\/categories?post=1947"},{"taxonomy":"post_tag","embeddable":true,"href":"https:\/\/blogdoedvaldomagalhaes.com.br\/index.php\/wp-json\/wp\/v2\/tags?post=1947"}],"curies":[{"name":"wp","href":"https:\/\/api.w.org\/{rel}","templated":true}]}}