{"id":1946,"date":"2018-06-25T18:43:00","date_gmt":"2018-06-25T21:43:00","guid":{"rendered":"http:\/\/blogdoedvaldomagalhaes.com.br\/index.php\/2018\/06\/25\/dom-dino-comemora-bodas-de-ouro\/"},"modified":"2019-02-09T02:21:42","modified_gmt":"2019-02-09T04:21:42","slug":"dom-dino-comemora-bodas-de-ouro","status":"publish","type":"post","link":"https:\/\/blogdoedvaldomagalhaes.com.br\/index.php\/2018\/06\/25\/dom-dino-comemora-bodas-de-ouro\/","title":{"rendered":"Dom Dino comemora Bodas de Ouro Sacerdotal"},"content":{"rendered":"<div class=\"separator\" style=\"clear: both; text-align: center;\">\n<a href=\"https:\/\/4.bp.blogspot.com\/-yKc3Z1p3Tpk\/WzE2lS3aBMI\/AAAAAAAA0pE\/nQLVuzBK55kgXbajcIl5zsdttE3KkxnHQCLcBGAs\/s1600\/dd.jpg\" imageanchor=\"1\" style=\"margin-left: 1em; margin-right: 1em;\"><img loading=\"lazy\" decoding=\"async\" border=\"0\" data-original-height=\"960\" data-original-width=\"960\" height=\"640\" src=\"http:\/\/blogdoedvaldomagalhaes.com.br\/wp-content\/uploads\/2018\/06\/dd.jpg\" width=\"640\" \/><\/a><\/div>\n<div class=\"separator\" style=\"clear: both; text-align: center;\">\n<\/div>\n<div class=\"separator\" style=\"clear: both; text-align: justify;\">\nNa pr\u00f3ximo sexta-feira (29), a Diocese de Caruaru vai render gra\u00e7as a Deus pelas Bodas de Ouro Sacerdotal do Bispo Diocesano, Dom Bernardino Marchi\u00f3. O anivers\u00e1rio de 50 anos de Ordena\u00e7\u00e3o Sacerdotal de Dom Dino ser\u00e1 comemorado com uma Missa em A\u00e7\u00e3o de Gra\u00e7as no Santu\u00e1rio da Gra\u00e7a, \u00e0s 10h, no bairro Petr\u00f3polis.<\/div>\n","protected":false},"excerpt":{"rendered":"<p>Na pr\u00f3ximo sexta-feira (29), a Diocese de Caruaru vai render gra\u00e7as a Deus pelas Bodas de Ouro Sacerdotal do Bispo&hellip;<\/p>\n","protected":false},"author":1,"featured_media":0,"comment_status":"open","ping_status":"open","sticky":false,"template":"","format":"standard","meta":{"footnotes":""},"categories":[1],"tags":[2,2008,6],"class_list":["post-1946","post","type-post","status-publish","format-standard","hentry","category-sem-categoria","tag-blog-do-edvaldo-magalhaes","tag-dom-dino-comemora-bodas-de-ouro-sacerdotal","tag-noticias"],"_links":{"self":[{"href":"https:\/\/blogdoedvaldomagalhaes.com.br\/index.php\/wp-json\/wp\/v2\/posts\/1946","targetHints":{"allow":["GET"]}}],"collection":[{"href":"https:\/\/blogdoedvaldomagalhaes.com.br\/index.php\/wp-json\/wp\/v2\/posts"}],"about":[{"href":"https:\/\/blogdoedvaldomagalhaes.com.br\/index.php\/wp-json\/wp\/v2\/types\/post"}],"author":[{"embeddable":true,"href":"https:\/\/blogdoedvaldomagalhaes.com.br\/index.php\/wp-json\/wp\/v2\/users\/1"}],"replies":[{"embeddable":true,"href":"https:\/\/blogdoedvaldomagalhaes.com.br\/index.php\/wp-json\/wp\/v2\/comments?post=1946"}],"version-history":[{"count":1,"href":"https:\/\/blogdoedvaldomagalhaes.com.br\/index.php\/wp-json\/wp\/v2\/posts\/1946\/revisions"}],"predecessor-version":[{"id":32198,"href":"https:\/\/blogdoedvaldomagalhaes.com.br\/index.php\/wp-json\/wp\/v2\/posts\/1946\/revisions\/32198"}],"wp:attachment":[{"href":"https:\/\/blogdoedvaldomagalhaes.com.br\/index.php\/wp-json\/wp\/v2\/media?parent=1946"}],"wp:term":[{"taxonomy":"category","embeddable":true,"href":"https:\/\/blogdoedvaldomagalhaes.com.br\/index.php\/wp-json\/wp\/v2\/categories?post=1946"},{"taxonomy":"post_tag","embeddable":true,"href":"https:\/\/blogdoedvaldomagalhaes.com.br\/index.php\/wp-json\/wp\/v2\/tags?post=1946"}],"curies":[{"name":"wp","href":"https:\/\/api.w.org\/{rel}","templated":true}]}}