{"id":1945,"date":"2018-06-25T21:39:00","date_gmt":"2018-06-26T00:39:00","guid":{"rendered":"http:\/\/blogdoedvaldomagalhaes.com.br\/index.php\/2018\/06\/25\/acidente-em-cruzamento-no-bairro\/"},"modified":"2019-02-09T02:21:43","modified_gmt":"2019-02-09T04:21:43","slug":"acidente-em-cruzamento-no-bairro","status":"publish","type":"post","link":"https:\/\/blogdoedvaldomagalhaes.com.br\/index.php\/2018\/06\/25\/acidente-em-cruzamento-no-bairro\/","title":{"rendered":"Acidente em cruzamento no bairro Maur\u00edcio de Nassau em Caruaru"},"content":{"rendered":"<div class=\"separator\" style=\"clear: both; text-align: center;\">\n<a href=\"https:\/\/3.bp.blogspot.com\/-ljNQqrYi0fM\/WzFghcIsYcI\/AAAAAAAA0pc\/eLsgQHjHE3oxjvoAWj_9oL-hJTLUKTiTACLcBGAs\/s1600\/carro.jpg\" imageanchor=\"1\" style=\"margin-left: 1em; margin-right: 1em;\"><img loading=\"lazy\" decoding=\"async\" border=\"0\" data-original-height=\"281\" data-original-width=\"500\" height=\"354\" src=\"http:\/\/blogdoedvaldomagalhaes.com.br\/wp-content\/uploads\/2018\/06\/carro.jpg\" width=\"640\" \/><\/a><\/div>\n<div class=\"separator\" style=\"clear: both; text-align: center;\">\nFoto: Dayvson Robert<\/div>\n<div class=\"separator\" style=\"clear: both; text-align: center;\">\n<\/div>\n<div style=\"background-color: white; box-sizing: border-box; line-height: 24px; margin-bottom: 10px; text-align: justify;\">\nO acidente ocorreu na tarde desta segunda-feira (25) no cruzamento das ruas Laudelino Rocha e Jo\u00e3o Cursino, bairro Maur\u00edcio de Nassau, em Caruaru. As colis\u00f5es s\u00e3o constantes no citado cruzamento.<\/p>\n<div class=\"separator\" style=\"clear: both; text-align: center;\">\n<a href=\"https:\/\/3.bp.blogspot.com\/-38EjOMCzw4E\/WzFnOfbXSPI\/AAAAAAAA0qc\/iTJ-ZzfCXEAL4I5mD4s_GceNH_LYpb9CgCLcBGAs\/s1600\/agora.jpg\" imageanchor=\"1\" style=\"margin-left: 1em; margin-right: 1em;\"><img loading=\"lazy\" decoding=\"async\" border=\"0\" data-original-height=\"359\" data-original-width=\"360\" height=\"632\" src=\"http:\/\/blogdoedvaldomagalhaes.com.br\/wp-content\/uploads\/2018\/06\/agora-2.jpg\" width=\"640\" \/><\/a><\/div>\n<div class=\"separator\" style=\"clear: both; text-align: center;\">\n<\/div>\n<p><\/div>\n<div style=\"background-color: white; box-sizing: border-box; line-height: 24px; margin-bottom: 10px; text-align: justify;\">\nUm ve\u00edculo HB 20 branco colidiu com um Jeep Renegade, que capotou e parou ap\u00f3s bater em um poste. Os passageiros dos dois ve\u00edculos n\u00e3o se feriram.<\/p>\n<div class=\"separator\" style=\"clear: both; text-align: center;\">\n<a href=\"https:\/\/4.bp.blogspot.com\/-Cf1HyPyR3Ms\/WzFmpYuTYnI\/AAAAAAAA0qM\/PrPjHQfVQnguTMa2AHRPRuKWvNGtl_VuwCLcBGAs\/s1600\/sim.jpg\" imageanchor=\"1\" style=\"margin-left: 1em; margin-right: 1em;\"><img loading=\"lazy\" decoding=\"async\" border=\"0\" data-original-height=\"135\" data-original-width=\"135\" height=\"640\" src=\"http:\/\/blogdoedvaldomagalhaes.com.br\/wp-content\/uploads\/2018\/06\/sim-1.jpg\" width=\"640\" \/><\/a><\/div>\n<p><\/div>\n<div style=\"background-color: white; box-sizing: border-box; line-height: 24px; margin-bottom: 10px; text-align: justify;\">\nAgentes da Destra estiveram fazendo o levantamento no local para saber quem avan\u00e7ou o sem\u00e1foro.<\/p>\n<div class=\"separator\" style=\"clear: both; text-align: center;\">\n<a href=\"https:\/\/3.bp.blogspot.com\/-8UJOF1EzAsc\/WzFm8v-yZqI\/AAAAAAAA0qU\/w5TZ9mRXHzsvyBsSzmeSYn491rJNN6rAwCLcBGAs\/s1600\/bom.jpg\" imageanchor=\"1\" style=\"margin-left: 1em; margin-right: 1em;\"><img loading=\"lazy\" decoding=\"async\" border=\"0\" data-original-height=\"359\" data-original-width=\"360\" height=\"632\" src=\"http:\/\/blogdoedvaldomagalhaes.com.br\/wp-content\/uploads\/2018\/06\/bom.jpg\" width=\"640\" \/><\/a><\/div>\n<p>\nInforma\u00e7\u00f5es da R\u00e1dio Liberdade.<\/div>\n<div style=\"background-color: white; font-family: Arial, Tahoma, Helvetica, FreeSans, sans-serif; font-size: 15.4px; text-align: justify;\">\n<\/div>\n","protected":false},"excerpt":{"rendered":"<p>Foto: Dayvson Robert O acidente ocorreu na tarde desta segunda-feira (25) no cruzamento das ruas Laudelino Rocha e Jo\u00e3o Cursino,&hellip;<\/p>\n","protected":false},"author":1,"featured_media":0,"comment_status":"open","ping_status":"open","sticky":false,"template":"","format":"standard","meta":{"footnotes":""},"categories":[1],"tags":[2005,2,6,2006,2007],"class_list":["post-1945","post","type-post","status-publish","format-standard","hentry","category-sem-categoria","tag-acidente-em-cruzamento-no-bairro-mauricio-de-nassau-em-caruaru","tag-blog-do-edvaldo-magalhaes","tag-noticias","tag-rua-joao-cursino","tag-rua-laudelino-rocha"],"_links":{"self":[{"href":"https:\/\/blogdoedvaldomagalhaes.com.br\/index.php\/wp-json\/wp\/v2\/posts\/1945","targetHints":{"allow":["GET"]}}],"collection":[{"href":"https:\/\/blogdoedvaldomagalhaes.com.br\/index.php\/wp-json\/wp\/v2\/posts"}],"about":[{"href":"https:\/\/blogdoedvaldomagalhaes.com.br\/index.php\/wp-json\/wp\/v2\/types\/post"}],"author":[{"embeddable":true,"href":"https:\/\/blogdoedvaldomagalhaes.com.br\/index.php\/wp-json\/wp\/v2\/users\/1"}],"replies":[{"embeddable":true,"href":"https:\/\/blogdoedvaldomagalhaes.com.br\/index.php\/wp-json\/wp\/v2\/comments?post=1945"}],"version-history":[{"count":1,"href":"https:\/\/blogdoedvaldomagalhaes.com.br\/index.php\/wp-json\/wp\/v2\/posts\/1945\/revisions"}],"predecessor-version":[{"id":32203,"href":"https:\/\/blogdoedvaldomagalhaes.com.br\/index.php\/wp-json\/wp\/v2\/posts\/1945\/revisions\/32203"}],"wp:attachment":[{"href":"https:\/\/blogdoedvaldomagalhaes.com.br\/index.php\/wp-json\/wp\/v2\/media?parent=1945"}],"wp:term":[{"taxonomy":"category","embeddable":true,"href":"https:\/\/blogdoedvaldomagalhaes.com.br\/index.php\/wp-json\/wp\/v2\/categories?post=1945"},{"taxonomy":"post_tag","embeddable":true,"href":"https:\/\/blogdoedvaldomagalhaes.com.br\/index.php\/wp-json\/wp\/v2\/tags?post=1945"}],"curies":[{"name":"wp","href":"https:\/\/api.w.org\/{rel}","templated":true}]}}