{"id":1944,"date":"2018-06-25T21:51:00","date_gmt":"2018-06-26T00:51:00","guid":{"rendered":"http:\/\/blogdoedvaldomagalhaes.com.br\/index.php\/2018\/06\/25\/prf-registra-reducao-de-feridos-e\/"},"modified":"2019-02-09T02:21:43","modified_gmt":"2019-02-09T04:21:43","slug":"prf-registra-reducao-de-feridos-e","status":"publish","type":"post","link":"https:\/\/blogdoedvaldomagalhaes.com.br\/index.php\/2018\/06\/25\/prf-registra-reducao-de-feridos-e\/","title":{"rendered":"PRF registra redu\u00e7\u00e3o de feridos e mortes na Opera\u00e7\u00e3o S\u00e3o Jo\u00e3o em Pernambuco"},"content":{"rendered":"<div class=\"separator\" style=\"clear: both; text-align: center;\">\n<a href=\"https:\/\/3.bp.blogspot.com\/-JwA1aNOoBpU\/WzFjw4JaVeI\/AAAAAAAA0po\/Pu7EQZQMqz4iyqQfwd-Jn1Ncce1A08D6wCLcBGAs\/s1600\/prf.jpg\" imageanchor=\"1\" style=\"margin-left: 1em; margin-right: 1em;\"><img loading=\"lazy\" decoding=\"async\" border=\"0\" data-original-height=\"331\" data-original-width=\"500\" height=\"422\" src=\"http:\/\/blogdoedvaldomagalhaes.com.br\/wp-content\/uploads\/2018\/06\/prf-2.jpg\" width=\"640\" \/><\/a><\/div>\n<div class=\"separator\" style=\"clear: both; text-align: center;\">\nFoto: PRF\/Divulga\u00e7\u00e3o<\/div>\n<div style=\"text-align: justify;\">\n<\/div>\n<div style=\"text-align: justify;\">\nA Pol\u00edcia Rodovi\u00e1ria Federal (PRF) divulgou nesta segunda-feira (25) o balan\u00e7o da Opera\u00e7\u00e3o S\u00e3o Jo\u00e3o em Pernambuco. Entre a quinta-feira (21) e domingo (24), foram registrados 54 acidentes nas rodovias federais que cortam o Estado, com 32 feridos e duas pessoas mortas.<\/div>\n<div style=\"text-align: justify;\">\n<\/div>\n<div style=\"text-align: justify;\">\nNo mesmo per\u00edodo no ano passado, foram verificados 55 acidentes, com 44 feridos e seis mortes. Uma redu\u00e7\u00e3o de 27% na quantidade de feridos e de 65% na quantidade de mortes. A opera\u00e7\u00e3o segue at\u00e9 o final do m\u00eas de junho, em virtude das festividades que ocorrem principalmente no Agreste do estado.<\/div>\n<div style=\"text-align: justify;\">\n<\/div>\n<div style=\"text-align: justify;\">\nOs acidentes mais graves ocorreram no s\u00e1bado (23), na BR-316, em Araripina, no Sert\u00e3o, e na BR-104, em Caruaru, no Agreste. O primeiro foi uma colis\u00e3o lateral entre um ciclomotor e um ve\u00edculo n\u00e3o identificado, que resultou na morte do condutor da moto, de 37 anos. O outro acidente foi um atropelamento, que causou a morte de um homem, de 29 anos. O ve\u00edculo envolvido no atropelamento se evadiu do local.<\/div>\n<div style=\"text-align: justify;\">\n<\/div>\n<div style=\"text-align: justify;\">\nNesse per\u00edodo, foram fiscalizadas 5.050 pessoas e 4.210 ve\u00edculos, sendo emitidas 2.466 autua\u00e7\u00f5es por diversas infra\u00e7\u00f5es, como ultrapassagens indevidas (105), n\u00e3o uso do cinto de seguran\u00e7a (94), falta da cadeirinha (19) e do capacete (10). Al\u00e9m disso, foram registradas 589 imagens de ve\u00edculos com excesso de velocidade por meio de radares.<\/div>\n<div style=\"text-align: justify;\">\n<\/div>\n<div style=\"text-align: justify;\">\nO combate \u00e0 alcoolemia contou com o apoio de equipes da Opera\u00e7\u00e3o Lei Seca, sendo realizados 1.504 testes com o baf\u00f4metro, que resultaram em 69 autua\u00e7\u00f5es e quatro pris\u00f5es de motoristas sob efeito de \u00e1lcool. Do total de autua\u00e7\u00f5es, 56 foram por recusa em soprar o aparelho e 13 por constata\u00e7\u00e3o.<\/div>\n","protected":false},"excerpt":{"rendered":"<p>Foto: PRF\/Divulga\u00e7\u00e3o A Pol\u00edcia Rodovi\u00e1ria Federal (PRF) divulgou nesta segunda-feira (25) o balan\u00e7o da Opera\u00e7\u00e3o S\u00e3o Jo\u00e3o em Pernambuco. Entre&hellip;<\/p>\n","protected":false},"author":1,"featured_media":0,"comment_status":"open","ping_status":"open","sticky":false,"template":"","format":"standard","meta":{"footnotes":""},"categories":[1],"tags":[2,13,2004],"class_list":["post-1944","post","type-post","status-publish","format-standard","hentry","category-sem-categoria","tag-blog-do-edvaldo-magalhaes","tag-policial","tag-prf-registra-reducao-de-feridos-e-mortes-na-operacao-sao-joao-em-pernambuco"],"_links":{"self":[{"href":"https:\/\/blogdoedvaldomagalhaes.com.br\/index.php\/wp-json\/wp\/v2\/posts\/1944","targetHints":{"allow":["GET"]}}],"collection":[{"href":"https:\/\/blogdoedvaldomagalhaes.com.br\/index.php\/wp-json\/wp\/v2\/posts"}],"about":[{"href":"https:\/\/blogdoedvaldomagalhaes.com.br\/index.php\/wp-json\/wp\/v2\/types\/post"}],"author":[{"embeddable":true,"href":"https:\/\/blogdoedvaldomagalhaes.com.br\/index.php\/wp-json\/wp\/v2\/users\/1"}],"replies":[{"embeddable":true,"href":"https:\/\/blogdoedvaldomagalhaes.com.br\/index.php\/wp-json\/wp\/v2\/comments?post=1944"}],"version-history":[{"count":1,"href":"https:\/\/blogdoedvaldomagalhaes.com.br\/index.php\/wp-json\/wp\/v2\/posts\/1944\/revisions"}],"predecessor-version":[{"id":32205,"href":"https:\/\/blogdoedvaldomagalhaes.com.br\/index.php\/wp-json\/wp\/v2\/posts\/1944\/revisions\/32205"}],"wp:attachment":[{"href":"https:\/\/blogdoedvaldomagalhaes.com.br\/index.php\/wp-json\/wp\/v2\/media?parent=1944"}],"wp:term":[{"taxonomy":"category","embeddable":true,"href":"https:\/\/blogdoedvaldomagalhaes.com.br\/index.php\/wp-json\/wp\/v2\/categories?post=1944"},{"taxonomy":"post_tag","embeddable":true,"href":"https:\/\/blogdoedvaldomagalhaes.com.br\/index.php\/wp-json\/wp\/v2\/tags?post=1944"}],"curies":[{"name":"wp","href":"https:\/\/api.w.org\/{rel}","templated":true}]}}