{"id":1943,"date":"2018-06-25T22:10:00","date_gmt":"2018-06-26T01:10:00","guid":{"rendered":"http:\/\/blogdoedvaldomagalhaes.com.br\/index.php\/2018\/06\/25\/novo-sistema-do-transporte-publico-de\/"},"modified":"2019-02-09T02:21:43","modified_gmt":"2019-02-09T04:21:43","slug":"novo-sistema-do-transporte-publico-de","status":"publish","type":"post","link":"https:\/\/blogdoedvaldomagalhaes.com.br\/index.php\/2018\/06\/25\/novo-sistema-do-transporte-publico-de\/","title":{"rendered":"Novo sistema do Transporte P\u00fablico de Caruaru come\u00e7a a funcionar nesta ter\u00e7a-feira (26); Confira como ficaram as linhas"},"content":{"rendered":"<div class=\"separator\" style=\"clear: both; text-align: center;\">\n<a href=\"https:\/\/1.bp.blogspot.com\/-cpdr32tGn5Y\/WzFnvqor1II\/AAAAAAAA0qo\/_df0AxuWMvcx7HaxYOCkiZ6h01G5QqvLwCLcBGAs\/s1600\/onibvus.jpeg\" imageanchor=\"1\" style=\"margin-left: 1em; margin-right: 1em;\"><img loading=\"lazy\" decoding=\"async\" border=\"0\" data-original-height=\"287\" data-original-width=\"512\" height=\"352\" src=\"http:\/\/blogdoedvaldomagalhaes.com.br\/wp-content\/uploads\/2018\/06\/onibvus.jpeg\" width=\"640\" \/><\/a><\/div>\n<div style=\"text-align: justify;\">\n<\/div>\n<div style=\"text-align: justify;\">\nA partir desta ter\u00e7a-feira (26) as empresas Coletivo, Tabosa e Capital do Agreste assumem o novo sistema do Transporte P\u00fablico de Caruaru. De acordo com o contrato assinado em 2015 junto a prefeitura, as empresas atenderam a todas as requisi\u00e7\u00f5es do edital, e prometem melhora na tecnologia, aquisi\u00e7\u00e3o de novos ve\u00edculos, monitoramento da frota por GPS e aplicativos para que os usu\u00e1rios dos \u00f4nibus possam ter um servi\u00e7o melhorado.<\/div>\n<div style=\"text-align: justify;\">\n<\/div>\n<div style=\"text-align: justify;\">\nPor dia, as tr\u00eas empresas v\u00e3o colocar 135 \u00f4nibus para atender a demanda nas zonas urbana e rural da cidade.&nbsp;<\/div>\n<div style=\"text-align: justify;\">\n<\/div>\n<div style=\"text-align: justify;\">\nCom a mudan\u00e7a, a cidade que foi dividida ap\u00f3s estudo t\u00e9cnico em tr\u00eas lotes, ficou da seguinte forma.&nbsp;<\/div>\n<div style=\"text-align: justify;\">\n<\/div>\n<div style=\"text-align: justify;\">\n<b>Lote 1 \u2013 Capital do Agreste<\/b><\/div>\n<div style=\"text-align: justify;\">\n<\/div>\n<div style=\"text-align: justify;\">\n<b>Zona urbana<\/b><\/div>\n<div style=\"text-align: justify;\">\n<\/div>\n<div style=\"text-align: justify;\">\nMauricio de Nassau\/via Maria Gorete; Bairro Universit\u00e1rio; Caru\u00e1; Cidade Jardim\/via Salgado; Nova Caruaru\/via Luiz Gonzaga; Polo Caruaru; Rendeiras; Rendeiras\/Caruaru Shopping\/HRA; Rendeiras\/via Terminal Rodovi\u00e1rio; Salgado\/via Lagoa do Algod\u00e3o; S\u00e3o Jos\u00e9; Severino Afonso\/via Parque da Cidade; UFPE\/via Parque Cidade.&nbsp;<\/div>\n<div style=\"text-align: justify;\">\n<\/div>\n<div style=\"text-align: justify;\">\n<b>Zona Rural&nbsp;<\/b><\/div>\n<div style=\"text-align: justify;\">\n<\/div>\n<div style=\"text-align: justify;\">\nRafael; Gon\u00e7alves Ferreira; Ita\u00fana; Patos\/Caruaru via Ju\u00e1; MBQ\/Ju\u00e1; Malhada de Barreira Queimadas.<\/div>\n<div style=\"text-align: justify;\">\n<\/div>\n<div style=\"text-align: justify;\">\n<b>Lote 2 \u2013 Tabosa<\/b><\/div>\n<div style=\"text-align: justify;\">\n<\/div>\n<div style=\"text-align: justify;\">\n<b>Zona urbana<\/b>&nbsp;<\/div>\n<div style=\"text-align: justify;\">\n<\/div>\n<div style=\"text-align: justify;\">\nBairro Agamenon\/via HRA; Bairro Agamenon\/Terminal Rodovi\u00e1rio; Bairro Agamenon\/via Pitombeira; Petr\u00f3polis\/via Jardim Liberdade; Inocoop\/via Jos\u00e9 Ant\u00f4nio Liberato; Jardim Pinheiros; Rendeiras\/Caruaru Shopping\/HRA; Santa Rosa\/via Vassoural; Vassoural\/via Santa Rosa; Caruaru Shopping; Vila Serena.&nbsp;<\/div>\n<div style=\"text-align: justify;\">\n<\/div>\n<div style=\"text-align: justify;\">\n<b>Zona urbana<\/b><\/div>\n<div style=\"text-align: justify;\">\n<\/div>\n<div style=\"text-align: justify;\">\nBairro Agamenon\/via HRA; Bairro Agamenon\/Terminal Rodovi\u00e1rio; Bairro Agamenon\/via Pitombeira; Petr\u00f3polis\/via Jardim Liberdade; Inocoop\/via Jos\u00e9 Ant\u00f4nio Liberato; Jardim Pinheiros; Rendeiras\/Caruaru Shopping\/HRA; Santa Rosa\/via Vassoural; Vassoural\/via Santa Rosa; Caruaru Shopping; Vila Serena.&nbsp;<\/div>\n<div style=\"text-align: justify;\">\n<\/div>\n<div style=\"text-align: justify;\">\n<b>Zona rural<\/b><\/div>\n<div style=\"text-align: justify;\">\n<\/div>\n<div style=\"text-align: justify;\">\nTerra Vermelha; Agreste de Pau Santo; Olho D\u2019\u00c1gua da Cana; Vertentes\/Terra Vermelha; Brejo Vermelho.&nbsp;&nbsp;<\/div>\n<div style=\"text-align: justify;\">\n<b><br \/><\/b><\/div>\n<div style=\"text-align: justify;\">\n<b>Lote 3 \u2013 Coletivo<\/b><\/div>\n<div style=\"text-align: justify;\">\n<\/div>\n<div style=\"text-align: justify;\">\n<b>Zona urbana&nbsp;<\/b><\/div>\n<div style=\"text-align: justify;\">\n<\/div>\n<div style=\"text-align: justify;\">\nAlto do Moura (Vila Nossa Senhora das Gra\u00e7as); Andorinhas; Boa Vista 1; Boa Vista 1 e 2 via Ceaca; Boa Vista 2; Jardim Panorama\/Via Jardim Boa Vista; Jo\u00e3o Mota; Maria Auxiliadora; Pinheir\u00f3polis; Posto Agamenon; Rendeiras\/via Terminal Rodovi\u00e1rio; Vila Keneddy; Vila Padre In\u00e1cio.&nbsp;<\/div>\n<div style=\"text-align: justify;\">\n<\/div>\n<div style=\"text-align: justify;\">\n<b>Zona urbana<\/b><\/div>\n<div style=\"text-align: justify;\">\n<\/div>\n<div style=\"text-align: justify;\">\nLajedo do Cedro; Taquara; Pelada; Murici; Lagoa Paulista; Serra dos Cavalos; Xique-Xique.<\/p>\n<\/div>\n","protected":false},"excerpt":{"rendered":"<p>A partir desta ter\u00e7a-feira (26) as empresas Coletivo, Tabosa e Capital do Agreste assumem o novo sistema do Transporte P\u00fablico&hellip;<\/p>\n","protected":false},"author":1,"featured_media":0,"comment_status":"open","ping_status":"open","sticky":false,"template":"","format":"standard","meta":{"footnotes":""},"categories":[1],"tags":[2,6,2003],"class_list":["post-1943","post","type-post","status-publish","format-standard","hentry","category-sem-categoria","tag-blog-do-edvaldo-magalhaes","tag-noticias","tag-novo-sistema-do-transporte-publico-de-caruaru-comeca-a-funcionar-nesta-terca-feira-26-confira-como-ficaram-as-linhas"],"_links":{"self":[{"href":"https:\/\/blogdoedvaldomagalhaes.com.br\/index.php\/wp-json\/wp\/v2\/posts\/1943","targetHints":{"allow":["GET"]}}],"collection":[{"href":"https:\/\/blogdoedvaldomagalhaes.com.br\/index.php\/wp-json\/wp\/v2\/posts"}],"about":[{"href":"https:\/\/blogdoedvaldomagalhaes.com.br\/index.php\/wp-json\/wp\/v2\/types\/post"}],"author":[{"embeddable":true,"href":"https:\/\/blogdoedvaldomagalhaes.com.br\/index.php\/wp-json\/wp\/v2\/users\/1"}],"replies":[{"embeddable":true,"href":"https:\/\/blogdoedvaldomagalhaes.com.br\/index.php\/wp-json\/wp\/v2\/comments?post=1943"}],"version-history":[{"count":1,"href":"https:\/\/blogdoedvaldomagalhaes.com.br\/index.php\/wp-json\/wp\/v2\/posts\/1943\/revisions"}],"predecessor-version":[{"id":32207,"href":"https:\/\/blogdoedvaldomagalhaes.com.br\/index.php\/wp-json\/wp\/v2\/posts\/1943\/revisions\/32207"}],"wp:attachment":[{"href":"https:\/\/blogdoedvaldomagalhaes.com.br\/index.php\/wp-json\/wp\/v2\/media?parent=1943"}],"wp:term":[{"taxonomy":"category","embeddable":true,"href":"https:\/\/blogdoedvaldomagalhaes.com.br\/index.php\/wp-json\/wp\/v2\/categories?post=1943"},{"taxonomy":"post_tag","embeddable":true,"href":"https:\/\/blogdoedvaldomagalhaes.com.br\/index.php\/wp-json\/wp\/v2\/tags?post=1943"}],"curies":[{"name":"wp","href":"https:\/\/api.w.org\/{rel}","templated":true}]}}