{"id":1942,"date":"2018-06-25T23:03:00","date_gmt":"2018-06-26T02:03:00","guid":{"rendered":"http:\/\/blogdoedvaldomagalhaes.com.br\/index.php\/2018\/06\/25\/caruaru-recebe-caravana-do-detran-nos\/"},"modified":"2019-02-09T02:21:43","modified_gmt":"2019-02-09T04:21:43","slug":"caruaru-recebe-caravana-do-detran-nos","status":"publish","type":"post","link":"https:\/\/blogdoedvaldomagalhaes.com.br\/index.php\/2018\/06\/25\/caruaru-recebe-caravana-do-detran-nos\/","title":{"rendered":"Caruaru recebe Caravana do DETRAN nos Munic\u00edpios"},"content":{"rendered":"<div class=\"separator\" style=\"clear: both; text-align: center;\">\n<a href=\"https:\/\/2.bp.blogspot.com\/-SbDJavXfL6Y\/WzF0oZ0Fp3I\/AAAAAAAA0q4\/BpVV_jQ-GYonDsvvtO0DOB1praxHKtHQgCLcBGAs\/s1600\/detran.jpg\" imageanchor=\"1\" style=\"margin-left: 1em; margin-right: 1em;\"><img loading=\"lazy\" decoding=\"async\" border=\"0\" data-original-height=\"960\" data-original-width=\"539\" height=\"640\" src=\"http:\/\/blogdoedvaldomagalhaes.com.br\/wp-content\/uploads\/2018\/06\/detran-1.jpg\" width=\"354\" \/><\/a><\/div>\n<div style=\"text-align: justify;\">\n<\/div>\n<div style=\"text-align: justify;\">\nA Caravana do DETRAN nos Munic\u00edpios chega em Caruaru esta semana. Nesta Ter\u00e7a-Feira, a partir das 10hs, acontecer\u00e1 o F\u00f3rum de Educa\u00e7\u00e3o no Tr\u00e2nsito voltado para os Motociclistas da Cidade. O evento \u00e9 uma parceria do DETRAN, DESTRA, SINDMOTO e SEST\/SENAT, e ocorrer\u00e1 no Audit\u00f3rio do SINTRACON, que fica localizado na Rua Afonso Celso, 129, no Bairro S\u00e3o Francisco. J\u00e1 na Quinta-Feira, v\u00e1rias a\u00e7\u00f5es Educativas ir\u00e3o ocorrer na Cidade, entre elas, Blitzs Educativas. Caruaru tem a terceira maior frota de ve\u00edculos do Estado de Pernambuco, atr\u00e1s apenas da Capital Recife e de Jaboat\u00e3o dos Guararapes, s\u00e3o mais de 160 mil ve\u00edculos registrados em Caruaru. Segundo o Diretor da 4\u00aa CIRETRAN, a a\u00e7\u00e3o \u00e9 mais um benef\u00edcio em prol da condutores caruaruenses: \u201cA Caravana DETRAN nos Munic\u00edpios chega em um momento muito positivo que a Circunscri\u00e7\u00e3o de Tr\u00e2nsito de Caruaru vive. Vamos fazer uma importante agenda Educativa em Caruaru\u201d. Comentou Raffi\u00ea.<\/div>\n<div style=\"text-align: justify;\">\n<\/div>\n","protected":false},"excerpt":{"rendered":"<p>A Caravana do DETRAN nos Munic\u00edpios chega em Caruaru esta semana. Nesta Ter\u00e7a-Feira, a partir das 10hs, acontecer\u00e1 o F\u00f3rum&hellip;<\/p>\n","protected":false},"author":1,"featured_media":0,"comment_status":"open","ping_status":"open","sticky":false,"template":"","format":"standard","meta":{"footnotes":""},"categories":[1],"tags":[2,2002,6],"class_list":["post-1942","post","type-post","status-publish","format-standard","hentry","category-sem-categoria","tag-blog-do-edvaldo-magalhaes","tag-caruaru-recebe-caravana-do-detran-nos-municipios","tag-noticias"],"_links":{"self":[{"href":"https:\/\/blogdoedvaldomagalhaes.com.br\/index.php\/wp-json\/wp\/v2\/posts\/1942","targetHints":{"allow":["GET"]}}],"collection":[{"href":"https:\/\/blogdoedvaldomagalhaes.com.br\/index.php\/wp-json\/wp\/v2\/posts"}],"about":[{"href":"https:\/\/blogdoedvaldomagalhaes.com.br\/index.php\/wp-json\/wp\/v2\/types\/post"}],"author":[{"embeddable":true,"href":"https:\/\/blogdoedvaldomagalhaes.com.br\/index.php\/wp-json\/wp\/v2\/users\/1"}],"replies":[{"embeddable":true,"href":"https:\/\/blogdoedvaldomagalhaes.com.br\/index.php\/wp-json\/wp\/v2\/comments?post=1942"}],"version-history":[{"count":1,"href":"https:\/\/blogdoedvaldomagalhaes.com.br\/index.php\/wp-json\/wp\/v2\/posts\/1942\/revisions"}],"predecessor-version":[{"id":32209,"href":"https:\/\/blogdoedvaldomagalhaes.com.br\/index.php\/wp-json\/wp\/v2\/posts\/1942\/revisions\/32209"}],"wp:attachment":[{"href":"https:\/\/blogdoedvaldomagalhaes.com.br\/index.php\/wp-json\/wp\/v2\/media?parent=1942"}],"wp:term":[{"taxonomy":"category","embeddable":true,"href":"https:\/\/blogdoedvaldomagalhaes.com.br\/index.php\/wp-json\/wp\/v2\/categories?post=1942"},{"taxonomy":"post_tag","embeddable":true,"href":"https:\/\/blogdoedvaldomagalhaes.com.br\/index.php\/wp-json\/wp\/v2\/tags?post=1942"}],"curies":[{"name":"wp","href":"https:\/\/api.w.org\/{rel}","templated":true}]}}