{"id":1940,"date":"2018-06-26T01:25:00","date_gmt":"2018-06-26T04:25:00","guid":{"rendered":"http:\/\/blogdoedvaldomagalhaes.com.br\/index.php\/2018\/06\/26\/nautico-vence-botafogo-pb-salta-para\/"},"modified":"2019-02-09T02:21:44","modified_gmt":"2019-02-09T04:21:44","slug":"nautico-vence-botafogo-pb-salta-para","status":"publish","type":"post","link":"https:\/\/blogdoedvaldomagalhaes.com.br\/index.php\/2018\/06\/26\/nautico-vence-botafogo-pb-salta-para\/","title":{"rendered":"N\u00e1utico vence Botafogo-PB a salta para terceira posi\u00e7\u00e3o na S\u00e9rie C"},"content":{"rendered":"<div class=\"separator\" style=\"clear: both; text-align: center;\">\n<a href=\"https:\/\/4.bp.blogspot.com\/-MkPszybByRw\/WzGV3nlMl0I\/AAAAAAAA0rQ\/v6fBmvy47qEVCyHnQXBD3T65XNf3yYvUACLcBGAs\/s1600\/nautico.jpg\" imageanchor=\"1\" style=\"margin-left: 1em; margin-right: 1em;\"><img loading=\"lazy\" decoding=\"async\" border=\"0\" data-original-height=\"683\" data-original-width=\"1024\" height=\"426\" src=\"http:\/\/blogdoedvaldomagalhaes.com.br\/wp-content\/uploads\/2018\/06\/nautico.jpg\" width=\"640\" \/><\/a><\/div>\n<div class=\"separator\" style=\"clear: both; text-align: center;\">\nFoto: Clube N\u00e1utico Capibaribe\/Divulga\u00e7\u00e3o<\/div>\n<div style=\"text-align: justify;\">\n<\/div>\n<div style=\"text-align: justify;\">\nN\u00e1utico e Botafogo-PB se enfrentaram pela quarta vez nessa temporada. O jogo foi nesta segunda-feira (25), na Arena de Pernambuco, pela 11\u00aa rodada do Campeonato Brasileiro da S\u00e9rie C, e terminou com vit\u00f3ria do Timbu por 2 a 0.<\/div>\n<div style=\"text-align: justify;\">\n<\/div>\n<div style=\"text-align: justify;\">\nEste foi o terceiro triunfo seguido do N\u00e1utico, que saltou para a terceira posi\u00e7\u00e3o no grupo A, tendo agora 16 pontos. J\u00e1 o Belo caiu para a oitava coloca\u00e7\u00e3o, com 13 pontos, estando a um ponto da zona da rebaixamento.<\/div>\n<div style=\"text-align: justify;\">\n<\/div>\n<div style=\"text-align: justify;\">\nO primeiro gol do jogo foi marcado por Dudu, em bela triangula\u00e7\u00e3o do ataque do Timbu, com direito a assist\u00eancia de calcanhar de Robinho, logo aos tr\u00eas minutos de jogo.<\/div>\n<div style=\"text-align: justify;\">\n<\/div>\n<div style=\"text-align: justify;\">\nOs paraibanos n\u00e3o se intimidaram e por pouco n\u00e3o igualaram o marcador ainda no primeiro tempo. Daniel arriscou de longe e acertou o \u00e2ngulo. A bola explodiu na jun\u00e7\u00e3o da trave com o travess\u00e3o e n\u00e3o entrou. Aos 16 minutos, Luiz Henrique do Botafogo foi expulso.<\/div>\n<div style=\"text-align: justify;\">\n<\/div>\n<div style=\"text-align: justify;\">\nO alvi-rubro de Rosa e Silva ainda teve a seu favor um gol contra, aos 41 minutos, quando Robinho fez um cruzamento rasteiro da direita e Walber ao tentar afastar o perigo, mandou para as pr\u00f3prias redes.<\/div>\n<div style=\"text-align: justify;\">\n<\/div>\n<div style=\"text-align: justify;\">\nNa pr\u00f3xima rodada, que ser\u00e1 no pr\u00f3ximo s\u00e1bado (30), o N\u00e1utico encara o Atl\u00e9tico-AC, na Arena Pernambuco, \u00e0s 18h. No domingo (01) o Botafogo-PB visita o Confian\u00e7a, \u00e0s 17h, no Batist\u00e3o.<br \/>\n<b><br \/><\/b><br \/>\n<b>Ficha t\u00e9cnica<\/b><\/p>\n<p><b>N\u00e1utico:<\/b>&nbsp;Bruno; Bryan, Sueliton, Rafael Ribeiro e Assis; Josa, Luiz Henrique e Jobson (J\u00fanior Lemos); Dudu(Tharcysio), Robinho (Jimenez) e Lel\u00ea. T\u00e9cnico: M\u00e1rcio Goiano<\/p>\n<p><b>Botafogo\/PB:<\/b>&nbsp;Saulo; Gedeilson, J\u00fanior Lopes, Walber e Daniel; Hiroshi (Allan Dias), Rog\u00e9rio, Clayton (Jobinho) e Marcos Aur\u00e9lio; Nando e Dico (M\u00e1rio). T\u00e9cnico: Evaristo Piza<\/p>\n<p><b>Local:<\/b> Arena de Pernambuco (S\u00e3o Louren\u00e7o da Mata\/PE)<br \/>\n<b>\u00c1rbitro:<\/b> Jefferson Ferreira de Moraes (GO).&nbsp;<br \/>\n<b>Assistentes:<\/b> Fabricio Vilarinho da Silva e Marcio Soares Maciel (ambos de GO)<br \/>\n<b>Gols:<\/b> Dudu (aos 3 do 1\u00baT) e Walber (41 do 2\u00baT)<br \/>\n<b>Cart\u00f5es amarelos:<\/b> Marcos Aur\u00e9lio, Clayton (B)<br \/>\n<b>Cart\u00e3o vermelho:<\/b> Nando (B)<br \/>\n<b>P\u00fablico:<\/b> 3.703<\/p>\n<p><b>Renda:<\/b> R$ 37.245,00<\/div>\n<div style=\"text-align: justify;\">\n<\/div>\n","protected":false},"excerpt":{"rendered":"<p>Foto: Clube N\u00e1utico Capibaribe\/Divulga\u00e7\u00e3o N\u00e1utico e Botafogo-PB se enfrentaram pela quarta vez nessa temporada. O jogo foi nesta segunda-feira (25),&hellip;<\/p>\n","protected":false},"author":1,"featured_media":0,"comment_status":"open","ping_status":"open","sticky":false,"template":"","format":"standard","meta":{"footnotes":""},"categories":[1],"tags":[2,3,2000],"class_list":["post-1940","post","type-post","status-publish","format-standard","hentry","category-sem-categoria","tag-blog-do-edvaldo-magalhaes","tag-futebol","tag-nautico-vence-botafogo-pb-a-salta-para-terceira-posicao-na-serie-c"],"_links":{"self":[{"href":"https:\/\/blogdoedvaldomagalhaes.com.br\/index.php\/wp-json\/wp\/v2\/posts\/1940","targetHints":{"allow":["GET"]}}],"collection":[{"href":"https:\/\/blogdoedvaldomagalhaes.com.br\/index.php\/wp-json\/wp\/v2\/posts"}],"about":[{"href":"https:\/\/blogdoedvaldomagalhaes.com.br\/index.php\/wp-json\/wp\/v2\/types\/post"}],"author":[{"embeddable":true,"href":"https:\/\/blogdoedvaldomagalhaes.com.br\/index.php\/wp-json\/wp\/v2\/users\/1"}],"replies":[{"embeddable":true,"href":"https:\/\/blogdoedvaldomagalhaes.com.br\/index.php\/wp-json\/wp\/v2\/comments?post=1940"}],"version-history":[{"count":1,"href":"https:\/\/blogdoedvaldomagalhaes.com.br\/index.php\/wp-json\/wp\/v2\/posts\/1940\/revisions"}],"predecessor-version":[{"id":32213,"href":"https:\/\/blogdoedvaldomagalhaes.com.br\/index.php\/wp-json\/wp\/v2\/posts\/1940\/revisions\/32213"}],"wp:attachment":[{"href":"https:\/\/blogdoedvaldomagalhaes.com.br\/index.php\/wp-json\/wp\/v2\/media?parent=1940"}],"wp:term":[{"taxonomy":"category","embeddable":true,"href":"https:\/\/blogdoedvaldomagalhaes.com.br\/index.php\/wp-json\/wp\/v2\/categories?post=1940"},{"taxonomy":"post_tag","embeddable":true,"href":"https:\/\/blogdoedvaldomagalhaes.com.br\/index.php\/wp-json\/wp\/v2\/tags?post=1940"}],"curies":[{"name":"wp","href":"https:\/\/api.w.org\/{rel}","templated":true}]}}