{"id":1938,"date":"2018-06-26T10:56:00","date_gmt":"2018-06-26T13:56:00","guid":{"rendered":"http:\/\/blogdoedvaldomagalhaes.com.br\/index.php\/2018\/06\/26\/onibus-da-empresa-bahia-estao-rodando\/"},"modified":"2019-02-09T02:21:55","modified_gmt":"2019-02-09T04:21:55","slug":"onibus-da-empresa-bahia-estao-rodando","status":"publish","type":"post","link":"https:\/\/blogdoedvaldomagalhaes.com.br\/index.php\/2018\/06\/26\/onibus-da-empresa-bahia-estao-rodando\/","title":{"rendered":"\u00d4nibus da empresa Bahia est\u00e3o rodando em Caruaru e Destra diz que \u00e9 irregular"},"content":{"rendered":"<div class=\"separator\" style=\"clear: both; text-align: center;\">\n<a href=\"https:\/\/1.bp.blogspot.com\/-3SnGQiaPW8Y\/WzIbkTB_RQI\/AAAAAAAA0sY\/5GgkzHJfXcQlFcxwWy5EmkJq7MTg5IT_wCLcBGAs\/s1600\/bahia.jpg\" imageanchor=\"1\" style=\"margin-left: 1em; margin-right: 1em;\"><img loading=\"lazy\" decoding=\"async\" border=\"0\" data-original-height=\"626\" data-original-width=\"960\" height=\"412\" src=\"http:\/\/blogdoedvaldomagalhaes.com.br\/wp-content\/uploads\/2018\/06\/bahia.jpg\" width=\"640\" \/><\/a><\/div>\n<div class=\"separator\" style=\"clear: both; text-align: center;\">\nFoto: Reprodu\u00e7\u00e3o\/Internet<\/div>\n<p><\/p>\n<div style=\"background-color: white; border: 0px; margin-bottom: 1.5em; outline: 0px; padding: 0px; text-align: justify; vertical-align: baseline;\">\nOs \u00f4nibus da empresa Bahia est\u00e3o circulando em Caruaru, na manh\u00e3 desta ter\u00e7a-feira (26) apesar de ter perdido a licen\u00e7a para rodar. O presidente da Destra, Roberto Bezerra, afirma que o servi\u00e7o est\u00e1 irregular e haver\u00e1 autua\u00e7\u00f5es e remo\u00e7\u00f5es dos ve\u00edculos.<\/div>\n","protected":false},"excerpt":{"rendered":"<p>Foto: Reprodu\u00e7\u00e3o\/Internet Os \u00f4nibus da empresa Bahia est\u00e3o circulando em Caruaru, na manh\u00e3 desta ter\u00e7a-feira (26) apesar de ter perdido&hellip;<\/p>\n","protected":false},"author":1,"featured_media":0,"comment_status":"open","ping_status":"open","sticky":false,"template":"","format":"standard","meta":{"footnotes":""},"categories":[1],"tags":[2,6,1998],"class_list":["post-1938","post","type-post","status-publish","format-standard","hentry","category-sem-categoria","tag-blog-do-edvaldo-magalhaes","tag-noticias","tag-onibus-da-empresa-bahia-estao-rodando-em-caruaru-e-destra-diz-que-e-irregular"],"_links":{"self":[{"href":"https:\/\/blogdoedvaldomagalhaes.com.br\/index.php\/wp-json\/wp\/v2\/posts\/1938","targetHints":{"allow":["GET"]}}],"collection":[{"href":"https:\/\/blogdoedvaldomagalhaes.com.br\/index.php\/wp-json\/wp\/v2\/posts"}],"about":[{"href":"https:\/\/blogdoedvaldomagalhaes.com.br\/index.php\/wp-json\/wp\/v2\/types\/post"}],"author":[{"embeddable":true,"href":"https:\/\/blogdoedvaldomagalhaes.com.br\/index.php\/wp-json\/wp\/v2\/users\/1"}],"replies":[{"embeddable":true,"href":"https:\/\/blogdoedvaldomagalhaes.com.br\/index.php\/wp-json\/wp\/v2\/comments?post=1938"}],"version-history":[{"count":1,"href":"https:\/\/blogdoedvaldomagalhaes.com.br\/index.php\/wp-json\/wp\/v2\/posts\/1938\/revisions"}],"predecessor-version":[{"id":32228,"href":"https:\/\/blogdoedvaldomagalhaes.com.br\/index.php\/wp-json\/wp\/v2\/posts\/1938\/revisions\/32228"}],"wp:attachment":[{"href":"https:\/\/blogdoedvaldomagalhaes.com.br\/index.php\/wp-json\/wp\/v2\/media?parent=1938"}],"wp:term":[{"taxonomy":"category","embeddable":true,"href":"https:\/\/blogdoedvaldomagalhaes.com.br\/index.php\/wp-json\/wp\/v2\/categories?post=1938"},{"taxonomy":"post_tag","embeddable":true,"href":"https:\/\/blogdoedvaldomagalhaes.com.br\/index.php\/wp-json\/wp\/v2\/tags?post=1938"}],"curies":[{"name":"wp","href":"https:\/\/api.w.org\/{rel}","templated":true}]}}