{"id":1937,"date":"2018-06-26T16:36:00","date_gmt":"2018-06-26T19:36:00","guid":{"rendered":"http:\/\/blogdoedvaldomagalhaes.com.br\/index.php\/2018\/06\/26\/sistema-jucazinho-vai-abastecer\/"},"modified":"2019-02-09T02:21:56","modified_gmt":"2019-02-09T04:21:56","slug":"sistema-jucazinho-vai-abastecer","status":"publish","type":"post","link":"https:\/\/blogdoedvaldomagalhaes.com.br\/index.php\/2018\/06\/26\/sistema-jucazinho-vai-abastecer\/","title":{"rendered":"Sistema Jucazinho vai abastecer munic\u00edpio de Salgadinho e rod\u00edzio ser\u00e1 reduzido"},"content":{"rendered":"<div class=\"separator\" style=\"clear: both; text-align: center;\">\n<a href=\"https:\/\/2.bp.blogspot.com\/-igLSNwCdv3k\/WzJrOil_XzI\/AAAAAAAA0t4\/AUR_aY9ShZUMu13Wb31BcVROYGbdVwH2ACLcBGAs\/s1600\/uca.jpg\" imageanchor=\"1\" style=\"margin-left: 1em; margin-right: 1em;\"><img loading=\"lazy\" decoding=\"async\" border=\"0\" data-original-height=\"576\" data-original-width=\"1024\" height=\"354\" src=\"http:\/\/blogdoedvaldomagalhaes.com.br\/wp-content\/uploads\/2018\/06\/uca.jpg\" width=\"640\" \/><\/a><\/div>\n<div style=\"text-align: justify;\">\n<\/div>\n<div style=\"text-align: justify;\">\nOs dez mil moradores do munic\u00edpio de Salgadinho, no Agreste do Estado, passar\u00e3o a receber \u00e1gua do Sistema Jucazinho. A Compesa est\u00e1 concluindo os \u00faltimos trabalhos de manuten\u00e7\u00e3o na adutora para dar in\u00edcio \u00e0 fase de testes na pr\u00f3xima semana. Com a entrada em opera\u00e7\u00e3o de Jucazinho, o rod\u00edzio ser\u00e1 reduzido: o munic\u00edpio sair\u00e1 de tr\u00eas dias com \u00e1gua e 27 sem para ter \u00e1gua nas torneiras durante 10 dias e 20 sem. \u201cEsse \u00e9 o cronograma de julho. A partir de agosto haver\u00e1 nova redu\u00e7\u00e3o: Salgadinho ter\u00e1 20 dias com \u00e1gua e 10 sem\u201d, adianta o gerente da Unidade de Neg\u00f3cios da Compesa em Santa Cruz do Capibaribe, Bruno Adelino.<\/div>\n<div style=\"text-align: justify;\">\n<\/div>\n<div style=\"text-align: justify;\">\nNo in\u00edcio deste m\u00eas, o governador Paulo C\u00e2mara anunciou a reativa\u00e7\u00e3o do Sistema Jucazinho, ap\u00f3s a barragem acumular \u00e1gua das intensas chuvas de maio. Atualmente, a barragem est\u00e1 com 21 milh\u00f5es de metros c\u00fabicos de \u00e1gua, de um total de 323 milh\u00f5es, correspondente \u00e0 sua capacidade m\u00e1xima. O reservat\u00f3rio estava, h\u00e1 dois anos, em colapso.<\/div>\n<div style=\"text-align: justify;\">\n<\/div>\n<div style=\"text-align: justify;\">\nNesta segunda (25), durante o trabalho da equipe da Compesa, foi identificado um estouramento em um trecho da adutora de Jucazinho, que teria sido provocado por m\u00e1quinas particulares que acabaram arrancando parte da tubula\u00e7\u00e3o. \u201cEstamos trabalhando em toda a rede para fazer os reparos necess\u00e1rios e melhorar o abastecimento de Salgadinho\u201d, disse o gerente da Unidade de Neg\u00f3cios da Compesa em Santa Cruz do Capibaribe, Bruno Adelino.<\/div>\n","protected":false},"excerpt":{"rendered":"<p>Os dez mil moradores do munic\u00edpio de Salgadinho, no Agreste do Estado, passar\u00e3o a receber \u00e1gua do Sistema Jucazinho. A&hellip;<\/p>\n","protected":false},"author":1,"featured_media":0,"comment_status":"open","ping_status":"open","sticky":false,"template":"","format":"standard","meta":{"footnotes":""},"categories":[1],"tags":[2,6,1997],"class_list":["post-1937","post","type-post","status-publish","format-standard","hentry","category-sem-categoria","tag-blog-do-edvaldo-magalhaes","tag-noticias","tag-sistema-jucazinho-vai-abastecer-municipio-de-salgadinho-e-rodizio-sera-reduzido"],"_links":{"self":[{"href":"https:\/\/blogdoedvaldomagalhaes.com.br\/index.php\/wp-json\/wp\/v2\/posts\/1937","targetHints":{"allow":["GET"]}}],"collection":[{"href":"https:\/\/blogdoedvaldomagalhaes.com.br\/index.php\/wp-json\/wp\/v2\/posts"}],"about":[{"href":"https:\/\/blogdoedvaldomagalhaes.com.br\/index.php\/wp-json\/wp\/v2\/types\/post"}],"author":[{"embeddable":true,"href":"https:\/\/blogdoedvaldomagalhaes.com.br\/index.php\/wp-json\/wp\/v2\/users\/1"}],"replies":[{"embeddable":true,"href":"https:\/\/blogdoedvaldomagalhaes.com.br\/index.php\/wp-json\/wp\/v2\/comments?post=1937"}],"version-history":[{"count":1,"href":"https:\/\/blogdoedvaldomagalhaes.com.br\/index.php\/wp-json\/wp\/v2\/posts\/1937\/revisions"}],"predecessor-version":[{"id":32230,"href":"https:\/\/blogdoedvaldomagalhaes.com.br\/index.php\/wp-json\/wp\/v2\/posts\/1937\/revisions\/32230"}],"wp:attachment":[{"href":"https:\/\/blogdoedvaldomagalhaes.com.br\/index.php\/wp-json\/wp\/v2\/media?parent=1937"}],"wp:term":[{"taxonomy":"category","embeddable":true,"href":"https:\/\/blogdoedvaldomagalhaes.com.br\/index.php\/wp-json\/wp\/v2\/categories?post=1937"},{"taxonomy":"post_tag","embeddable":true,"href":"https:\/\/blogdoedvaldomagalhaes.com.br\/index.php\/wp-json\/wp\/v2\/tags?post=1937"}],"curies":[{"name":"wp","href":"https:\/\/api.w.org\/{rel}","templated":true}]}}