{"id":1935,"date":"2018-06-26T21:57:00","date_gmt":"2018-06-27T00:57:00","guid":{"rendered":"http:\/\/blogdoedvaldomagalhaes.com.br\/index.php\/2018\/06\/26\/camara-de-vereadores-de-caruaru-reprova\/"},"modified":"2019-02-09T02:21:57","modified_gmt":"2019-02-09T04:21:57","slug":"camara-de-vereadores-de-caruaru-reprova","status":"publish","type":"post","link":"https:\/\/blogdoedvaldomagalhaes.com.br\/index.php\/2018\/06\/26\/camara-de-vereadores-de-caruaru-reprova\/","title":{"rendered":"C\u00e2mara de Vereadores de Caruaru reprova dois projetos do Governo Municipal"},"content":{"rendered":"<div class=\"separator\" style=\"clear: both; text-align: center;\">\n<a href=\"https:\/\/4.bp.blogspot.com\/-mDBlRARiGFc\/WzK2Z7bk3rI\/AAAAAAAA0wM\/5Ub-3GgwCkIiJ9YskohqHQngWVOKAi6fQCLcBGAs\/s1600\/pl.jpg\" imageanchor=\"1\" style=\"margin-left: 1em; margin-right: 1em;\"><img loading=\"lazy\" decoding=\"async\" border=\"0\" data-original-height=\"576\" data-original-width=\"1024\" height=\"354\" src=\"http:\/\/blogdoedvaldomagalhaes.com.br\/wp-content\/uploads\/2018\/06\/pl.jpg\" width=\"640\" \/><\/a><\/div>\n<div style=\"background-color: white; box-sizing: border-box; line-height: 24px; margin-bottom: 10px; text-align: justify;\">\n<\/div>\n<div style=\"background-color: white; box-sizing: border-box; line-height: 24px; margin-bottom: 10px; text-align: justify;\">\nOs 23 vereadores de Caruaru rejeitaram dois projetos de leis de autoria do Poder Executivo municipal, na tarde desta ter\u00e7a-feira (26). O projeto de lei complementar 71\/2018 de autoria do Poder Executivo, que trata do Plano de Cargos, Carreiras, e Vencimentos (PCCV) dos Servidores da Autarquia Municipal de Defesa Social, Tr\u00e2nsito e Transportes (Destra). Com 8 votos \u201cn\u00e3o\u201d e 15 votos \u201csim\u201d, o projeto foi rejeitado.<\/div>\n<div style=\"background-color: white; box-sizing: border-box; line-height: 24px; margin-bottom: 10px; text-align: justify;\">\nPara ser aprovado, o projeto necessitava de 16 votos favor\u00e1veis, ou seja, dois ter\u00e7os dos 23 vereadores. O PCCV traz a descri\u00e7\u00e3o dos cargos que comp\u00f5em o quadro de servidores efetivos, especificando requisitos, atividades desempenhadas e remunera\u00e7\u00e3o.<\/div>\n<div style=\"background-color: white; box-sizing: border-box; line-height: 24px; margin-bottom: 10px; text-align: justify;\">\n<strong style=\"box-sizing: border-box;\">VOTARAM SIM (PELA APROVA\u00c7\u00c3O DO PROJETO)<\/strong><\/div>\n<div style=\"background-color: white; box-sizing: border-box; line-height: 24px; margin-bottom: 10px; text-align: justify;\">\nBruno Lambreta (PDT),&nbsp;Cec\u00edlio Pedro (MDB),&nbsp;Duda do Vassoural (PRTB),&nbsp;Edjailson da Caruforr\u00f3 (PRTB),&nbsp;Edmilson do Salgado (PC do B),&nbsp;Heleno Oscar (PEN),&nbsp;\u00cdtalo Henrique (PSD),&nbsp;Leonardo Chaves (PDT),&nbsp;Lula T\u00f4rres (PSDB),&nbsp;Presb\u00edtero Andrey Gouveia (PRP),&nbsp;Pierson Leite (PSD),&nbsp;Ricardo Liberato (PDT),&nbsp;Rozael do Divin\u00f3polis (PRTB),&nbsp;Tafarel Felix (PRP) e&nbsp;Zez\u00e9 Parteira (PV)<\/p>\n<\/div>\n<div style=\"background-color: white; box-sizing: border-box; line-height: 24px; margin-bottom: 10px; text-align: justify;\">\n<strong style=\"box-sizing: border-box;\">VOTARAM N\u00c3O (PELA REPROVA\u00c7\u00c3O DO PROJETO)<\/strong><\/div>\n<div style=\"background-color: white; box-sizing: border-box; line-height: 24px; margin-bottom: 10px; text-align: justify;\">\nAlberes Lopes (PSC),&nbsp;Allysson da Farm\u00e1cia (PPS),&nbsp;Daniel Finizola (PT),&nbsp;Marcelo Gomes (PSB),&nbsp;Fagner Fernandes (Avante),&nbsp;Galego de Lajes (PSD),&nbsp;Ranilson Enfermeiro (PDT), e&nbsp;S\u00e9rgio Siqueira (Avante).<\/p>\n<p>O outro projeto de lei rejeitado foi o PLC 72\/2018 que trata da redu\u00e7\u00e3o da al\u00edquota do Imposto Sobre Servi\u00e7os de Qualquer Natureza \u2013 ISSQN para os servi\u00e7os de transporte coletivo municipal, ou seja, dava redu\u00e7\u00e3o de 5% para 2% da al\u00edquota as empresas do transporte coletivo do munic\u00edpio. Foram 10 votos favor\u00e1veis e 13 votos contr\u00e1rios.&nbsp;<\/p><\/div>\n<div style=\"background-color: white; box-sizing: border-box; line-height: 24px; margin-bottom: 10px; text-align: justify;\">\n<b>VOTARAM SIM (PELA APROVA\u00c7\u00c3O DO PROJETO): <\/b>Bruno Lambreta (PDT), Edmilson do Salgado (PCdoB), Heleno Oscar (PEN), \u00cdtalo Henrique (PSD), Leonardo Chaves (PDT), Lula T\u00f4rres (PSDB), Presb\u00edtero Andrey Gouveia (PRP), Pierson Leite (PSD), Ricardo Liberato (PDT) e Tafarel Felix (PRP).&nbsp;<br \/>\n<b><br \/><\/b><br \/>\n<b>VOTARAM N\u00c3O (PELA REPROVA\u00c7\u00c3O DO PROJETO): <\/b>Alberes Lopes (PSC), Allyson da Farm\u00e1cia (PPS), Cec\u00edlio Pedro (PMDB), Daniel Lula Finizola (PT), Duda do Vassoural (PRTB), Edjailson da Caru Forr\u00f3 (PRTB), Fagner Fernades (Avante), Galego de Lajes (PSD), Marcelo Gomes (PSB), Ranilson Enfermeiro (PDT), Rozael do Divin\u00f3polis (PRTB), S\u00e9rgio Siqueira (Avante) e Zez\u00e9 Parteira (PV).&nbsp;<\/div>\n<div style=\"background-color: white; box-sizing: border-box; line-height: 24px; margin-bottom: 10px; text-align: justify;\">\nJ\u00e1<b> O projeto de lei 7789\/2018<\/b> que trata que regulamenta a Lei Federal n\u00ba 9.637, de 15 de maio de 2018, dispondo sobre a qualifica\u00e7\u00e3o de entidades como organiza\u00e7\u00f5es sociais no \u00e2mbito do munic\u00edpio de Caruaru, foi aprovado em segunda discuss\u00e3o e aprovado por unanimidade. O PL 7794\/2018 que disp\u00f5e acerca da transforma\u00e7\u00e3o da Empresa Municipal de Urbaniza\u00e7\u00e3o e Planejamento de Caruaru \u2013 URB, tamb\u00e9m foi aprovado.<\/div>\n<div style=\"background-color: white; box-sizing: border-box; line-height: 24px; margin-bottom: 10px; text-align: justify;\">\n<\/div>\n<div style=\"background-color: white; box-sizing: border-box; line-height: 24px; margin-bottom: 10px; text-align: justify;\">\n<strong style=\"box-sizing: border-box;\">RECESSO<\/strong><\/div>\n<div style=\"background-color: white; box-sizing: border-box; line-height: 24px; margin-bottom: 10px; text-align: justify;\">\nCom o fim da discuss\u00e3o e delibera\u00e7\u00e3o das mat\u00e9rias enviadas pelo Poder Executivo, as reuni\u00f5es ordin\u00e1rias da C\u00e2mara Municipal de Caruaru entram em recesso, e retornam as atividades no dia primeiro de agosto.<\/div>\n<div style=\"background-color: white; box-sizing: border-box; line-height: 24px; margin-bottom: 10px; text-align: justify;\">\n<\/div>\n","protected":false},"excerpt":{"rendered":"<p>Os 23 vereadores de Caruaru rejeitaram dois projetos de leis de autoria do Poder Executivo municipal, na tarde desta ter\u00e7a-feira&hellip;<\/p>\n","protected":false},"author":1,"featured_media":0,"comment_status":"open","ping_status":"open","sticky":false,"template":"","format":"standard","meta":{"footnotes":""},"categories":[1],"tags":[2,1995,20],"class_list":["post-1935","post","type-post","status-publish","format-standard","hentry","category-sem-categoria","tag-blog-do-edvaldo-magalhaes","tag-camara-de-vereadores-de-caruaru-reprova-dois-projetos-do-governo-municipal","tag-politica"],"_links":{"self":[{"href":"https:\/\/blogdoedvaldomagalhaes.com.br\/index.php\/wp-json\/wp\/v2\/posts\/1935","targetHints":{"allow":["GET"]}}],"collection":[{"href":"https:\/\/blogdoedvaldomagalhaes.com.br\/index.php\/wp-json\/wp\/v2\/posts"}],"about":[{"href":"https:\/\/blogdoedvaldomagalhaes.com.br\/index.php\/wp-json\/wp\/v2\/types\/post"}],"author":[{"embeddable":true,"href":"https:\/\/blogdoedvaldomagalhaes.com.br\/index.php\/wp-json\/wp\/v2\/users\/1"}],"replies":[{"embeddable":true,"href":"https:\/\/blogdoedvaldomagalhaes.com.br\/index.php\/wp-json\/wp\/v2\/comments?post=1935"}],"version-history":[{"count":1,"href":"https:\/\/blogdoedvaldomagalhaes.com.br\/index.php\/wp-json\/wp\/v2\/posts\/1935\/revisions"}],"predecessor-version":[{"id":32234,"href":"https:\/\/blogdoedvaldomagalhaes.com.br\/index.php\/wp-json\/wp\/v2\/posts\/1935\/revisions\/32234"}],"wp:attachment":[{"href":"https:\/\/blogdoedvaldomagalhaes.com.br\/index.php\/wp-json\/wp\/v2\/media?parent=1935"}],"wp:term":[{"taxonomy":"category","embeddable":true,"href":"https:\/\/blogdoedvaldomagalhaes.com.br\/index.php\/wp-json\/wp\/v2\/categories?post=1935"},{"taxonomy":"post_tag","embeddable":true,"href":"https:\/\/blogdoedvaldomagalhaes.com.br\/index.php\/wp-json\/wp\/v2\/tags?post=1935"}],"curies":[{"name":"wp","href":"https:\/\/api.w.org\/{rel}","templated":true}]}}