{"id":1932,"date":"2018-06-26T23:18:00","date_gmt":"2018-06-27T02:18:00","guid":{"rendered":"http:\/\/blogdoedvaldomagalhaes.com.br\/index.php\/2018\/06\/26\/festa-do-maior-bolo-de-macaxeira-do\/"},"modified":"2019-02-09T02:21:58","modified_gmt":"2019-02-09T04:21:58","slug":"festa-do-maior-bolo-de-macaxeira-do","status":"publish","type":"post","link":"https:\/\/blogdoedvaldomagalhaes.com.br\/index.php\/2018\/06\/26\/festa-do-maior-bolo-de-macaxeira-do\/","title":{"rendered":"Festa do Maior Bolo de Macaxeira do Mundo em Caruaru"},"content":{"rendered":"<div class=\"separator\" style=\"clear: both; text-align: center;\">\n<a href=\"https:\/\/4.bp.blogspot.com\/-E_Tn-BwivWk\/WzLJijONsQI\/AAAAAAAA0xg\/tELl2HZB-DEK1d8fpk1k_4dYrhgbHUEBgCLcBGAs\/s1600\/IMG-20180626-WA0189.jpg\" imageanchor=\"1\" style=\"margin-left: 1em; margin-right: 1em;\"><img loading=\"lazy\" decoding=\"async\" border=\"0\" data-original-height=\"720\" data-original-width=\"1280\" height=\"360\" src=\"http:\/\/blogdoedvaldomagalhaes.com.br\/wp-content\/uploads\/2018\/06\/IMG-20180626-WA0189.jpg\" width=\"640\" \/><\/a><\/div>\n<p><\/p>\n<div style=\"text-align: justify;\">\nA festa do Maior Bolo de Macaxeira do Mundo, acontece a partir das 20h, desta quarta-feira (27), no Largo do Convento, no bairro Divin\u00f3polis, em Caruaru. As atra\u00e7\u00f5es ser\u00e3o Gilsinho do Acordeon e banda, al\u00e9m da Quadrilha do Projeto Sa\u00fade. As homenageadas ser\u00e3o a prefeita Raquel Lyra (PSDB) e a Chefe de Gabinete Morgana Teixeira. A realiza\u00e7\u00e3o \u00e9 do presidente da Associa\u00e7\u00e3o dos Moradores do bairro Divin\u00f3polis e ao mesmo tempo vereador Rozael do Divin\u00f3polis (PRTB).<\/div>\n","protected":false},"excerpt":{"rendered":"<p>A festa do Maior Bolo de Macaxeira do Mundo, acontece a partir das 20h, desta quarta-feira (27), no Largo do&hellip;<\/p>\n","protected":false},"author":1,"featured_media":0,"comment_status":"open","ping_status":"open","sticky":false,"template":"","format":"standard","meta":{"footnotes":""},"categories":[1],"tags":[2,1988,1989,1990,6,1991,1951,1229,1992],"class_list":["post-1932","post","type-post","status-publish","format-standard","hentry","category-sem-categoria","tag-blog-do-edvaldo-magalhaes","tag-festa-do-maior-bolo-de-macaxeira-do-mundo-em-caruaru","tag-largo-do-convento","tag-morgana-teixeira","tag-noticias","tag-prtb","tag-psdb","tag-raquel-lyra","tag-rozael-do-divinopolis"],"_links":{"self":[{"href":"https:\/\/blogdoedvaldomagalhaes.com.br\/index.php\/wp-json\/wp\/v2\/posts\/1932","targetHints":{"allow":["GET"]}}],"collection":[{"href":"https:\/\/blogdoedvaldomagalhaes.com.br\/index.php\/wp-json\/wp\/v2\/posts"}],"about":[{"href":"https:\/\/blogdoedvaldomagalhaes.com.br\/index.php\/wp-json\/wp\/v2\/types\/post"}],"author":[{"embeddable":true,"href":"https:\/\/blogdoedvaldomagalhaes.com.br\/index.php\/wp-json\/wp\/v2\/users\/1"}],"replies":[{"embeddable":true,"href":"https:\/\/blogdoedvaldomagalhaes.com.br\/index.php\/wp-json\/wp\/v2\/comments?post=1932"}],"version-history":[{"count":1,"href":"https:\/\/blogdoedvaldomagalhaes.com.br\/index.php\/wp-json\/wp\/v2\/posts\/1932\/revisions"}],"predecessor-version":[{"id":32244,"href":"https:\/\/blogdoedvaldomagalhaes.com.br\/index.php\/wp-json\/wp\/v2\/posts\/1932\/revisions\/32244"}],"wp:attachment":[{"href":"https:\/\/blogdoedvaldomagalhaes.com.br\/index.php\/wp-json\/wp\/v2\/media?parent=1932"}],"wp:term":[{"taxonomy":"category","embeddable":true,"href":"https:\/\/blogdoedvaldomagalhaes.com.br\/index.php\/wp-json\/wp\/v2\/categories?post=1932"},{"taxonomy":"post_tag","embeddable":true,"href":"https:\/\/blogdoedvaldomagalhaes.com.br\/index.php\/wp-json\/wp\/v2\/tags?post=1932"}],"curies":[{"name":"wp","href":"https:\/\/api.w.org\/{rel}","templated":true}]}}