{"id":1931,"date":"2018-06-26T23:33:00","date_gmt":"2018-06-27T02:33:00","guid":{"rendered":"http:\/\/blogdoedvaldomagalhaes.com.br\/index.php\/2018\/06\/26\/artigo-ilumina-caruaru-por-oscar-mariano\/"},"modified":"2019-02-09T02:21:58","modified_gmt":"2019-02-09T04:21:58","slug":"artigo-ilumina-caruaru-por-oscar-mariano","status":"publish","type":"post","link":"https:\/\/blogdoedvaldomagalhaes.com.br\/index.php\/2018\/06\/26\/artigo-ilumina-caruaru-por-oscar-mariano\/","title":{"rendered":"Artigo \u2013 Ilumina Caruaru? \u2013 por Oscar Mariano"},"content":{"rendered":"<div class=\"separator\" style=\"clear: both; text-align: center;\">\n<a href=\"https:\/\/2.bp.blogspot.com\/-fG_8hD6cqgs\/WzLNTMhbzRI\/AAAAAAAA0xs\/z1ESukjVY-cxqG2IltnK6Dx9-Y4VTgJOgCLcBGAs\/s1600\/oscar.jpg\" imageanchor=\"1\" style=\"margin-left: 1em; margin-right: 1em;\"><img loading=\"lazy\" decoding=\"async\" border=\"0\" data-original-height=\"768\" data-original-width=\"1024\" height=\"474\" src=\"http:\/\/blogdoedvaldomagalhaes.com.br\/wp-content\/uploads\/2018\/06\/oscar.jpg\" width=\"640\" \/><\/a><\/div>\n<div style=\"text-align: justify;\">\n<\/div>\n<div style=\"text-align: justify;\">\nQuando um prefeito (a) \u00e9 eleito (a) para governar uma cidade, deve governar com uma vis\u00e3o em 360\u00b0, para que todos sem distin\u00e7\u00e3o sejam beneficiados, principalmente os menos favorecidos. J\u00e1 os vereadores, que s\u00e3o ditos os pol\u00edticos mais pr\u00f3ximos do povo, devem escutar as reivindica\u00e7\u00f5es da popula\u00e7\u00e3o, e cobrar do executivo. Certo? Em Caruaru, isso \u00e9 errado, quando se fala em ilumina\u00e7\u00e3o p\u00fablica.<\/div>\n<div style=\"text-align: justify;\">\n<\/div>\n<div style=\"text-align: justify;\">\nDesde a gest\u00e3o do ex-prefeito Jos\u00e9 Queiroz de Lima, a Prefeitura Municipal de Caruaru, tem um repasse da CELPE que em muitos meses chega a R$ 1.000.000,00 (HUM MILH\u00c3O DE REAIS), e assim fica uma pergunta: por que com todo esse dinheiro, existem centenas de postes apagados na cidade? Por\u00e9m, quem deveria fazer esse questionamento era UM dos vinte e tr\u00eas pol\u00edticos \u201cmais pr\u00f3ximos do povo\u201d, mas infelizmente isso n\u00e3o acontece. S\u00f3 na atual gest\u00e3o, os valores s\u00e3o mais ou menos R$ 14.000.000,00 (QUATORZE MILH\u00d5ES DE REAIS) que foram repassados ao governo municipal, mas infelizmente existem situa\u00e7\u00f5es a exemplo do acesso do bairro Nina Liberato, que n\u00e3o existe uma s\u00f3 luz acessa, e para complicar ainda mais, os assaltos s\u00e3o quase que di\u00e1rios, onde a escurid\u00e3o torna-se o aliado principal dos bandidos.<\/div>\n<div style=\"text-align: justify;\">\n<\/div>\n<div style=\"text-align: justify;\">\nAs motos, carros e celulares roubados s\u00e3o incalcul\u00e1veis, pessoas j\u00e1 foram feitas ref\u00e9ns e at\u00e9 morte j\u00e1 ocorreu, no acesso que leva ao bairro Nina Liberato, mas o descaso por parte dos poderes executivo e legislativo \u00e9 gritante e not\u00f3rio, pois v\u00e1rios apelos foram feitos pelos moradores, of\u00edcios encaminhados a C\u00e2mara Municipal, reportagens cobrando explica\u00e7\u00f5es da Prefeitura, mas nada, absolutamente nada foi realizado para mudar a realidade de quase mil fam\u00edlias que moram naquele bairro. Sendo que a falta de ilumina\u00e7\u00e3o n\u00e3o se restringe apenas ao acesso, mesmo com quase cinco anos de inaugurado, a pra\u00e7a do bairro, n\u00e3o possui um s\u00f3 poste de ilumina\u00e7\u00e3o p\u00fablica, onde a resposta do poder executivo \u00e9 que o bairro \u00e9 irregular ou que a ilumina\u00e7\u00e3o \u00e9 de responsabilidade da construtora. Assim, nos cabe algumas indaga\u00e7\u00f5es: se o bairro \u00e9 irregular, por que foi autorizado pela Prefeitura de Caruaru, a constru\u00e7\u00e3o de mil e quinhentas casas? E por que nunca foi cobrado a legaliza\u00e7\u00e3o? A construtora Viana e Moura, sensibilizada com a situa\u00e7\u00e3o dos moradores come\u00e7ou no ano passado, a coloca\u00e7\u00e3o dos postes e fia\u00e7\u00e3o no acesso do bairro, onde esta etapa j\u00e1 est\u00e1 conclu\u00edda, mas por algumas adequa\u00e7\u00f5es no projeto, os bra\u00e7os e luzes ainda n\u00e3o foram colocadas. Espero que em breve, o Ilumina Caruaru, consiga chegar ao bairro Nina Liberato, pois de nada adianta ter um aplicativo a servi\u00e7o da popula\u00e7\u00e3o, se o problema n\u00e3o resolvido de fato.<\/div>\n<div style=\"text-align: justify;\">\n<\/div>\n<div style=\"text-align: justify;\">\nMas o que deve ser feito? Por parte do poder executivo, que tenha mais transpar\u00eancia para que assim, ganhe credibilidade perante a sociedade, j\u00e1 o poder legislativo, fiscalize e cobre explica\u00e7\u00f5es, para que os benef\u00edcios sejam aplicados corretamente. Precisamos na realidade de pol\u00edticos que saiam de seus gabinetes e venham conhecer a realidade das ruas, pois sair pedindo votos, apertando a m\u00e3o e distribuindo sorrisos apenas no per\u00edodo das elei\u00e7\u00f5es, fica feio demais para \u201cos representantes do povo\u201d.<\/div>\n<div style=\"text-align: justify;\">\n<\/div>\n<div style=\"text-align: justify;\">\n*Oscar Mariano \u2013 P\u00f3s-graduando em Ci\u00eancia Pol\u00edtica<\/div>\n","protected":false},"excerpt":{"rendered":"<p>Quando um prefeito (a) \u00e9 eleito (a) para governar uma cidade, deve governar com uma vis\u00e3o em 360\u00b0, para que&hellip;<\/p>\n","protected":false},"author":1,"featured_media":0,"comment_status":"open","ping_status":"open","sticky":false,"template":"","format":"standard","meta":{"footnotes":""},"categories":[1],"tags":[1987,2,6],"class_list":["post-1931","post","type-post","status-publish","format-standard","hentry","category-sem-categoria","tag-artigo-ilumina-caruaru-por-oscar-mariano","tag-blog-do-edvaldo-magalhaes","tag-noticias"],"_links":{"self":[{"href":"https:\/\/blogdoedvaldomagalhaes.com.br\/index.php\/wp-json\/wp\/v2\/posts\/1931","targetHints":{"allow":["GET"]}}],"collection":[{"href":"https:\/\/blogdoedvaldomagalhaes.com.br\/index.php\/wp-json\/wp\/v2\/posts"}],"about":[{"href":"https:\/\/blogdoedvaldomagalhaes.com.br\/index.php\/wp-json\/wp\/v2\/types\/post"}],"author":[{"embeddable":true,"href":"https:\/\/blogdoedvaldomagalhaes.com.br\/index.php\/wp-json\/wp\/v2\/users\/1"}],"replies":[{"embeddable":true,"href":"https:\/\/blogdoedvaldomagalhaes.com.br\/index.php\/wp-json\/wp\/v2\/comments?post=1931"}],"version-history":[{"count":1,"href":"https:\/\/blogdoedvaldomagalhaes.com.br\/index.php\/wp-json\/wp\/v2\/posts\/1931\/revisions"}],"predecessor-version":[{"id":32246,"href":"https:\/\/blogdoedvaldomagalhaes.com.br\/index.php\/wp-json\/wp\/v2\/posts\/1931\/revisions\/32246"}],"wp:attachment":[{"href":"https:\/\/blogdoedvaldomagalhaes.com.br\/index.php\/wp-json\/wp\/v2\/media?parent=1931"}],"wp:term":[{"taxonomy":"category","embeddable":true,"href":"https:\/\/blogdoedvaldomagalhaes.com.br\/index.php\/wp-json\/wp\/v2\/categories?post=1931"},{"taxonomy":"post_tag","embeddable":true,"href":"https:\/\/blogdoedvaldomagalhaes.com.br\/index.php\/wp-json\/wp\/v2\/tags?post=1931"}],"curies":[{"name":"wp","href":"https:\/\/api.w.org\/{rel}","templated":true}]}}