{"id":1930,"date":"2018-06-27T08:00:00","date_gmt":"2018-06-27T11:00:00","guid":{"rendered":"http:\/\/blogdoedvaldomagalhaes.com.br\/index.php\/2018\/06\/27\/salgadinho-gigante-no-arraial-do\/"},"modified":"2019-02-09T02:21:58","modified_gmt":"2019-02-09T04:21:58","slug":"salgadinho-gigante-no-arraial-do","status":"publish","type":"post","link":"https:\/\/blogdoedvaldomagalhaes.com.br\/index.php\/2018\/06\/27\/salgadinho-gigante-no-arraial-do\/","title":{"rendered":"Salgadinho Gigante no Arraial do Bilisco no bairro Salgado em Caruaru"},"content":{"rendered":"<div class=\"separator\" style=\"clear: both; text-align: center;\">\n<a href=\"https:\/\/1.bp.blogspot.com\/-6KBFjrsSpUY\/WzLN3I29TRI\/AAAAAAAA0x0\/VhrlnKbpHngg_z4gSsBxArdZ-dj5gA1wQCLcBGAs\/s1600\/salgfadinjhop.jpg\" imageanchor=\"1\" style=\"margin-left: 1em; margin-right: 1em;\"><img loading=\"lazy\" decoding=\"async\" border=\"0\" data-original-height=\"540\" data-original-width=\"960\" height=\"360\" src=\"http:\/\/blogdoedvaldomagalhaes.com.br\/wp-content\/uploads\/2018\/06\/salgfadinjhop.jpg\" width=\"640\" \/><\/a><\/div>\n<p><\/p>\n<div style=\"text-align: justify;\">\nO Arraial do Bilisco ser\u00e1 realizado na noite desta quinta-feira (28), no bairro Salgado, em Caruaru. A organiza\u00e7\u00e3o \u00e9 do conhecido Coca.&nbsp;<\/div>\n","protected":false},"excerpt":{"rendered":"<p>O Arraial do Bilisco ser\u00e1 realizado na noite desta quinta-feira (28), no bairro Salgado, em Caruaru. A organiza\u00e7\u00e3o \u00e9 do&hellip;<\/p>\n","protected":false},"author":1,"featured_media":0,"comment_status":"open","ping_status":"open","sticky":false,"template":"","format":"standard","meta":{"footnotes":""},"categories":[1],"tags":[2,6,1986],"class_list":["post-1930","post","type-post","status-publish","format-standard","hentry","category-sem-categoria","tag-blog-do-edvaldo-magalhaes","tag-noticias","tag-salgadinho-gigante-no-arraial-do-bilisco-no-bairro-salgado-em-caruaru"],"_links":{"self":[{"href":"https:\/\/blogdoedvaldomagalhaes.com.br\/index.php\/wp-json\/wp\/v2\/posts\/1930","targetHints":{"allow":["GET"]}}],"collection":[{"href":"https:\/\/blogdoedvaldomagalhaes.com.br\/index.php\/wp-json\/wp\/v2\/posts"}],"about":[{"href":"https:\/\/blogdoedvaldomagalhaes.com.br\/index.php\/wp-json\/wp\/v2\/types\/post"}],"author":[{"embeddable":true,"href":"https:\/\/blogdoedvaldomagalhaes.com.br\/index.php\/wp-json\/wp\/v2\/users\/1"}],"replies":[{"embeddable":true,"href":"https:\/\/blogdoedvaldomagalhaes.com.br\/index.php\/wp-json\/wp\/v2\/comments?post=1930"}],"version-history":[{"count":1,"href":"https:\/\/blogdoedvaldomagalhaes.com.br\/index.php\/wp-json\/wp\/v2\/posts\/1930\/revisions"}],"predecessor-version":[{"id":32248,"href":"https:\/\/blogdoedvaldomagalhaes.com.br\/index.php\/wp-json\/wp\/v2\/posts\/1930\/revisions\/32248"}],"wp:attachment":[{"href":"https:\/\/blogdoedvaldomagalhaes.com.br\/index.php\/wp-json\/wp\/v2\/media?parent=1930"}],"wp:term":[{"taxonomy":"category","embeddable":true,"href":"https:\/\/blogdoedvaldomagalhaes.com.br\/index.php\/wp-json\/wp\/v2\/categories?post=1930"},{"taxonomy":"post_tag","embeddable":true,"href":"https:\/\/blogdoedvaldomagalhaes.com.br\/index.php\/wp-json\/wp\/v2\/tags?post=1930"}],"curies":[{"name":"wp","href":"https:\/\/api.w.org\/{rel}","templated":true}]}}