{"id":1919,"date":"2018-06-27T20:16:00","date_gmt":"2018-06-27T23:16:00","guid":{"rendered":"http:\/\/blogdoedvaldomagalhaes.com.br\/index.php\/2018\/06\/27\/fogueira-gigante-sera-acesa-na-vespera\/"},"modified":"2019-02-09T02:22:10","modified_gmt":"2019-02-09T04:22:10","slug":"fogueira-gigante-sera-acesa-na-vespera","status":"publish","type":"post","link":"https:\/\/blogdoedvaldomagalhaes.com.br\/index.php\/2018\/06\/27\/fogueira-gigante-sera-acesa-na-vespera\/","title":{"rendered":"Fogueira Gigante ser\u00e1 acesa na v\u00e9spera de S\u00e3o Pedro em Caruaru"},"content":{"rendered":"<div class=\"separator\" style=\"clear: both; text-align: center;\">\n<a href=\"https:\/\/4.bp.blogspot.com\/-JlOJQQcyL_g\/WzPwOQyChfI\/AAAAAAAA02w\/1x7bhIBndBwAOxkFvSrdRcegYkEvwf1WwCLcBGAs\/s1600\/1.jpg\" imageanchor=\"1\" style=\"margin-left: 1em; margin-right: 1em;\"><img loading=\"lazy\" decoding=\"async\" border=\"0\" data-original-height=\"1600\" data-original-width=\"1051\" height=\"640\" src=\"http:\/\/blogdoedvaldomagalhaes.com.br\/wp-content\/uploads\/2018\/06\/1-27.jpg\" width=\"420\" \/><\/a><\/div>\n<div class=\"separator\" style=\"clear: both; text-align: center;\">\nCr\u00e9ditos: Jana\u00edna Pepeu<\/div>\n<div style=\"text-align: justify;\">\n<\/div>\n<div style=\"text-align: justify;\">\nComo manda a tradi\u00e7\u00e3o, mais uma edi\u00e7\u00e3o da Fogueira Gigante ser\u00e1 realizada em Caruaru. Para dar continuidade aos festejos juninos, o evento que homenageia S\u00e3o Pedro j\u00e1 ocorre h\u00e1 31 anos e ser\u00e1 realizado nesta quinta-feira (28).<\/div>\n<div style=\"text-align: justify;\">\n<\/div>\n<div class=\"separator\" style=\"clear: both; text-align: center;\">\n<a href=\"https:\/\/2.bp.blogspot.com\/-4SKdCIS5ewU\/WzPwY4muUvI\/AAAAAAAA020\/i567FsgDjts7_tKaA5XlUiJP3_de_95AQCLcBGAs\/s1600\/2.jpg\" imageanchor=\"1\" style=\"margin-left: 1em; margin-right: 1em;\"><img loading=\"lazy\" decoding=\"async\" border=\"0\" data-original-height=\"1600\" data-original-width=\"1063\" height=\"640\" src=\"http:\/\/blogdoedvaldomagalhaes.com.br\/wp-content\/uploads\/2018\/06\/2-20.jpg\" width=\"424\" \/><\/a><\/div>\n<div style=\"text-align: justify;\">\n<\/div>\n<div style=\"text-align: justify;\">\nEste ano, a fogueira ter\u00e1 15 metros e ser\u00e1 utilizada, apenas, madeira de poda de \u00e1rvores da cidade e regi\u00e3o. De acordo com F\u00falvio Wagner, coordenador geral de eventos da Funda\u00e7\u00e3o de Cultura e Turismo, a inten\u00e7\u00e3o \u00e9 promover um S\u00e3o Jo\u00e3o sustent\u00e1vel. \u201cO principal objetivo \u00e9 realizar um S\u00e3o Jo\u00e3o sustent\u00e1vel, por isso, foi efetuado um trabalho de poda e a madeira guardada foi levada para a fogueira\u201d, explicou.<\/div>\n<div style=\"text-align: justify;\">\n<\/div>\n<div class=\"separator\" style=\"clear: both; text-align: center;\">\n<a href=\"https:\/\/4.bp.blogspot.com\/-FpjXOAEgjO8\/WzPweYwRKXI\/AAAAAAAA028\/jHO3R6cX1DcX0VUi5wOjyDbRrurCvqsOgCLcBGAs\/s1600\/3.jpg\" imageanchor=\"1\" style=\"margin-left: 1em; margin-right: 1em;\"><img loading=\"lazy\" decoding=\"async\" border=\"0\" data-original-height=\"1600\" data-original-width=\"1065\" height=\"640\" src=\"http:\/\/blogdoedvaldomagalhaes.com.br\/wp-content\/uploads\/2018\/06\/3-17.jpg\" width=\"424\" \/><\/a><\/div>\n<div style=\"text-align: justify;\">\n<\/div>\n<div style=\"text-align: justify;\">\nA fogueira ser\u00e1 acesa \u00e0s 20h, logo ap\u00f3s a missa que \u00e9 realizada na Igreja do Convento, no bairro Divin\u00f3polis. O evento contar\u00e1 com a anima\u00e7\u00e3o de banda de p\u00edfanos, quadrilhas e bacamarteiros.<\/div>\n<div style=\"text-align: justify;\">\n<\/div>\n<div style=\"text-align: justify;\">\n<\/div>\n","protected":false},"excerpt":{"rendered":"<p>Cr\u00e9ditos: Jana\u00edna Pepeu Como manda a tradi\u00e7\u00e3o, mais uma edi\u00e7\u00e3o da Fogueira Gigante ser\u00e1 realizada em Caruaru. Para dar continuidade&hellip;<\/p>\n","protected":false},"author":1,"featured_media":0,"comment_status":"open","ping_status":"open","sticky":false,"template":"","format":"standard","meta":{"footnotes":""},"categories":[1],"tags":[2,1974,6],"class_list":["post-1919","post","type-post","status-publish","format-standard","hentry","category-sem-categoria","tag-blog-do-edvaldo-magalhaes","tag-fogueira-gigante-sera-acesa-na-vespera-de-sao-pedro-em-caruaru","tag-noticias"],"_links":{"self":[{"href":"https:\/\/blogdoedvaldomagalhaes.com.br\/index.php\/wp-json\/wp\/v2\/posts\/1919","targetHints":{"allow":["GET"]}}],"collection":[{"href":"https:\/\/blogdoedvaldomagalhaes.com.br\/index.php\/wp-json\/wp\/v2\/posts"}],"about":[{"href":"https:\/\/blogdoedvaldomagalhaes.com.br\/index.php\/wp-json\/wp\/v2\/types\/post"}],"author":[{"embeddable":true,"href":"https:\/\/blogdoedvaldomagalhaes.com.br\/index.php\/wp-json\/wp\/v2\/users\/1"}],"replies":[{"embeddable":true,"href":"https:\/\/blogdoedvaldomagalhaes.com.br\/index.php\/wp-json\/wp\/v2\/comments?post=1919"}],"version-history":[{"count":1,"href":"https:\/\/blogdoedvaldomagalhaes.com.br\/index.php\/wp-json\/wp\/v2\/posts\/1919\/revisions"}],"predecessor-version":[{"id":32278,"href":"https:\/\/blogdoedvaldomagalhaes.com.br\/index.php\/wp-json\/wp\/v2\/posts\/1919\/revisions\/32278"}],"wp:attachment":[{"href":"https:\/\/blogdoedvaldomagalhaes.com.br\/index.php\/wp-json\/wp\/v2\/media?parent=1919"}],"wp:term":[{"taxonomy":"category","embeddable":true,"href":"https:\/\/blogdoedvaldomagalhaes.com.br\/index.php\/wp-json\/wp\/v2\/categories?post=1919"},{"taxonomy":"post_tag","embeddable":true,"href":"https:\/\/blogdoedvaldomagalhaes.com.br\/index.php\/wp-json\/wp\/v2\/tags?post=1919"}],"curies":[{"name":"wp","href":"https:\/\/api.w.org\/{rel}","templated":true}]}}