{"id":1918,"date":"2018-06-28T11:50:00","date_gmt":"2018-06-28T14:50:00","guid":{"rendered":"http:\/\/blogdoedvaldomagalhaes.com.br\/index.php\/2018\/06\/28\/festa-do-munguza-em-caruaru-no-dia-de\/"},"modified":"2019-02-09T02:22:10","modified_gmt":"2019-02-09T04:22:10","slug":"festa-do-munguza-em-caruaru-no-dia-de","status":"publish","type":"post","link":"https:\/\/blogdoedvaldomagalhaes.com.br\/index.php\/2018\/06\/28\/festa-do-munguza-em-caruaru-no-dia-de\/","title":{"rendered":"Festa do Munguz\u00e1 em Caruaru no Dia de S\u00e3o Pedro (29)"},"content":{"rendered":"<div class=\"separator\" style=\"clear: both; text-align: center;\">\n<a href=\"https:\/\/4.bp.blogspot.com\/-8i_pByswuak\/WzTK7Sf1g8I\/AAAAAAAA03Y\/MfmCieYdursC2e4asYPAWmWypT_ZF_mpwCLcBGAs\/s1600\/IMG-20180628-WA0009.jpg\" imageanchor=\"1\" style=\"margin-left: 1em; margin-right: 1em;\"><img loading=\"lazy\" decoding=\"async\" border=\"0\" data-original-height=\"904\" data-original-width=\"1280\" height=\"450\" src=\"http:\/\/blogdoedvaldomagalhaes.com.br\/wp-content\/uploads\/2018\/06\/IMG-20180628-WA0009.jpg\" width=\"640\" \/><\/a><\/div>\n<p><\/p>\n<div style=\"text-align: justify;\">\nNesta sexta-feira (29), Dia de S\u00e3o Pedro ser\u00e1 realizada a 19\u00aa Festa do Munguz\u00e1, na Pra\u00e7a 14 de Julho, no centro de Caruaru, a partir das 12h. A organiza\u00e7\u00e3o \u00e9 de Alexandre Santos (Fa\u00edsca).<\/div>\n<p><\/p>\n<div class=\"separator\" style=\"clear: both; text-align: center;\">\n<a href=\"https:\/\/3.bp.blogspot.com\/-Qa2zh8ytdPo\/WzTK9gLY1OI\/AAAAAAAA03c\/Qg3EBKx107YNeoFrMxbruNHOgDxW0RlswCLcBGAs\/s1600\/IMG-20180628-WA0008.jpg\" imageanchor=\"1\" style=\"margin-left: 1em; margin-right: 1em;\"><img loading=\"lazy\" decoding=\"async\" border=\"0\" data-original-height=\"908\" data-original-width=\"1280\" height=\"452\" src=\"http:\/\/blogdoedvaldomagalhaes.com.br\/wp-content\/uploads\/2018\/06\/IMG-20180628-WA0008.jpg\" width=\"640\" \/><\/a><\/div>\n<p><\/p>\n","protected":false},"excerpt":{"rendered":"<p>Nesta sexta-feira (29), Dia de S\u00e3o Pedro ser\u00e1 realizada a 19\u00aa Festa do Munguz\u00e1, na Pra\u00e7a 14 de Julho, no&hellip;<\/p>\n","protected":false},"author":1,"featured_media":0,"comment_status":"open","ping_status":"open","sticky":false,"template":"","format":"standard","meta":{"footnotes":""},"categories":[1],"tags":[2,1972,6,1973],"class_list":["post-1918","post","type-post","status-publish","format-standard","hentry","category-sem-categoria","tag-blog-do-edvaldo-magalhaes","tag-festa-do-munguza-em-caruaru-no-dia-de-sao-pedro-29","tag-noticias","tag-praca-14-de-julho"],"_links":{"self":[{"href":"https:\/\/blogdoedvaldomagalhaes.com.br\/index.php\/wp-json\/wp\/v2\/posts\/1918","targetHints":{"allow":["GET"]}}],"collection":[{"href":"https:\/\/blogdoedvaldomagalhaes.com.br\/index.php\/wp-json\/wp\/v2\/posts"}],"about":[{"href":"https:\/\/blogdoedvaldomagalhaes.com.br\/index.php\/wp-json\/wp\/v2\/types\/post"}],"author":[{"embeddable":true,"href":"https:\/\/blogdoedvaldomagalhaes.com.br\/index.php\/wp-json\/wp\/v2\/users\/1"}],"replies":[{"embeddable":true,"href":"https:\/\/blogdoedvaldomagalhaes.com.br\/index.php\/wp-json\/wp\/v2\/comments?post=1918"}],"version-history":[{"count":1,"href":"https:\/\/blogdoedvaldomagalhaes.com.br\/index.php\/wp-json\/wp\/v2\/posts\/1918\/revisions"}],"predecessor-version":[{"id":32281,"href":"https:\/\/blogdoedvaldomagalhaes.com.br\/index.php\/wp-json\/wp\/v2\/posts\/1918\/revisions\/32281"}],"wp:attachment":[{"href":"https:\/\/blogdoedvaldomagalhaes.com.br\/index.php\/wp-json\/wp\/v2\/media?parent=1918"}],"wp:term":[{"taxonomy":"category","embeddable":true,"href":"https:\/\/blogdoedvaldomagalhaes.com.br\/index.php\/wp-json\/wp\/v2\/categories?post=1918"},{"taxonomy":"post_tag","embeddable":true,"href":"https:\/\/blogdoedvaldomagalhaes.com.br\/index.php\/wp-json\/wp\/v2\/tags?post=1918"}],"curies":[{"name":"wp","href":"https:\/\/api.w.org\/{rel}","templated":true}]}}