{"id":1907,"date":"2018-06-28T16:31:00","date_gmt":"2018-06-28T19:31:00","guid":{"rendered":"http:\/\/blogdoedvaldomagalhaes.com.br\/index.php\/2018\/06\/28\/confira-programacao-completa-do\/"},"modified":"2019-02-09T02:22:20","modified_gmt":"2019-02-09T04:22:20","slug":"confira-programacao-completa-do","status":"publish","type":"post","link":"https:\/\/blogdoedvaldomagalhaes.com.br\/index.php\/2018\/06\/28\/confira-programacao-completa-do\/","title":{"rendered":"Confira a programa\u00e7\u00e3o completa do Festival Inverno 2018 de Garanhuns"},"content":{"rendered":"<div class=\"separator\" style=\"clear: both; text-align: center;\">\n<a href=\"https:\/\/2.bp.blogspot.com\/-NGs2ZIyXg1I\/WzUNBYLhpcI\/AAAAAAAA06s\/LydcLSJ_zZkHDGYrx5qJHLJA2uzyh27TgCLcBGAs\/s1600\/eles.jpg\" imageanchor=\"1\" style=\"margin-left: 1em; margin-right: 1em;\"><img loading=\"lazy\" decoding=\"async\" border=\"0\" data-original-height=\"385\" data-original-width=\"700\" height=\"350\" src=\"http:\/\/blogdoedvaldomagalhaes.com.br\/wp-content\/uploads\/2018\/06\/eles.jpg\" width=\"640\" \/><\/a><\/div>\n<div style=\"text-align: justify;\">\n<\/div>\n<div style=\"text-align: justify;\">\nNesta quinta-feira (28), foi divulgada a programa\u00e7\u00e3o completa da 28\u00aa edi\u00e7\u00e3o do Festival de Inverno de Garanhuns (FIG). O evento \u00e9 organizado pela Secretaria de Culturra de Pernambuco (Secult-PE) e Funda\u00e7\u00e3o do Patrim\u00f4nio Hist\u00f3rico e Art\u00edstico de Pernambuco (Fundarpe), e ter\u00e1 mais de 500 atra\u00e7\u00f5es em 21 polos de todas as linguagens art\u00edsticas, durante dez dias. A grade ter\u00e1 nomes como Maria Rita, Vanessa da Mata, Gaby Amarantos, Johnny Hooker, Na\u00e7\u00e3o Zumbi e Diogo Nogueira.&nbsp;<\/div>\n<div style=\"text-align: justify;\">\n<\/div>\n<div style=\"text-align: justify;\">\nConsiderado um dos maiores eventos de arte e cultura do pa\u00eds, o FIG est\u00e1 programado para ocorrer entre os dias 19 e 28 de julho, na cidade do Agreste do estado. O tema desta edi\u00e7\u00e3o ser\u00e1 &#8220;Um viva \u00e0 liberdade&#8221;, para dar visibilidade a liberdade de cria\u00e7\u00e3o art\u00edstica e de pensamento aos artistas e suas obras. O principal palco da festa \u00e9 montado na Pra\u00e7a Guadalajara, o palco Dominguinhos. Que vai receber ainda atra\u00e7\u00f5es como Cordel do Fogo Encantado, Na\u00e7\u00e3o Zumbi, Emicida e \u00c0TT\u00d8\u00d8XX\u00c1.&nbsp;<\/div>\n<div style=\"text-align: justify;\">\n<\/div>\n<div style=\"text-align: justify;\">\nO festival dedicado a v\u00e1rias linguagens culturais \u00e9 realizado em parceria com a Prefeitura de Garanhuns, o SESC-PE, SEBRAE, Conservat\u00f3rio Pernambucano de M\u00fasica e a Cepe Editora.&nbsp;Confira a programa\u00e7\u00e3o:<\/div>\n<div style=\"text-align: justify;\">\n<\/div>\n<div style=\"text-align: justify;\">\nTEATRO LUIZ SOLTO DOURADO<\/div>\n<div style=\"text-align: justify;\">\nQuinta-feira &#8211; 19 de julho (abertura)<\/div>\n<div style=\"text-align: justify;\">\n19h \u2013 Espet\u00e1culo Au\u00ea<\/div>\n<div style=\"text-align: justify;\">\nCia. Barca dos Cora\u00e7\u00f5es Partidos (RJ)<\/div>\n<div style=\"text-align: justify;\">\n<\/div>\n<div style=\"text-align: justify;\">\nPALCO DOMINGUINHOS<\/div>\n<div style=\"text-align: justify;\">\n<\/div>\n<div style=\"text-align: justify;\">\nSexta-feira &#8211; 20 de julho<\/div>\n<div style=\"text-align: justify;\">\n20h \u2013 Golden Hits Orquestra<\/div>\n<div style=\"text-align: justify;\">\n21h \u2013 Anderson do Pife e Banda do P\u00edfano Z\u00e9 do Estado<\/div>\n<div style=\"text-align: justify;\">\n22h \u2013 Siba e a Fuloresta<\/div>\n<div style=\"text-align: justify;\">\n23h \u2013 Orquestra Santa Massa<\/div>\n<div style=\"text-align: justify;\">\n0h30 \u2013 Cordel do Fogo Encantado<\/div>\n<div style=\"text-align: justify;\">\n<\/div>\n<div style=\"text-align: justify;\">\nS\u00e1bado &#8211; 21 de julho<\/div>\n<div style=\"text-align: justify;\">\n20h \u2013 Pablo Moreno<\/div>\n<div style=\"text-align: justify;\">\n21h \u2013 MPBossas &#8211; Andr\u00e9 Rio convida Roberto Menescal e Luciano Magno<\/div>\n<div style=\"text-align: justify;\">\n22h \u2013 Fl\u00e1vio Venturini (MG)<\/div>\n<div style=\"text-align: justify;\">\n23h \u2013 Pedro Luiz canta Luiz Melodia (RJ)<\/div>\n<div style=\"text-align: justify;\">\n<\/div>\n<div style=\"text-align: justify;\">\nDomingo &#8211; 22 de julho<\/div>\n<div style=\"text-align: justify;\">\n20h \u2013 Amanda Back<\/div>\n<div style=\"text-align: justify;\">\n21h \u2013 Aninha Martins<\/div>\n<div style=\"text-align: justify;\">\n22h &#8211; Laila Garin e A Roda (BA)<\/div>\n<div style=\"text-align: justify;\">\n23h \u2013 Rita Benneditto \u2013 Tecnomacumba (MA)<\/div>\n<div style=\"text-align: justify;\">\n0h30 \u2013 Vanessa da Mata<\/div>\n<div style=\"text-align: justify;\">\n<\/div>\n<div style=\"text-align: justify;\">\nSegunda &#8211; 23 de julho<\/div>\n<div style=\"text-align: justify;\">\n20h \u2013 Gonzaga Leal e \u00c1urea Martins cantam Dalva de Oliveira \u2013 100 anos<\/div>\n<div style=\"text-align: justify;\">\n21h \u2013 Cristina Amaral canta Nubia Lafayette<\/div>\n<div style=\"text-align: justify;\">\n22h \u2013 B\u00e1rbara Eug\u00eania canta Diana (SP)<\/div>\n<div style=\"text-align: justify;\">\n0h30 \u2013 Odair Jos\u00e9 (RJ)<\/div>\n<div style=\"text-align: justify;\">\n<\/div>\n<div style=\"text-align: justify;\">\nTer\u00e7a-feira &#8211; 24 de julho<\/div>\n<div style=\"text-align: justify;\">\n20h \u2013 Nando Azevedo<\/div>\n<div style=\"text-align: justify;\">\n21h \u2013 Petr\u00facio Amorim<\/div>\n<div style=\"text-align: justify;\">\n22h \u2013 F\u00e1bio Carneirinho<\/div>\n<div style=\"text-align: justify;\">\n0h30 \u2013 Santanna, o Cantador<\/div>\n<div style=\"text-align: justify;\">\n<\/div>\n<div style=\"text-align: justify;\">\nQuarta-feira &#8211; 25 de julho<\/div>\n<div style=\"text-align: justify;\">\n20h \u2013 Cafuringa e banda<\/div>\n<div style=\"text-align: justify;\">\n21h \u2013 Camila Yasmine<\/div>\n<div style=\"text-align: justify;\">\n22h \u2013 Paulo Perdig\u00e3o &#8211; Sonoras Batucadas<\/div>\n<div style=\"text-align: justify;\">\n23h30 \u2013 Diogo Nogueira (RJ)<\/div>\n<div style=\"text-align: justify;\">\n<\/div>\n<div style=\"text-align: justify;\">\nQuinta-feira &#8211; 26 de julho<\/div>\n<div style=\"text-align: justify;\">\n20h \u2013 Still Living<\/div>\n<div style=\"text-align: justify;\">\n21h \u2013 \u00c0TT\u00d8\u00d8XX\u00c1 (BA)<\/div>\n<div style=\"text-align: justify;\">\n22h20 \u2013 Emicida (SP)<\/div>\n<div style=\"text-align: justify;\">\n23h30 \u2013 Na\u00e7\u00e3o Zumbi&nbsp;<\/div>\n<div style=\"text-align: justify;\">\n<\/div>\n<div style=\"text-align: justify;\">\nSexta-feira &#8211; 27 de julho<\/div>\n<div style=\"text-align: justify;\">\n20h \u2013 Romero Ferro<\/div>\n<div style=\"text-align: justify;\">\n21h \u2013 Coco de Umbigada<\/div>\n<div style=\"text-align: justify;\">\n22h \u2013 Felipe Catto (RS)<\/div>\n<div style=\"text-align: justify;\">\n23h \u2013 Gaby Amarantos (PA)<\/div>\n<div style=\"text-align: justify;\">\n0h30 \u2013 Johnny Hooker<\/div>\n<div style=\"text-align: justify;\">\n<\/div>\n<div style=\"text-align: justify;\">\nS\u00e1bado &#8211; 28 de julho<\/div>\n<div style=\"text-align: justify;\">\n20h \u2013 Andrea Amorim&nbsp;<\/div>\n<div style=\"text-align: justify;\">\n21h \u2013 Renata Arruda (PB)&nbsp;<\/div>\n<div style=\"text-align: justify;\">\n22h \u2013 Lula Queiroga&nbsp;<\/div>\n<div style=\"text-align: justify;\">\n23h \u2013 Nova Cena Pernambucana \u2013 Juliano Holanda, Aninha Martins, Flaira Ferro, Isaar, Isadora Melo, Martins, Alm\u00e9rio, Amaro Freitas e Romero Ferro&nbsp;<\/div>\n<div style=\"text-align: justify;\">\n0h30 \u2013 Maria Rita&nbsp;<\/div>\n<div style=\"text-align: justify;\">\n<\/div>\n<div style=\"text-align: justify;\">\nPALCO POP<\/div>\n<div style=\"text-align: justify;\">\n<\/div>\n<div style=\"text-align: justify;\">\nTer\u00e7a-feira &#8211; 24 de julho<\/div>\n<div style=\"text-align: justify;\">\n17h \u2013 Legion\u00e1rios<\/div>\n<div style=\"text-align: justify;\">\n18h \u2013 Albino Baru (Som da Arena)<\/div>\n<div style=\"text-align: justify;\">\n19h \u2013 OQuadro (BA)<\/div>\n<div style=\"text-align: justify;\">\n20h20 \u2013 Tribo de Jah (MA)<\/div>\n<div style=\"text-align: justify;\">\n<\/div>\n<div style=\"text-align: justify;\">\nQuarta- feira &#8211; 25 de julho<\/div>\n<div style=\"text-align: justify;\">\n17h \u2013 Carla Marques<\/div>\n<div style=\"text-align: justify;\">\n18h \u2013 Publius Lentulus<\/div>\n<div style=\"text-align: justify;\">\n19h \u2013 Aline Paes (RJ)<\/div>\n<div style=\"text-align: justify;\">\n20h20 \u2013 Estrela Leminski e T\u00e9o Ruiz (PR)<\/div>\n<div style=\"text-align: justify;\">\n<\/div>\n<div style=\"text-align: justify;\">\nQuinta-feira &#8211; 26 de julho<\/div>\n<div style=\"text-align: justify;\">\n17h \u2013 Martzabel<\/div>\n<div style=\"text-align: justify;\">\n18h \u2013 Jonnata Doll e Os Garotos Solventes (CE)<\/div>\n<div style=\"text-align: justify;\">\n19h \u2013 Giovanni Cidreira (BA)<\/div>\n<div style=\"text-align: justify;\">\n20h20 \u2013 Xenia Fran\u00e7a (BA)<\/div>\n<div style=\"text-align: justify;\">\n<\/div>\n<div style=\"text-align: justify;\">\nSexta-feira &#8211; 27 de julho<\/div>\n<div style=\"text-align: justify;\">\n17h \u2013 Celino Melo<\/div>\n<div style=\"text-align: justify;\">\n18h \u2013 Juvenil Silva<\/div>\n<div style=\"text-align: justify;\">\n19h \u2013 ATR (SP)<\/div>\n<div style=\"text-align: justify;\">\n20h20 \u2013 Boogarins (GO)<\/div>\n<div style=\"text-align: justify;\">\n<\/div>\n<div style=\"text-align: justify;\">\nS\u00e1bado &#8211; 28 de jullho<\/div>\n<div style=\"text-align: justify;\">\n17h &#8211; Blues For Us<\/div>\n<div style=\"text-align: justify;\">\n18h \u2013 Thabata Lorena (DF)<\/div>\n<div style=\"text-align: justify;\">\n19h \u2013 Atra\u00e7\u00e3o a confirmar<\/div>\n<div style=\"text-align: justify;\">\n20h20 \u2013 T\u00e1ssia Reis (SP)<\/div>\n<div style=\"text-align: justify;\">\n<\/div>\n<div style=\"text-align: justify;\">\nSOM NA RURAL&nbsp;<\/div>\n<div style=\"text-align: justify;\">\n(Parque Euclides Dourado)<\/div>\n<div style=\"text-align: justify;\">\n<\/div>\n<div style=\"text-align: justify;\">\nSexta-feira &#8211; 20 de julho<\/div>\n<div style=\"text-align: justify;\">\n19h \u2013 Daniel Bento<\/div>\n<div style=\"text-align: justify;\">\n20h20 \u2013 Livia Matos<\/div>\n<div style=\"text-align: justify;\">\n22h30 \u2013 Mestre Luiz Paix\u00e3o<\/div>\n<div style=\"text-align: justify;\">\nIntervalos e fim de noite: DJ Novato&nbsp;<\/div>\n<div style=\"text-align: justify;\">\n<\/div>\n<div style=\"text-align: justify;\">\nS\u00e1bado &#8211; 21 de julho<\/div>\n<div style=\"text-align: justify;\">\n20h20 \u2013 Pierre Ten\u00f3rio<\/div>\n<div style=\"text-align: justify;\">\n22h30 \u2013 Gilu Amaral&nbsp;<\/div>\n<div style=\"text-align: justify;\">\n<\/div>\n<div style=\"text-align: justify;\">\nDomingo &#8211; 22&nbsp; de julho<\/div>\n<div style=\"text-align: justify;\">\n18h \u2013 N\u00famero Circense \u2013 Duo Simetria: Helder Vilela e Paulo Maeda (SP)<\/div>\n<div style=\"text-align: justify;\">\n19h \u2013 Banda Viruz<\/div>\n<div style=\"text-align: justify;\">\n20h20 \u2013 Bande Dessin\u00e9e<\/div>\n<div style=\"text-align: justify;\">\n22h30 \u2013 Vertin Moura<\/div>\n<div style=\"text-align: justify;\">\nIntervalos e fim de noite: DJ Rimas INC<\/div>\n<div style=\"text-align: justify;\">\n<\/div>\n<div style=\"text-align: justify;\">\nSegunda-feira &#8211; 23&nbsp; de julho<\/div>\n<div style=\"text-align: justify;\">\n19h \u2013 Vinicius Barros<\/div>\n<div style=\"text-align: justify;\">\n20h20 \u2013 Tin\u00e9 \u2013 Equilibrista<\/div>\n<div style=\"text-align: justify;\">\n22h30 \u2013 Ceumar (MG)<\/div>\n<div style=\"text-align: justify;\">\n<\/div>\n<div style=\"text-align: justify;\">\nTer\u00e7a-feira &#8211; 24&nbsp; de julho<\/div>\n<div style=\"text-align: justify;\">\nSom na Rural<\/div>\n<div style=\"text-align: justify;\">\nParque Euclides Dourado<\/div>\n<div style=\"text-align: justify;\">\n21h20 \u2013 Paulo Neto<\/div>\n<div style=\"text-align: justify;\">\n<\/div>\n<div style=\"text-align: justify;\">\nQuarta-feira &#8211; 25 de julho<\/div>\n<div style=\"text-align: justify;\">\n21h20 \u2013 Gabi da Pele Preta<\/div>\n<div style=\"text-align: justify;\">\n<\/div>\n<div style=\"text-align: justify;\">\nQuinta-feira &#8211; 26 de julho<\/div>\n<div style=\"text-align: justify;\">\n21h20 \u2013 Helton Moura&nbsp;<\/div>\n<div style=\"text-align: justify;\">\n<\/div>\n<div style=\"text-align: justify;\">\nSexta-feira &#8211; 27 de julho<\/div>\n<div style=\"text-align: justify;\">\n21h20 \u2013 Madimboo&nbsp;<\/div>\n<div style=\"text-align: justify;\">\n<\/div>\n<div style=\"text-align: justify;\">\nS\u00e1bado &#8211; 28 de julho<\/div>\n<div style=\"text-align: justify;\">\n21h20 \u2013 Isaar<\/div>\n<div style=\"text-align: justify;\">\n<\/div>\n","protected":false},"excerpt":{"rendered":"<p>Nesta quinta-feira (28), foi divulgada a programa\u00e7\u00e3o completa da 28\u00aa edi\u00e7\u00e3o do Festival de Inverno de Garanhuns (FIG). O evento&hellip;<\/p>\n","protected":false},"author":1,"featured_media":0,"comment_status":"open","ping_status":"open","sticky":false,"template":"","format":"standard","meta":{"footnotes":""},"categories":[1],"tags":[2,1960,6],"class_list":["post-1907","post","type-post","status-publish","format-standard","hentry","category-sem-categoria","tag-blog-do-edvaldo-magalhaes","tag-confira-a-programacao-completa-do-festival-inverno-2018-de-garanhuns","tag-noticias"],"_links":{"self":[{"href":"https:\/\/blogdoedvaldomagalhaes.com.br\/index.php\/wp-json\/wp\/v2\/posts\/1907","targetHints":{"allow":["GET"]}}],"collection":[{"href":"https:\/\/blogdoedvaldomagalhaes.com.br\/index.php\/wp-json\/wp\/v2\/posts"}],"about":[{"href":"https:\/\/blogdoedvaldomagalhaes.com.br\/index.php\/wp-json\/wp\/v2\/types\/post"}],"author":[{"embeddable":true,"href":"https:\/\/blogdoedvaldomagalhaes.com.br\/index.php\/wp-json\/wp\/v2\/users\/1"}],"replies":[{"embeddable":true,"href":"https:\/\/blogdoedvaldomagalhaes.com.br\/index.php\/wp-json\/wp\/v2\/comments?post=1907"}],"version-history":[{"count":1,"href":"https:\/\/blogdoedvaldomagalhaes.com.br\/index.php\/wp-json\/wp\/v2\/posts\/1907\/revisions"}],"predecessor-version":[{"id":32307,"href":"https:\/\/blogdoedvaldomagalhaes.com.br\/index.php\/wp-json\/wp\/v2\/posts\/1907\/revisions\/32307"}],"wp:attachment":[{"href":"https:\/\/blogdoedvaldomagalhaes.com.br\/index.php\/wp-json\/wp\/v2\/media?parent=1907"}],"wp:term":[{"taxonomy":"category","embeddable":true,"href":"https:\/\/blogdoedvaldomagalhaes.com.br\/index.php\/wp-json\/wp\/v2\/categories?post=1907"},{"taxonomy":"post_tag","embeddable":true,"href":"https:\/\/blogdoedvaldomagalhaes.com.br\/index.php\/wp-json\/wp\/v2\/tags?post=1907"}],"curies":[{"name":"wp","href":"https:\/\/api.w.org\/{rel}","templated":true}]}}