{"id":19,"date":"2019-02-07T20:36:00","date_gmt":"2019-02-07T22:36:00","guid":{"rendered":"http:\/\/blogdoedvaldomagalhaes.com.br\/index.php\/2019\/02\/07\/feira-cultural-do-empreendedor-no\/"},"modified":"2019-02-10T18:38:13","modified_gmt":"2019-02-10T21:38:13","slug":"feira-cultural-do-empreendedor-no","status":"publish","type":"post","link":"https:\/\/blogdoedvaldomagalhaes.com.br\/index.php\/2019\/02\/07\/feira-cultural-do-empreendedor-no\/","title":{"rendered":"Feira Cultural do Empreendedor no Residencial Alto do Moura"},"content":{"rendered":"<div style=\"text-align: justify;\"><\/div>\n<div class=\"separator\" style=\"clear: both; text-align: center;\">\n<a href=\"https:\/\/3.bp.blogspot.com\/-iLT-2xTetQ8\/XFyWgrwMyXI\/AAAAAAABCHk\/DPdfUmhRD6Y-AKlkh71AzP5DKx_N07OOwCLcBGAs\/s1600\/IMG-20190207-WA0062.jpg\" imageanchor=\"1\" style=\"margin-left: 1em; margin-right: 1em;\"><img loading=\"lazy\" decoding=\"async\" border=\"0\" data-original-height=\"853\" data-original-width=\"1280\" height=\"426\" src=\"http:\/\/blogdoedvaldomagalhaes.com.br\/wp-content\/uploads\/2019\/02\/IMG-20190207-WA0062.jpg\" width=\"640\"><\/a><\/div>\n<div style=\"text-align: center;\">\nFoto: Jorge Farias<\/div>\n<div style=\"text-align: justify;\">\n<div style=\"text-align: center;\"><\/div>\n<\/div>\n<div style=\"text-align: justify;\">\nNesta sexta-feira (08) o Residencial Alto do Moura, em Caruaru, ir\u00e1 sediar a segunda edi\u00e7\u00e3o da Feira Cultural do Empreendedor. O evento est\u00e1 sendo promovido pela Prefeitura de Caruaru, atrav\u00e9s da Secretaria de Desenvolvimento Social e Direitos Humanos (SDSDH) e contar\u00e1, nesta edi\u00e7\u00e3o, com 36 artes\u00e3os, culinaristas, brecholeiros e profissionais que ofertar\u00e3o servi\u00e7os de beleza e est\u00e9tica num espa\u00e7o com barraquinhas, sal\u00e3o de servi\u00e7os e vendas volantes.<\/div>\n<div style=\"text-align: justify;\"><\/div>\n<div style=\"text-align: justify;\">\nAl\u00e9m de prestigiar os produtos que ser\u00e3o comercializados em 20 barraquinhas e aproveitar os servi\u00e7os que ser\u00e3o oferecidos, visitantes e moradores poder\u00e3o se divertir no campeonato de montaria com touro mec\u00e2nico, levar suas crian\u00e7as para os brinquedos infl\u00e1veis e apreciar no palco as apresenta\u00e7\u00f5es culturais. A Banda Pife da Inclus\u00e3o, o Grupo de Capoeira Ra\u00e7a Nobre, o Maracatu S\u00f3 N\u00e3o Toca Quem N\u00e3o Quer e o Grupo Puro Romance ser\u00e3o os convidados desta segunda edi\u00e7\u00e3o.<\/div>\n<div style=\"text-align: justify;\"><\/div>\n<div style=\"text-align: justify;\">\nO evento contar\u00e1 ainda com servi\u00e7os da Risada Eventos (empresa respons\u00e1vel pela anima\u00e7\u00e3o da Arena Pernambuco durante os jogos da Copa do Mundo em 2014) e da Associa\u00e7\u00e3o dos Moradores da Praia de Gaibu (do Cabo de Santo Agostinho), reconhecida pelo Minist\u00e9rio da Cultura em 2015 como um dos 55 melhores projetos de Fomento a Redes Culturais do Brasil &#8211; Categoria Local, e do sal\u00e3o e barbearia Tesoura de Ouro (conceituado espa\u00e7o de Caruaru).<\/div>\n<div style=\"text-align: justify;\"><\/div>\n<div style=\"text-align: justify;\">\nA primeira edi\u00e7\u00e3o realizada em 23 de novembro de 2018 foi sucesso de estreia. \u201cO objetivo do projeto \u00e9 dar continuidade \u00e0 estrat\u00e9gia de promo\u00e7\u00e3o dos empreendedores que buscam renda para suas fam\u00edlias e \u00e0 arrecada\u00e7\u00e3o de fundos para recupera\u00e7\u00e3o de \u00e1reas dos condom\u00ednios depredadas por v\u00e2ndalos, iniciada na edi\u00e7\u00e3o anterior\u201d, destacou a secret\u00e1ria da SDSDH, Perp\u00e9tua Dantas.<\/div>\n<div style=\"text-align: justify;\"><\/div>\n<div style=\"text-align: justify;\">\nA Feira Cultural do Empreendedor \u00e9 mais uma das estrat\u00e9gias em curso da equipe de Trabalho Social do Grupo Figem &amp; Associados, especializada em gerenciamento de projetos e de pol\u00edticas p\u00fablicas que buscam contribuir para coes\u00e3o social, gera\u00e7\u00e3o de renda, educa\u00e7\u00e3o ambiental e patrimonial, fortalecimento de lideran\u00e7as e sustentabilidade do Residencial Alto do Moura, conforme contrato firmado com a Prefeitura de Caruaru, sob acompanhamento direto da CAIXA.<\/p>\n<p>Informa\u00e7\u00f5es: Michelle Veloso\/Assessoria de Imprensa.<\/p>\n<\/div>\n<div style=\"text-align: justify;\"><\/div>\n","protected":false},"excerpt":{"rendered":"<p>Foto: Jorge Farias Nesta sexta-feira (08) o Residencial Alto do Moura, em Caruaru, ir\u00e1 sediar a segunda edi\u00e7\u00e3o da Feira&hellip;<\/p>\n","protected":false},"author":1,"featured_media":38023,"comment_status":"closed","ping_status":"open","sticky":false,"template":"","format":"standard","meta":{"footnotes":""},"categories":[14120],"tags":[2,24,6],"class_list":["post-19","post","type-post","status-publish","format-standard","has-post-thumbnail","hentry","category-noticias","tag-blog-do-edvaldo-magalhaes","tag-feira-cultural-do-empreendedor-no-residencial-alto-do-moura","tag-noticias"],"_links":{"self":[{"href":"https:\/\/blogdoedvaldomagalhaes.com.br\/index.php\/wp-json\/wp\/v2\/posts\/19","targetHints":{"allow":["GET"]}}],"collection":[{"href":"https:\/\/blogdoedvaldomagalhaes.com.br\/index.php\/wp-json\/wp\/v2\/posts"}],"about":[{"href":"https:\/\/blogdoedvaldomagalhaes.com.br\/index.php\/wp-json\/wp\/v2\/types\/post"}],"author":[{"embeddable":true,"href":"https:\/\/blogdoedvaldomagalhaes.com.br\/index.php\/wp-json\/wp\/v2\/users\/1"}],"replies":[{"embeddable":true,"href":"https:\/\/blogdoedvaldomagalhaes.com.br\/index.php\/wp-json\/wp\/v2\/comments?post=19"}],"version-history":[{"count":2,"href":"https:\/\/blogdoedvaldomagalhaes.com.br\/index.php\/wp-json\/wp\/v2\/posts\/19\/revisions"}],"predecessor-version":[{"id":38104,"href":"https:\/\/blogdoedvaldomagalhaes.com.br\/index.php\/wp-json\/wp\/v2\/posts\/19\/revisions\/38104"}],"wp:featuredmedia":[{"embeddable":true,"href":"https:\/\/blogdoedvaldomagalhaes.com.br\/index.php\/wp-json\/wp\/v2\/media\/38023"}],"wp:attachment":[{"href":"https:\/\/blogdoedvaldomagalhaes.com.br\/index.php\/wp-json\/wp\/v2\/media?parent=19"}],"wp:term":[{"taxonomy":"category","embeddable":true,"href":"https:\/\/blogdoedvaldomagalhaes.com.br\/index.php\/wp-json\/wp\/v2\/categories?post=19"},{"taxonomy":"post_tag","embeddable":true,"href":"https:\/\/blogdoedvaldomagalhaes.com.br\/index.php\/wp-json\/wp\/v2\/tags?post=19"}],"curies":[{"name":"wp","href":"https:\/\/api.w.org\/{rel}","templated":true}]}}