{"id":1887,"date":"2018-06-30T06:40:00","date_gmt":"2018-06-30T09:40:00","guid":{"rendered":"http:\/\/blogdoedvaldomagalhaes.com.br\/index.php\/2018\/06\/30\/cortejo-com-mais-de-700-artistas-e\/"},"modified":"2019-02-09T02:22:48","modified_gmt":"2019-02-09T04:22:48","slug":"cortejo-com-mais-de-700-artistas-e","status":"publish","type":"post","link":"https:\/\/blogdoedvaldomagalhaes.com.br\/index.php\/2018\/06\/30\/cortejo-com-mais-de-700-artistas-e\/","title":{"rendered":"Cortejo com mais de 700 artistas em Caruaru neste s\u00e1bado (30)"},"content":{"rendered":"<div class=\"separator\" style=\"clear: both; text-align: center;\">\n<a href=\"https:\/\/2.bp.blogspot.com\/-cu9ixj6JDqI\/WzclW7pbNXI\/AAAAAAAA1FM\/UVD4ozlTvGsV1hBRLulqCz6wlhL46ipQgCLcBGAs\/s1600\/s%25C3%25A1bado.jpg\" imageanchor=\"1\" style=\"margin-left: 1em; margin-right: 1em;\"><img loading=\"lazy\" decoding=\"async\" border=\"0\" data-original-height=\"639\" data-original-width=\"640\" height=\"634\" src=\"http:\/\/blogdoedvaldomagalhaes.com.br\/wp-content\/uploads\/2018\/06\/sC3A1bado.jpg\" width=\"640\" \/><\/a><\/div>\n<div style=\"text-align: justify;\">\n<\/div>\n<div style=\"text-align: justify;\">\nNeste s\u00e1bado (30), o Maior e Melhor S\u00e3o do Mundo ter\u00e1 uma grande novidade: um cortejo \u00e0 altura da grandiosidade da festa, que vai percorrer as ruas do centro mostrando toda a diversidade de ritmos, cores e personagens juninos. Mais de 700 artistas v\u00e3o se reunir, eles que durante o m\u00eas inteiro, passaram pelos palcos do S\u00e3o Jo\u00e3o Cultural.&nbsp;<\/div>\n<div style=\"text-align: justify;\">\n<\/div>\n<div style=\"text-align: justify;\">\nO cortejo ser\u00e1 composto por 14 blocos, com cada um deles levando para as ruas uma manifesta\u00e7\u00e3o diferente, s\u00e3o bacamarteiros, quadrilhas, batuqueiros, repentistas, artistas de circo, bandinhas de p\u00edfano e muito forr\u00f3.<\/div>\n<div style=\"text-align: justify;\">\n<\/div>\n<div style=\"text-align: justify;\">\nA concentra\u00e7\u00e3o come\u00e7a as 15h, na rua 3 de Maio. O desfile est\u00e1 previsto para come\u00e7ar \u00e0s 17h, at\u00e9 a antiga esta\u00e7\u00e3o ferrovi\u00e1ria, onde funcionou o polo S\u00e3o Jo\u00e3o Cultural. O cortejo ter\u00e1 entre os participantes um grupo de cadeirantes que, todos os anos, organiza uma importante quadrilha junina. Outro destaque s\u00e3o os grupos de maracatu.<\/div>\n","protected":false},"excerpt":{"rendered":"<p>Neste s\u00e1bado (30), o Maior e Melhor S\u00e3o do Mundo ter\u00e1 uma grande novidade: um cortejo \u00e0 altura da grandiosidade&hellip;<\/p>\n","protected":false},"author":1,"featured_media":0,"comment_status":"open","ping_status":"open","sticky":false,"template":"","format":"standard","meta":{"footnotes":""},"categories":[1],"tags":[2,1934,6],"class_list":["post-1887","post","type-post","status-publish","format-standard","hentry","category-sem-categoria","tag-blog-do-edvaldo-magalhaes","tag-cortejo-com-mais-de-700-artistas-em-caruaru-neste-sabado-30","tag-noticias"],"_links":{"self":[{"href":"https:\/\/blogdoedvaldomagalhaes.com.br\/index.php\/wp-json\/wp\/v2\/posts\/1887","targetHints":{"allow":["GET"]}}],"collection":[{"href":"https:\/\/blogdoedvaldomagalhaes.com.br\/index.php\/wp-json\/wp\/v2\/posts"}],"about":[{"href":"https:\/\/blogdoedvaldomagalhaes.com.br\/index.php\/wp-json\/wp\/v2\/types\/post"}],"author":[{"embeddable":true,"href":"https:\/\/blogdoedvaldomagalhaes.com.br\/index.php\/wp-json\/wp\/v2\/users\/1"}],"replies":[{"embeddable":true,"href":"https:\/\/blogdoedvaldomagalhaes.com.br\/index.php\/wp-json\/wp\/v2\/comments?post=1887"}],"version-history":[{"count":1,"href":"https:\/\/blogdoedvaldomagalhaes.com.br\/index.php\/wp-json\/wp\/v2\/posts\/1887\/revisions"}],"predecessor-version":[{"id":32379,"href":"https:\/\/blogdoedvaldomagalhaes.com.br\/index.php\/wp-json\/wp\/v2\/posts\/1887\/revisions\/32379"}],"wp:attachment":[{"href":"https:\/\/blogdoedvaldomagalhaes.com.br\/index.php\/wp-json\/wp\/v2\/media?parent=1887"}],"wp:term":[{"taxonomy":"category","embeddable":true,"href":"https:\/\/blogdoedvaldomagalhaes.com.br\/index.php\/wp-json\/wp\/v2\/categories?post=1887"},{"taxonomy":"post_tag","embeddable":true,"href":"https:\/\/blogdoedvaldomagalhaes.com.br\/index.php\/wp-json\/wp\/v2\/tags?post=1887"}],"curies":[{"name":"wp","href":"https:\/\/api.w.org\/{rel}","templated":true}]}}