{"id":1885,"date":"2018-06-30T14:17:00","date_gmt":"2018-06-30T17:17:00","guid":{"rendered":"http:\/\/blogdoedvaldomagalhaes.com.br\/index.php\/2018\/06\/30\/confira-programacao-completa-deste_30\/"},"modified":"2019-02-09T02:22:49","modified_gmt":"2019-02-09T04:22:49","slug":"confira-programacao-completa-deste_30","status":"publish","type":"post","link":"https:\/\/blogdoedvaldomagalhaes.com.br\/index.php\/2018\/06\/30\/confira-programacao-completa-deste_30\/","title":{"rendered":"Confira a programa\u00e7\u00e3o completa deste s\u00e1bado (30) do per\u00edodo junino de Caruaru"},"content":{"rendered":"<div class=\"separator\" style=\"clear: both; text-align: center;\">\n<a href=\"https:\/\/4.bp.blogspot.com\/-DCU6j1Z-j6c\/WzePab1ANUI\/AAAAAAAA1Fs\/46gxlPnpA688eTGZnL7mxJiKguYPxnkcgCLcBGAs\/s1600\/BENIL.jpg\" imageanchor=\"1\" style=\"margin-left: 1em; margin-right: 1em;\"><img loading=\"lazy\" decoding=\"async\" border=\"0\" data-original-height=\"412\" data-original-width=\"640\" height=\"410\" src=\"http:\/\/blogdoedvaldomagalhaes.com.br\/wp-content\/uploads\/2018\/06\/BENIL.jpg\" width=\"640\" \/><\/a><\/div>\n<div style=\"text-align: center;\">\nCr\u00e9ditos das fotos: Arnado Felix\/Jana\u00edna Pepeu\/Geyson Magno\/Renand Zovka<\/div>\n<div>\n<\/div>\n<div style=\"text-align: justify;\">\nO Maior e Melhor S\u00e3o Jo\u00e3o do Mundo se despede neste s\u00e1bado (30) e a \u00faltima noite de arrasta p\u00e9 ter\u00e1 25 atra\u00e7\u00f5es espalhadas pela cidade e na zona rural, em dez polos de anima\u00e7\u00e3o, al\u00e9m da final do Concurso de Quadrilhas e da Festa da Macaxeira, no Bairro Agamenon.<\/div>\n<div style=\"text-align: justify;\">\n<\/div>\n<div class=\"separator\" style=\"clear: both; text-align: center;\">\n<a href=\"https:\/\/3.bp.blogspot.com\/-CXaqDROUVTc\/WzeQ9E_1e0I\/AAAAAAAA1GA\/C18LZLu0jicz8Yl3FTbns34eqpJdNRZiACLcBGAs\/s1600\/esta%25C3%25A7%25C3%25A3o.jpg\" imageanchor=\"1\" style=\"margin-left: 1em; margin-right: 1em;\"><img loading=\"lazy\" decoding=\"async\" border=\"0\" data-original-height=\"426\" data-original-width=\"640\" height=\"424\" src=\"http:\/\/blogdoedvaldomagalhaes.com.br\/wp-content\/uploads\/2018\/06\/estaC3A7C3A3o-1.jpg\" width=\"640\" \/><\/a><\/div>\n<div style=\"text-align: justify;\">\n<\/div>\n<div style=\"text-align: justify;\">\nNeste s\u00e1bado (30), haver\u00e1 ainda uma grande novidade: um cortejo \u00e0 altura da grandiosidade da festa, que vai percorrer as ruas do centro mostrando toda a diversidade de ritmos, cores e personagens juninos. O cortejo vai reunir mais de 700 artistas que, durante o m\u00eas inteiro, passaram pelos palcos do S\u00e3o Jo\u00e3o Cultural. A concentra\u00e7\u00e3o ser\u00e1 \u00e0s 16h, na rua 3 de Maio.<\/div>\n<div style=\"text-align: justify;\">\n<\/div>\n<div style=\"text-align: justify;\">\nA despedida come\u00e7a cedinho no Alto do Moura. O Maior Centro de Artes Figurativas da Am\u00e9rica Latina dar\u00e1 adeus ao S\u00e3o Jo\u00e3o em grande estilo com atra\u00e7\u00f5es nos polos Coreto e Mestre Vitalino. A festa ser\u00e1 comandada, a partir das 10h, por Gilsinho do Acordeon, Renyelton, Fogo e Forr\u00f3, Arina Costa, Trio Forr\u00f3 de N\u00f3s Todos e Trio Fu\u00e1.<\/div>\n<div style=\"text-align: justify;\">\n<\/div>\n<div style=\"text-align: justify;\">\nPara animar a crian\u00e7ada, a partir das 17h, Banda de P\u00edfanos Mirim Z\u00e9 do Estado e Mini Rock no Polo Infantil. Nerisvaldo Alves, Ant\u00f4nio Silva e Luciano Fernandes ser\u00e3o respons\u00e1veis pelos versos finais no encerramento do Polo do Repente. A poesia come\u00e7a \u00e0s 18h. Valdir Santos comanda a \u00faltima noite de arrasta p\u00e9 na Casa do Forr\u00f3.<\/div>\n<div style=\"text-align: justify;\">\n<\/div>\n<div class=\"separator\" style=\"clear: both; text-align: center;\">\n<a href=\"https:\/\/4.bp.blogspot.com\/-fwmGR5nNRJE\/WzeQxFd4OdI\/AAAAAAAA1F4\/dmOs6Hr1_dQLUXokmf8Lw9r4cukxffJjgCLcBGAs\/s1600\/QUADRILHA.jpg\" imageanchor=\"1\" style=\"margin-left: 1em; margin-right: 1em;\"><img loading=\"lazy\" decoding=\"async\" border=\"0\" data-original-height=\"419\" data-original-width=\"640\" height=\"414\" src=\"http:\/\/blogdoedvaldomagalhaes.com.br\/wp-content\/uploads\/2018\/06\/QUADRILHA.jpg\" width=\"640\" \/><\/a><\/div>\n<div style=\"text-align: justify;\">\n<\/div>\n<div style=\"text-align: justify;\">\nNo Polo das Quadrilhas, a noite ser\u00e1 de disputa com a final do Concurso de Quadrilhas. O grupo vencedor receber\u00e1 uma premia\u00e7\u00e3o e a honraria de ser considerada a melhor quadrilha do S\u00e3o Jo\u00e3o de Caruaru. As apresenta\u00e7\u00f5es ter\u00e3o in\u00edcio \u00e0s 20h e prometem encantar o p\u00fablico com cores, coreografias e interpreta\u00e7\u00f5es estilizadas. No mesmo hor\u00e1rio, tem muito forr\u00f3 no Polo Juarez Santiago.<\/div>\n<div style=\"text-align: justify;\">\n<\/div>\n<div class=\"separator\" style=\"clear: both; text-align: center;\">\n<a href=\"https:\/\/2.bp.blogspot.com\/--zM-dynthS0\/WzeQ3AWnS1I\/AAAAAAAA1F8\/IT5drq8Xqm0ivaO6mXOV8Yp6BfwcznlewCLcBGAs\/s1600\/ro%25C3%25A7a.jpg\" imageanchor=\"1\" style=\"margin-left: 1em; margin-right: 1em;\"><img loading=\"lazy\" decoding=\"async\" border=\"0\" data-original-height=\"427\" data-original-width=\"640\" height=\"426\" src=\"http:\/\/blogdoedvaldomagalhaes.com.br\/wp-content\/uploads\/2018\/06\/roC3A7a.jpg\" width=\"640\" \/><\/a><\/div>\n<div style=\"text-align: justify;\">\n<\/div>\n<div style=\"text-align: justify;\">\nA \u00faltima parada do S\u00e3o Jo\u00e3o na Ro\u00e7a ser\u00e1 em Gon\u00e7alves Ferreira, \u00e0s 18h. O caminh\u00e3o-palco receber\u00e1 shows de Trio Pereira do Acordeon e Banda Bicho do Mato, al\u00e9m de apresenta\u00e7\u00f5es do Batalh\u00e3o de Bacamarteiros 56 e da Quadrilha Molecodrilha. A comunidade receber\u00e1 uma decora\u00e7\u00e3o especial, barracas com comidas t\u00edpicas e brincadeiras.<\/div>\n<div style=\"text-align: justify;\">\n<\/div>\n<div style=\"text-align: justify;\">\nBanda R\u00e9gis, Gisele Coutinho e Renova\u00e7\u00e3o Nordestina ser\u00e3o as \u00faltimas atra\u00e7\u00f5es do Polo Mestre Camar\u00e3o, a partir das 20h30. No P\u00e1tio do Forr\u00f3, a responsabilidade de encerrar a festa est\u00e1 com o caruaruense Benil, primeira atra\u00e7\u00e3o da noite, \u00e0s 19h. A rainha do forr\u00f3 Eliane e as bandas Forr\u00f3 do Mu\u00eddo e Vumbora completam a programa\u00e7\u00e3o.<\/div>\n<div style=\"text-align: justify;\">\n<\/div>\n<div style=\"text-align: justify;\">\n<b>&nbsp;ALTO DO MOURA (POLO MESTRE VITALINO)<\/b><\/div>\n<div style=\"text-align: justify;\">\n<\/div>\n<div style=\"text-align: justify;\">\n10h \u2013 Gilsinho do Acordeon<\/div>\n<div style=\"text-align: justify;\">\n<\/div>\n<div style=\"text-align: justify;\">\n12h &#8211; Renyelton<\/div>\n<div style=\"text-align: justify;\">\n<\/div>\n<div style=\"text-align: justify;\">\n14h &#8211; Fogo e Forr\u00f3<\/div>\n<div style=\"text-align: justify;\">\n<\/div>\n<div style=\"text-align: justify;\">\n16h &#8211; Arina Costa<\/div>\n<div style=\"text-align: justify;\">\n<\/div>\n<div style=\"text-align: justify;\">\n<b>ALTO DO MOURA (POLO CORETO)<\/b><\/div>\n<div style=\"text-align: justify;\">\n<\/div>\n<div style=\"text-align: justify;\">\n10h &#8211; Trio Forr\u00f3 N\u00f3s Todos<\/div>\n<div style=\"text-align: justify;\">\n<\/div>\n<div style=\"text-align: justify;\">\n12h &#8211; Trio Fu\u00e1<\/div>\n<div style=\"text-align: justify;\">\n<\/div>\n<div style=\"text-align: justify;\">\n<b>CORTEJO<\/b><\/div>\n<div style=\"text-align: justify;\">\n<\/div>\n<div style=\"text-align: justify;\">\n16h \u2013 Concentra\u00e7\u00e3o na rua 3 de Maio.<\/div>\n<div style=\"text-align: justify;\">\n<\/div>\n<div style=\"text-align: justify;\">\n<b>FESTIVAL DE COMIDAS GIGANTES<\/b><\/div>\n<div style=\"text-align: justify;\">\n<\/div>\n<div style=\"text-align: justify;\">\n16h &#8211; Festa da Macaxeira (Vila Campos, Distrito Industrial, Bairro Agamenon)<\/div>\n<div style=\"text-align: justify;\">\n<\/div>\n<div style=\"text-align: justify;\">\n<b>ESTA\u00c7\u00c3O FERROVI\u00c1RIA<\/b><\/div>\n<div style=\"text-align: justify;\">\n<b><br \/><\/b><\/div>\n<div style=\"text-align: justify;\">\n<b>POLO INFANTIL<\/b><\/div>\n<div style=\"text-align: justify;\">\n<\/div>\n<div style=\"text-align: justify;\">\n17h \u2013 Banda de P\u00edfanos Mirim Z\u00e9 do Estado<\/div>\n<div style=\"text-align: justify;\">\n<\/div>\n<div style=\"text-align: justify;\">\n18h \u2013 Mini Rock<\/div>\n<div style=\"text-align: justify;\">\n<\/div>\n<div style=\"text-align: justify;\">\n<b>POLO DO REPENTE<\/b><\/div>\n<div style=\"text-align: justify;\">\n<\/div>\n<div style=\"text-align: justify;\">\n18h &#8211; Nerisvaldo Alves<\/div>\n<div style=\"text-align: justify;\">\n<\/div>\n<div style=\"text-align: justify;\">\nAnt\u00f4nio Silva x Luciano Fernandes<\/div>\n<div style=\"text-align: justify;\">\n<\/div>\n<div style=\"text-align: justify;\">\n<b>POLO JUAREZ SANTIAGO<\/b><\/div>\n<div style=\"text-align: justify;\">\n<\/div>\n<div style=\"text-align: justify;\">\n20h \u2013 Trio N\u00f3s Todos<\/div>\n<div style=\"text-align: justify;\">\n<\/div>\n<div style=\"text-align: justify;\">\n21h30 &#8211; Trio Forrozando de Ouro<\/div>\n<div style=\"text-align: justify;\">\n<\/div>\n<div style=\"text-align: justify;\">\n23h &#8211; Trio Chamego Bom<\/div>\n<div style=\"text-align: justify;\">\n<\/div>\n<div style=\"text-align: justify;\">\n0h30 &#8211; Trio Mulher Nordestina<\/div>\n<div style=\"text-align: justify;\">\n<\/div>\n<div style=\"text-align: justify;\">\n<b>CASA DO FORR\u00d3<\/b><\/div>\n<div style=\"text-align: justify;\">\n<\/div>\n<div style=\"text-align: justify;\">\n20h &#8211; Show com Valdir Santos e Convidados<\/div>\n<div style=\"text-align: justify;\">\n<\/div>\n<div style=\"text-align: justify;\">\n<b>POLO DAS QUADRILHAS<\/b><\/div>\n<div style=\"text-align: justify;\">\n<\/div>\n<div style=\"text-align: justify;\">\n20h \u2013 Concurso de Quadrilhas<\/div>\n<div style=\"text-align: justify;\">\n<\/div>\n<div style=\"text-align: justify;\">\n<b>S\u00c3O JO\u00c3O NA RO\u00c7A &#8211; GON\u00c7ALVES FERREIRA<\/b><\/div>\n<div style=\"text-align: justify;\">\n<\/div>\n<div style=\"text-align: justify;\">\n18h \u2013 Batalh\u00e3o de Bacamarte 56<\/div>\n<div style=\"text-align: justify;\">\n<\/div>\n<div style=\"text-align: justify;\">\n18h30 \u2013 Quadrilha Molecodrilha<\/div>\n<div style=\"text-align: justify;\">\n<\/div>\n<div style=\"text-align: justify;\">\n19h30 &#8211; Trio Pereira do Acordeon<\/div>\n<div style=\"text-align: justify;\">\n<\/div>\n<div style=\"text-align: justify;\">\n22h &#8211; Bicho do Mato.<\/div>\n<div style=\"text-align: justify;\">\n<\/div>\n<div style=\"text-align: justify;\">\n<b>P\u00c1TIO DE EVENTOS<\/b><\/div>\n<div style=\"text-align: justify;\">\n<\/div>\n<div style=\"text-align: justify;\">\n20h \u2013 Benil<\/div>\n<div style=\"text-align: justify;\">\n<\/div>\n<div style=\"text-align: justify;\">\n21h30 &#8211; Eliane<\/div>\n<div style=\"text-align: justify;\">\n<\/div>\n<div style=\"text-align: justify;\">\n23h40 &#8211; Forr\u00f3 do Mu\u00eddo<\/div>\n<div style=\"text-align: justify;\">\n<\/div>\n<div style=\"text-align: justify;\">\n1h &#8211; Vumbora<\/div>\n<div style=\"text-align: justify;\">\n<\/div>\n<div style=\"text-align: justify;\">\n<b>POLO MESTRE CAMAR\u00c3O<\/b><\/div>\n<div style=\"text-align: justify;\">\n<\/div>\n<div style=\"text-align: justify;\">\n20h30 &#8211; Banda R\u00e9gis<\/div>\n<div style=\"text-align: justify;\">\n<\/div>\n<div style=\"text-align: justify;\">\n22h30 &#8211; Gisele Coutinho<\/div>\n<div style=\"text-align: justify;\">\n<\/div>\n<div style=\"text-align: justify;\">\n0h30 &#8211; Renova\u00e7\u00e3o Nordestina<\/div>\n<div style=\"text-align: justify;\">\n<\/div>\n<div style=\"text-align: justify;\">\n<b>BACAMARTEIROS<\/b><\/div>\n<div style=\"text-align: justify;\">\n<\/div>\n<div style=\"text-align: justify;\">\n20h30 &#8211; Batalh\u00e3o 56<\/div>\n<div style=\"text-align: justify;\">\n<\/div>\n<div style=\"text-align: justify;\">\n22h &#8211; Batalh\u00e3o 27<\/div>\n<div style=\"text-align: justify;\">\n<\/div>\n<div style=\"text-align: justify;\">\n<\/div>\n","protected":false},"excerpt":{"rendered":"<p>Cr\u00e9ditos das fotos: Arnado Felix\/Jana\u00edna Pepeu\/Geyson Magno\/Renand Zovka O Maior e Melhor S\u00e3o Jo\u00e3o do Mundo se despede neste s\u00e1bado&hellip;<\/p>\n","protected":false},"author":1,"featured_media":0,"comment_status":"open","ping_status":"open","sticky":false,"template":"","format":"standard","meta":{"footnotes":""},"categories":[1],"tags":[2,1932,6],"class_list":["post-1885","post","type-post","status-publish","format-standard","hentry","category-sem-categoria","tag-blog-do-edvaldo-magalhaes","tag-confira-a-programacao-completa-deste-sabado-30-do-periodo-junino-de-caruaru","tag-noticias"],"_links":{"self":[{"href":"https:\/\/blogdoedvaldomagalhaes.com.br\/index.php\/wp-json\/wp\/v2\/posts\/1885","targetHints":{"allow":["GET"]}}],"collection":[{"href":"https:\/\/blogdoedvaldomagalhaes.com.br\/index.php\/wp-json\/wp\/v2\/posts"}],"about":[{"href":"https:\/\/blogdoedvaldomagalhaes.com.br\/index.php\/wp-json\/wp\/v2\/types\/post"}],"author":[{"embeddable":true,"href":"https:\/\/blogdoedvaldomagalhaes.com.br\/index.php\/wp-json\/wp\/v2\/users\/1"}],"replies":[{"embeddable":true,"href":"https:\/\/blogdoedvaldomagalhaes.com.br\/index.php\/wp-json\/wp\/v2\/comments?post=1885"}],"version-history":[{"count":1,"href":"https:\/\/blogdoedvaldomagalhaes.com.br\/index.php\/wp-json\/wp\/v2\/posts\/1885\/revisions"}],"predecessor-version":[{"id":32386,"href":"https:\/\/blogdoedvaldomagalhaes.com.br\/index.php\/wp-json\/wp\/v2\/posts\/1885\/revisions\/32386"}],"wp:attachment":[{"href":"https:\/\/blogdoedvaldomagalhaes.com.br\/index.php\/wp-json\/wp\/v2\/media?parent=1885"}],"wp:term":[{"taxonomy":"category","embeddable":true,"href":"https:\/\/blogdoedvaldomagalhaes.com.br\/index.php\/wp-json\/wp\/v2\/categories?post=1885"},{"taxonomy":"post_tag","embeddable":true,"href":"https:\/\/blogdoedvaldomagalhaes.com.br\/index.php\/wp-json\/wp\/v2\/tags?post=1885"}],"curies":[{"name":"wp","href":"https:\/\/api.w.org\/{rel}","templated":true}]}}