{"id":1878,"date":"2018-07-01T05:45:00","date_gmt":"2018-07-01T08:45:00","guid":{"rendered":"http:\/\/blogdoedvaldomagalhaes.com.br\/index.php\/2018\/07\/01\/dj-alok-gustavo-mioto-mano-walter-e-leo\/"},"modified":"2019-02-09T02:22:58","modified_gmt":"2019-02-09T04:22:58","slug":"dj-alok-gustavo-mioto-mano-walter-e-leo","status":"publish","type":"post","link":"https:\/\/blogdoedvaldomagalhaes.com.br\/index.php\/2018\/07\/01\/dj-alok-gustavo-mioto-mano-walter-e-leo\/","title":{"rendered":"DJ Alok, Gustavo Mioto, Mano Walter e Leo Santana voltam em 2019 ao S\u00e3o Jo\u00e3o de Caruaru"},"content":{"rendered":"<div class=\"separator\" style=\"clear: both; text-align: center;\">\n<a href=\"https:\/\/2.bp.blogspot.com\/-2lNmFx00wU4\/WzhppNs_XqI\/AAAAAAAA1Ho\/ByqccfAsQ7YFB5tEGhNcHDdJKqxamAZMgCLcBGAs\/s1600\/muido.jpg\" imageanchor=\"1\" style=\"margin-left: 1em; margin-right: 1em;\"><img loading=\"lazy\" decoding=\"async\" border=\"0\" data-original-height=\"426\" data-original-width=\"640\" height=\"424\" src=\"http:\/\/blogdoedvaldomagalhaes.com.br\/wp-content\/uploads\/2018\/07\/muido.jpg\" width=\"640\" \/><\/a><\/div>\n<div class=\"separator\" style=\"clear: both; text-align: center;\">\nFotos: Renand Zovka, Janaina Pepeu<\/div>\n<div style=\"text-align: justify;\">\n<\/div>\n<div style=\"text-align: justify;\">\nO \u00faltimo dia do S\u00e3o Jo\u00e3o de Caruaru foi marcado pela saudade do m\u00eas que abriga a festa mais importante da Capital do Agreste. A \u00faltima noite de arrasta p\u00e9 teve 25 atra\u00e7\u00f5es espalhadas pela cidade e na zona rural, em dez polos de anima\u00e7\u00e3o.<\/div>\n<div style=\"text-align: justify;\">\n<\/div>\n<div class=\"separator\" style=\"clear: both; text-align: center;\">\n<a href=\"https:\/\/4.bp.blogspot.com\/-bq6fQGFOHFU\/Wzhp3ska1MI\/AAAAAAAA1Hs\/QkrvTAtMX94CqaWnTYF1ErdJC81HdLWwgCLcBGAs\/s1600\/alto.jpg\" imageanchor=\"1\" style=\"margin-left: 1em; margin-right: 1em;\"><img loading=\"lazy\" decoding=\"async\" border=\"0\" data-original-height=\"427\" data-original-width=\"640\" height=\"426\" src=\"http:\/\/blogdoedvaldomagalhaes.com.br\/wp-content\/uploads\/2018\/07\/alto.jpg\" width=\"640\" \/><\/a><\/div>\n<div style=\"text-align: justify;\">\n<\/div>\n<div style=\"text-align: justify;\">\nA despedida come\u00e7ou logo cedo no Alto do Moura com atra\u00e7\u00f5es nos polos Coreto e Mestre Vitalino. Se apresetaram Gilsinho do Acordeon, Renyelton, Fogo e Forr\u00f3, Arina Costa, Trio Forr\u00f3 de N\u00f3s Todos e Trio Fu\u00e1. A tarde um cortejo \u00e0 altura da grandiosidade da festa, percorreu as ruas do centro mostrando toda a diversidade de ritmos, cores e personagens juninos. Mais de 700 atra\u00e7\u00f5es que fizeram parte do S\u00e3o Jo\u00e3o de Caruaru desfilaram e encantaram a todos. Onze alas com quadrilhas, batalh\u00e3o de bacamarteiros, grupos de dan\u00e7as, estandes de santos juninos e artistas fizeram parte do cortejo que fechou com chave de ouro o S\u00e3o Jo\u00e3o Multicultural de Caruaru, que j\u00e1 deixou uma saudade e o desejo para os festejos juninos de 2019.<\/div>\n<div style=\"text-align: justify;\">\n<\/div>\n<div class=\"separator\" style=\"clear: both; text-align: center;\">\n<a href=\"https:\/\/4.bp.blogspot.com\/-ZaqEvs3YFSc\/Wzhp99QSYaI\/AAAAAAAA1H0\/vRpyKiFO5OwKneVXPhTDOz3A72iUtOBHgCLcBGAs\/s1600\/pife.jpg\" imageanchor=\"1\" style=\"margin-left: 1em; margin-right: 1em;\"><img loading=\"lazy\" decoding=\"async\" border=\"0\" data-original-height=\"427\" data-original-width=\"640\" height=\"426\" src=\"http:\/\/blogdoedvaldomagalhaes.com.br\/wp-content\/uploads\/2018\/07\/pife.jpg\" width=\"640\" \/><\/a><\/div>\n<div style=\"text-align: justify;\">\n<\/div>\n<div style=\"text-align: justify;\">\nA Esta\u00e7\u00e3o Ferrovi\u00e1ria, que abriga cinco polos, e durante todo m\u00eas recebeu muitos caruaruenses e turistas para visitar a cidade cenogr\u00e1fica, aproveitar a gastronomia e o aut\u00eantico forr\u00f3 p\u00e9 de serra. Para animar a crian\u00e7ada, teve a Banda de P\u00edfanos Mirim Z\u00e9 do Estado e Mini Rock no Polo Infantil. Nerisvaldo Alves, Ant\u00f4nio Silva e Luciano Fernandes foram os respons\u00e1veis pelos versos finais no encerramento do Polo do Repente. E Valdir Santos comandou a \u00faltima noite de arrasta p\u00e9 na Casa do Forr\u00f3.<\/div>\n<div style=\"text-align: justify;\">\n<\/div>\n<div class=\"separator\" style=\"clear: both; text-align: center;\">\n<a href=\"https:\/\/4.bp.blogspot.com\/-ZmF3oFq0ccQ\/WzhqE-Dd-HI\/AAAAAAAA1H4\/4BoG9cYplQ0kYDR2wba6dznbtRmd9oVUwCLcBGAs\/s1600\/bedmnil%25C3%25A7.jpg\" imageanchor=\"1\" style=\"margin-left: 1em; margin-right: 1em;\"><img loading=\"lazy\" decoding=\"async\" border=\"0\" data-original-height=\"426\" data-original-width=\"640\" height=\"424\" src=\"http:\/\/blogdoedvaldomagalhaes.com.br\/wp-content\/uploads\/2018\/07\/bedmnilC3A7.jpg\" width=\"640\" \/><\/a><\/div>\n<div style=\"text-align: justify;\">\n<\/div>\n<div style=\"text-align: justify;\">\nNo palco do P\u00e1tio de Eventos, muito forr\u00f3 marcou a \u00faltima noite de shows. Quem abriu a festa foi o caruaruense Benil, que colocou todo mundo para dan\u00e7ar com seu forr\u00f3 tradicional. \u201cSempre d\u00e1 um frio na barriga se apresentar em Caruaru, mas me sinto muito honrado em fazer parte da programa\u00e7\u00e3o desta festa\u201d, revelou em entrevista coletiva.<\/div>\n<div style=\"text-align: justify;\">\n<\/div>\n<div class=\"separator\" style=\"clear: both; text-align: center;\">\n<a href=\"https:\/\/2.bp.blogspot.com\/-kuAP5QUk8pU\/WzhqKKrIWDI\/AAAAAAAA1IA\/LYfIi8nIf7EAbFI7CTPGtvbE3wrprZVawCLcBGAs\/s1600\/eliane.jpg\" imageanchor=\"1\" style=\"margin-left: 1em; margin-right: 1em;\"><img loading=\"lazy\" decoding=\"async\" border=\"0\" data-original-height=\"426\" data-original-width=\"640\" height=\"424\" src=\"http:\/\/blogdoedvaldomagalhaes.com.br\/wp-content\/uploads\/2018\/07\/eliane.jpg\" width=\"640\" \/><\/a><\/div>\n<div style=\"text-align: justify;\">\n<\/div>\n<div style=\"text-align: justify;\">\nA segunda atra\u00e7\u00e3o foi a rainha do forr\u00f3, Eliane, que mostrou que ainda tem muita disposi\u00e7\u00e3o para cantar, dan\u00e7ar e levar o p\u00fablico a cantar seus grandes sucessos, em mais de 30 anos de carreira. Ao som de \u201cOlha pro c\u00e9u\u201d, uma queima de fogos, com dura\u00e7\u00e3o de oito minutos, sinalizou que o S\u00e3o Jo\u00e3o estava mesmo chegando ao fim.<\/div>\n<div style=\"text-align: justify;\">\n<\/div>\n<div style=\"text-align: justify;\">\nA cantora Elayne Tyne e o Forr\u00f3 do Mu\u00eddo&nbsp; animaram a noite ao som de muito forr\u00f3 el\u00e9trico. \u201cEstou muito ansiosa e feliz em participar do Maior S\u00e3o Jo\u00e3o do Mundo.&nbsp; Subir neste palco \u00e9 de uma grandiosidade sem tamanho\u201d, revelou.<\/div>\n<div style=\"text-align: justify;\">\n<\/div>\n<div class=\"separator\" style=\"clear: both; text-align: center;\">\n<a href=\"https:\/\/2.bp.blogspot.com\/-obAAhCQdXdA\/WzhqR3WbyDI\/AAAAAAAA1II\/5NgPyVEZMB8zhTTo7ZjCtikTsmIk4etWQCLcBGAs\/s1600\/vumbora.JPG\" imageanchor=\"1\" style=\"margin-left: 1em; margin-right: 1em;\"><img loading=\"lazy\" decoding=\"async\" border=\"0\" data-original-height=\"681\" data-original-width=\"1024\" height=\"424\" src=\"http:\/\/blogdoedvaldomagalhaes.com.br\/wp-content\/uploads\/2018\/07\/vumbora.jpg\" width=\"640\" \/><\/a><\/div>\n<div style=\"text-align: justify;\">\n<\/div>\n<div style=\"text-align: justify;\">\nQuem encerrou o S\u00e3o Jo\u00e3o 2018 de Caruaru foi a banda Vumbora, que levou ao palco um show de forr\u00f3 estilizado e muitas m\u00fasicas que fizeram sucesso durante todo este m\u00eas. O p\u00fablico permaneceu no p\u00e1tio at\u00e9 o \u00faltimo minuto e preparando a contagem para o S\u00e3o Jo\u00e3o do ano que vem.<\/div>\n<div style=\"text-align: justify;\">\n<\/div>\n<div style=\"text-align: justify;\">\nPara 2019, a prefeita de Caruaru Raquel Lyra j\u00e1 confirmou as seguintes atra\u00e7\u00f5es: DJ Alok, Gustavo Mioto, Mano Walter e Leo Santana.<\/div>\n<div style=\"text-align: justify;\">\n<\/div>\n<div style=\"text-align: justify;\">\n<\/div>\n","protected":false},"excerpt":{"rendered":"<p>Fotos: Renand Zovka, Janaina Pepeu O \u00faltimo dia do S\u00e3o Jo\u00e3o de Caruaru foi marcado pela saudade do m\u00eas que&hellip;<\/p>\n","protected":false},"author":1,"featured_media":0,"comment_status":"open","ping_status":"open","sticky":false,"template":"","format":"standard","meta":{"footnotes":""},"categories":[1],"tags":[2,1917,1918,1919,6],"class_list":["post-1878","post","type-post","status-publish","format-standard","hentry","category-sem-categoria","tag-blog-do-edvaldo-magalhaes","tag-dj-alok","tag-gustavo-mioto","tag-mano-walter-e-leo-santana-voltam-em-2019-ao-sao-joao-de-caruaru","tag-noticias"],"_links":{"self":[{"href":"https:\/\/blogdoedvaldomagalhaes.com.br\/index.php\/wp-json\/wp\/v2\/posts\/1878","targetHints":{"allow":["GET"]}}],"collection":[{"href":"https:\/\/blogdoedvaldomagalhaes.com.br\/index.php\/wp-json\/wp\/v2\/posts"}],"about":[{"href":"https:\/\/blogdoedvaldomagalhaes.com.br\/index.php\/wp-json\/wp\/v2\/types\/post"}],"author":[{"embeddable":true,"href":"https:\/\/blogdoedvaldomagalhaes.com.br\/index.php\/wp-json\/wp\/v2\/users\/1"}],"replies":[{"embeddable":true,"href":"https:\/\/blogdoedvaldomagalhaes.com.br\/index.php\/wp-json\/wp\/v2\/comments?post=1878"}],"version-history":[{"count":1,"href":"https:\/\/blogdoedvaldomagalhaes.com.br\/index.php\/wp-json\/wp\/v2\/posts\/1878\/revisions"}],"predecessor-version":[{"id":32405,"href":"https:\/\/blogdoedvaldomagalhaes.com.br\/index.php\/wp-json\/wp\/v2\/posts\/1878\/revisions\/32405"}],"wp:attachment":[{"href":"https:\/\/blogdoedvaldomagalhaes.com.br\/index.php\/wp-json\/wp\/v2\/media?parent=1878"}],"wp:term":[{"taxonomy":"category","embeddable":true,"href":"https:\/\/blogdoedvaldomagalhaes.com.br\/index.php\/wp-json\/wp\/v2\/categories?post=1878"},{"taxonomy":"post_tag","embeddable":true,"href":"https:\/\/blogdoedvaldomagalhaes.com.br\/index.php\/wp-json\/wp\/v2\/tags?post=1878"}],"curies":[{"name":"wp","href":"https:\/\/api.w.org\/{rel}","templated":true}]}}