{"id":1877,"date":"2018-07-01T05:53:00","date_gmt":"2018-07-01T08:53:00","guid":{"rendered":"http:\/\/blogdoedvaldomagalhaes.com.br\/index.php\/2018\/07\/01\/incendio-atinge-parque-do-povo-e\/"},"modified":"2019-02-09T02:23:01","modified_gmt":"2019-02-09T04:23:01","slug":"incendio-atinge-parque-do-povo-e","status":"publish","type":"post","link":"https:\/\/blogdoedvaldomagalhaes.com.br\/index.php\/2018\/07\/01\/incendio-atinge-parque-do-povo-e\/","title":{"rendered":"Inc\u00eandio atinge Parque do Povo em Campina Grande e shows s\u00e3o cancelados"},"content":{"rendered":"<div class=\"separator\" style=\"clear: both; text-align: center;\">\n<a href=\"https:\/\/1.bp.blogspot.com\/-Y_raTgtorfU\/WzhsRLiNynI\/AAAAAAAA1IY\/0zkvo0CJtQsXVMlH1fhY2kXCY_CeJ-ufQCLcBGAs\/s1600\/8.jpg\" imageanchor=\"1\" style=\"margin-left: 1em; margin-right: 1em;\"><img loading=\"lazy\" decoding=\"async\" border=\"0\" data-original-height=\"540\" data-original-width=\"960\" height=\"360\" src=\"http:\/\/blogdoedvaldomagalhaes.com.br\/wp-content\/uploads\/2018\/07\/8.jpg\" width=\"640\" \/><\/a><\/div>\n<div class=\"separator\" style=\"clear: both; text-align: center;\">\n<\/div>\n<div class=\"separator\" style=\"clear: both; text-align: center;\">\n<a href=\"https:\/\/2.bp.blogspot.com\/-rjO8kxgYuvQ\/WzhsUW4DoWI\/AAAAAAAA1Ic\/ojpnreTwCO8ZPNzGvczmOXcCUgAmJjBPwCLcBGAs\/s1600\/11.jpg\" imageanchor=\"1\" style=\"margin-left: 1em; margin-right: 1em;\"><img loading=\"lazy\" decoding=\"async\" border=\"0\" data-original-height=\"450\" data-original-width=\"800\" height=\"360\" src=\"http:\/\/blogdoedvaldomagalhaes.com.br\/wp-content\/uploads\/2018\/07\/11.jpg\" width=\"640\" \/><\/a><\/div>\n<div style=\"text-align: justify;\">\n<\/div>\n<div style=\"text-align: justify;\">\nUm inc\u00eandio atingiu uma palho\u00e7a no Parque do Povo, em Campina Grande, na Para\u00edba, na noite deste s\u00e1bado (30). Os shows foram cancelados.<\/p>\n<\/div>\n<div style=\"text-align: justify;\">\n<div class=\"separator\" style=\"clear: both; text-align: center;\">\n<a href=\"https:\/\/4.bp.blogspot.com\/-U7FQ9ml5Sbo\/Wzhsfo85K8I\/AAAAAAAA1Ig\/0dUMW0M5DNMt01Z5MfEzb308nOQjYiDjQCLcBGAs\/s1600\/1.png\" imageanchor=\"1\" style=\"margin-left: 1em; margin-right: 1em;\"><img loading=\"lazy\" decoding=\"async\" border=\"0\" data-original-height=\"266\" data-original-width=\"400\" height=\"424\" src=\"http:\/\/blogdoedvaldomagalhaes.com.br\/wp-content\/uploads\/2018\/07\/1.png\" width=\"640\" \/><\/a><\/div>\n<p><\/p>\n<div class=\"separator\" style=\"clear: both; text-align: center;\">\n<a href=\"https:\/\/1.bp.blogspot.com\/-Te3rMo99l0U\/WzhshDCNuSI\/AAAAAAAA1Io\/UMEXTC0hjEcghIb8Kcc3GeW3DLkxjOp9gCLcBGAs\/s1600\/3.jpg\" imageanchor=\"1\" style=\"margin-left: 1em; margin-right: 1em;\"><img loading=\"lazy\" decoding=\"async\" border=\"0\" data-original-height=\"225\" data-original-width=\"300\" height=\"480\" src=\"http:\/\/blogdoedvaldomagalhaes.com.br\/wp-content\/uploads\/2018\/07\/3.jpg\" width=\"640\" \/><\/a><\/div>\n<p><\/div>\n<div style=\"text-align: justify;\">\nO espa\u00e7o foi evacuado pelo Corpo de Bombeiros. A sa\u00edda de emerg\u00eancia foi aberta e houve correria. V\u00e1rias barracas foram atingidas pelas chamas.<\/p>\n<\/div>\n<div style=\"text-align: justify;\">\n<div class=\"separator\" style=\"clear: both; text-align: center;\">\n<a href=\"https:\/\/2.bp.blogspot.com\/-c84h0SsRRwc\/WzhsmhXokxI\/AAAAAAAA1Iw\/dv02XiHIikcAGd1Wwi8FnPMQTx4zqKi6ACLcBGAs\/s1600\/5.jpg\" imageanchor=\"1\" style=\"margin-left: 1em; margin-right: 1em;\"><img loading=\"lazy\" decoding=\"async\" border=\"0\" data-original-height=\"576\" data-original-width=\"1024\" height=\"354\" src=\"http:\/\/blogdoedvaldomagalhaes.com.br\/wp-content\/uploads\/2018\/07\/5.jpg\" width=\"640\" \/><\/a><\/div>\n<p><\/p>\n<div class=\"separator\" style=\"clear: both; text-align: center;\">\n<a href=\"https:\/\/2.bp.blogspot.com\/-WNvMWTsoaWU\/WzhsoIDExsI\/AAAAAAAA1I0\/bjfURWfG8bAiz0a5Ltcocz4PE52YVBkCgCLcBGAs\/s1600\/7.png\" imageanchor=\"1\" style=\"margin-left: 1em; margin-right: 1em;\"><img loading=\"lazy\" decoding=\"async\" border=\"0\" data-original-height=\"551\" data-original-width=\"1024\" height=\"344\" src=\"http:\/\/blogdoedvaldomagalhaes.com.br\/wp-content\/uploads\/2018\/07\/7.png\" width=\"640\" \/><\/a><\/div>\n<p><\/div>\n<div style=\"text-align: justify;\">\nAinda n\u00e3o h\u00e1 informa\u00e7\u00f5es sobre a causa do inc\u00eandio, que atingiu a parte el\u00e9trica do Parque do Povo. Uma pessoa foi queimada e socorrida para o Hospital de Trauma de Campina Grande.<\/p>\n<\/div>\n<div style=\"text-align: justify;\">\n<div class=\"separator\" style=\"clear: both; text-align: center;\">\n<a href=\"https:\/\/2.bp.blogspot.com\/-YG_2hoiQsuw\/Wzhst4gObwI\/AAAAAAAA1I4\/1P-npJ3zUVY902lZLNJKV3SfM49MemBgQCLcBGAs\/s1600\/9.jpg\" imageanchor=\"1\" style=\"margin-left: 1em; margin-right: 1em;\"><img loading=\"lazy\" decoding=\"async\" border=\"0\" data-original-height=\"738\" data-original-width=\"984\" height=\"474\" src=\"http:\/\/blogdoedvaldomagalhaes.com.br\/wp-content\/uploads\/2018\/07\/9.jpg\" width=\"640\" \/><\/a><\/div>\n<p><\/p>\n<div class=\"separator\" style=\"clear: both; text-align: center;\">\n<a href=\"https:\/\/3.bp.blogspot.com\/-XczP_dvUFec\/WzhsumJUCQI\/AAAAAAAA1I8\/97jr1cndSn0URxnWIagQ5t6j9R2nfLP_wCLcBGAs\/s1600\/10.jpg\" imageanchor=\"1\" style=\"margin-left: 1em; margin-right: 1em;\"><img loading=\"lazy\" decoding=\"async\" border=\"0\" data-original-height=\"360\" data-original-width=\"640\" height=\"360\" src=\"http:\/\/blogdoedvaldomagalhaes.com.br\/wp-content\/uploads\/2018\/07\/10.jpg\" width=\"640\" \/><\/a><\/div>\n<p><\/div>\n<div style=\"text-align: justify;\">\nIriam se apresentar neste s\u00e1bado Avine Vinny, Amazan, Forr\u00f3 da Barka e Rapha Mello. A festa iria at\u00e9 o dia 8 de julho, mas todos os shows foram suspensos at\u00e9 um parecer do Corpo de Bombeiros.<\/div>\n<div style=\"text-align: justify;\">\n<div class=\"separator\" style=\"clear: both; text-align: center;\">\n<\/div>\n<p><\/p>\n<div class=\"separator\" style=\"clear: both; text-align: center;\">\n<a href=\"https:\/\/1.bp.blogspot.com\/-x-a4c7dae6k\/Wzhs3jqppdI\/AAAAAAAA1JI\/mmBNYocFkRQkwmF7Ddadis7hPR1kmd7AgCLcBGAs\/s1600\/ap%25C3%25B3sd.jpeg\" imageanchor=\"1\" style=\"margin-left: 1em; margin-right: 1em;\"><img loading=\"lazy\" decoding=\"async\" border=\"0\" data-original-height=\"445\" data-original-width=\"800\" height=\"352\" src=\"http:\/\/blogdoedvaldomagalhaes.com.br\/wp-content\/uploads\/2018\/07\/apC3B3sd.jpeg\" width=\"640\" \/><\/a><\/div>\n<div class=\"separator\" style=\"clear: both; text-align: center;\">\n<\/div>\n<div class=\"separator\" style=\"clear: both; text-align: center;\">\n<a href=\"https:\/\/1.bp.blogspot.com\/-As3FZa_iSek\/WzhtydPrS6I\/AAAAAAAA1Jc\/CXrFcD0TslUiSzXuItfBdWHOv00jvTF1ACLcBGAs\/s1600\/depois.jpg\" imageanchor=\"1\" style=\"margin-left: 1em; margin-right: 1em;\"><img loading=\"lazy\" decoding=\"async\" border=\"0\" data-original-height=\"315\" data-original-width=\"420\" height=\"480\" src=\"http:\/\/blogdoedvaldomagalhaes.com.br\/wp-content\/uploads\/2018\/07\/depois.jpg\" width=\"640\" \/><\/a><\/div>\n<p><\/div>\n<div style=\"text-align: justify;\">\nEm nota, a Alian\u00e7a, empresa que organiza o evento, divulgou que, em acordo com a prefeitura, os shows deste s\u00e1bado (30) precisaram ser suspensos para a devida averigua\u00e7\u00e3o dos fatos. \u201cA decis\u00e3o tamb\u00e9m \u00e9 motivada pela sempre presente preocupa\u00e7\u00e3o com o bom andamento do evento, a seguran\u00e7a e conforto do p\u00fablico e trabalhadores\u201d, disse a empresa.<\/p>\n<\/div>\n<div style=\"text-align: justify;\">\n<div class=\"separator\" style=\"clear: both; text-align: center;\">\n<a href=\"https:\/\/3.bp.blogspot.com\/-COXlBKZPr04\/WzhuDcklMII\/AAAAAAAA1Jk\/XKfY3RPWRr0mN9WbO8It1CEGt7S52rqGQCLcBGAs\/s1600\/preju%2B3.jpg\" imageanchor=\"1\" style=\"margin-left: 1em; margin-right: 1em;\"><img loading=\"lazy\" decoding=\"async\" border=\"0\" data-original-height=\"683\" data-original-width=\"1024\" height=\"426\" src=\"http:\/\/blogdoedvaldomagalhaes.com.br\/wp-content\/uploads\/2018\/07\/preju3.jpg\" width=\"640\" \/><\/a><\/div>\n<p><\/div>\n<div style=\"text-align: justify;\">\nA Alian\u00e7a garantiu que dar\u00e1 continuidade ao eventos nos pr\u00f3ximos dias, a partir deste domingo (1\u00ba), com show de Gusttavo Lima, sem afetar o sucesso e grandiosidade da festa. A empresa informou ainda que assume o compromisso de prestar todo o apoio necess\u00e1rio aos comerciantes que tiveram suas estruturas danificadas. Veja o v\u00eddeo abaixo:&nbsp;<\/p>\n<\/div>\n<div style=\"text-align: justify;\">\n<div class=\"separator\" style=\"clear: both; text-align: center;\">\n<\/div>\n<p><\/div>\n<div style=\"text-align: justify;\">\n\u201cAinda n\u00e3o temos dimens\u00e3o total do que aconteceu, mas j\u00e1 est\u00e1 tudo sob controle. Ningu\u00e9m ficou ferido. O evento tem seguro e todos os comerciantes prejudicados v\u00e3o ser assistidos. Nosso esfor\u00e7o \u00e9 para que a festa volte j\u00e1 nesse domingo\u201d, falou o prefeito Romero Rodrigues. Veja os v\u00eddeos abaixo:&nbsp;<\/p>\n<p><\/p>\n<div class=\"separator\" style=\"clear: both; text-align: center;\">\n<\/div>\n<div class=\"separator\" style=\"clear: both; text-align: center;\">\n<\/div>\n<div class=\"separator\" style=\"clear: both; text-align: center;\">\n<\/div>\n<\/div>\n","protected":false},"excerpt":{"rendered":"<p>Um inc\u00eandio atingiu uma palho\u00e7a no Parque do Povo, em Campina Grande, na Para\u00edba, na noite deste s\u00e1bado (30). Os&hellip;<\/p>\n","protected":false},"author":1,"featured_media":0,"comment_status":"open","ping_status":"open","sticky":false,"template":"","format":"standard","meta":{"footnotes":""},"categories":[1],"tags":[2,1916,6],"class_list":["post-1877","post","type-post","status-publish","format-standard","hentry","category-sem-categoria","tag-blog-do-edvaldo-magalhaes","tag-incendio-atinge-parque-do-povo-em-campina-grande-e-shows-sao-cancelados","tag-noticias"],"_links":{"self":[{"href":"https:\/\/blogdoedvaldomagalhaes.com.br\/index.php\/wp-json\/wp\/v2\/posts\/1877","targetHints":{"allow":["GET"]}}],"collection":[{"href":"https:\/\/blogdoedvaldomagalhaes.com.br\/index.php\/wp-json\/wp\/v2\/posts"}],"about":[{"href":"https:\/\/blogdoedvaldomagalhaes.com.br\/index.php\/wp-json\/wp\/v2\/types\/post"}],"author":[{"embeddable":true,"href":"https:\/\/blogdoedvaldomagalhaes.com.br\/index.php\/wp-json\/wp\/v2\/users\/1"}],"replies":[{"embeddable":true,"href":"https:\/\/blogdoedvaldomagalhaes.com.br\/index.php\/wp-json\/wp\/v2\/comments?post=1877"}],"version-history":[{"count":1,"href":"https:\/\/blogdoedvaldomagalhaes.com.br\/index.php\/wp-json\/wp\/v2\/posts\/1877\/revisions"}],"predecessor-version":[{"id":32417,"href":"https:\/\/blogdoedvaldomagalhaes.com.br\/index.php\/wp-json\/wp\/v2\/posts\/1877\/revisions\/32417"}],"wp:attachment":[{"href":"https:\/\/blogdoedvaldomagalhaes.com.br\/index.php\/wp-json\/wp\/v2\/media?parent=1877"}],"wp:term":[{"taxonomy":"category","embeddable":true,"href":"https:\/\/blogdoedvaldomagalhaes.com.br\/index.php\/wp-json\/wp\/v2\/categories?post=1877"},{"taxonomy":"post_tag","embeddable":true,"href":"https:\/\/blogdoedvaldomagalhaes.com.br\/index.php\/wp-json\/wp\/v2\/tags?post=1877"}],"curies":[{"name":"wp","href":"https:\/\/api.w.org\/{rel}","templated":true}]}}