{"id":1875,"date":"2018-07-01T15:36:00","date_gmt":"2018-07-01T18:36:00","guid":{"rendered":"http:\/\/blogdoedvaldomagalhaes.com.br\/index.php\/2018\/07\/01\/julho-comeca-violento-2-homicidio-e\/"},"modified":"2019-02-09T02:23:02","modified_gmt":"2019-02-09T04:23:02","slug":"julho-comeca-violento-2-homicidio-e","status":"publish","type":"post","link":"https:\/\/blogdoedvaldomagalhaes.com.br\/index.php\/2018\/07\/01\/julho-comeca-violento-2-homicidio-e\/","title":{"rendered":"Julho come\u00e7a violento: 2\u00ba homic\u00eddio em Caruaru neste domingo (1)"},"content":{"rendered":"<div class=\"separator\" style=\"clear: both; text-align: center;\">\n<\/div>\n<p><\/p>\n<div class=\"separator\" style=\"clear: both; text-align: center;\">\n<a href=\"https:\/\/1.bp.blogspot.com\/-3jwTd3xA6QI\/Wzj0n3YnhKI\/AAAAAAAA1KQ\/qrpvjVhDf1QlmE-XH8QMXXzzPYkvEbckQCLcBGAs\/s1600\/homciidio.jpg\" imageanchor=\"1\" style=\"margin-left: 1em; margin-right: 1em;\"><img loading=\"lazy\" decoding=\"async\" border=\"0\" data-original-height=\"471\" data-original-width=\"484\" height=\"622\" src=\"http:\/\/blogdoedvaldomagalhaes.com.br\/wp-content\/uploads\/2018\/07\/homciidio.jpg\" width=\"640\" \/><\/a><\/div>\n<div class=\"separator\" style=\"clear: both; text-align: center;\">\nFoto: Caruaru 24 Horas<\/div>\n<div class=\"separator\" style=\"clear: both; text-align: center;\">\n<\/div>\n<div class=\"separator\" style=\"clear: both; text-align: justify;\">\nO m\u00eas de julho come\u00e7ou violento em Caruaru com dois homic\u00eddios registrados neste domingo (1\u00ba). No final da manh\u00e3 de hoje um homem foi assassinado com um tiro na altura do pesco\u00e7o, na rua Joaquim Seabra, no bairro Salgado. A v\u00edtima est\u00e1 sem identifica\u00e7\u00e3o. A Pol\u00edcia Militar est\u00e1 no local, aguardando os peritos.<\/div>\n<div class=\"separator\" style=\"clear: both; text-align: justify;\">\n<\/div>\n<div class=\"separator\" style=\"clear: both; text-align: justify;\">\nEste foi o 2\u00ba homic\u00eddio no m\u00eas de julho em Caruaru e o 93\u00ba neste ano de 2018.<\/div>\n<div class=\"separator\" style=\"clear: both; text-align: justify;\">\n<\/div>\n<div class=\"separator\" style=\"clear: both; text-align: justify;\">\nContinue acessando o Blog, estamos colhendo mais informa\u00e7\u00f5es. A qualquer momento postaremos.&nbsp;<\/div>\n<div style=\"text-align: justify;\">\n<\/div>\n","protected":false},"excerpt":{"rendered":"<p>Foto: Caruaru 24 Horas O m\u00eas de julho come\u00e7ou violento em Caruaru com dois homic\u00eddios registrados neste domingo (1\u00ba). No&hellip;<\/p>\n","protected":false},"author":1,"featured_media":0,"comment_status":"open","ping_status":"open","sticky":false,"template":"","format":"standard","meta":{"footnotes":""},"categories":[1],"tags":[2,1911,13],"class_list":["post-1875","post","type-post","status-publish","format-standard","hentry","category-sem-categoria","tag-blog-do-edvaldo-magalhaes","tag-julho-comeca-violento-2o-homicidio-em-caruaru-neste-domingo-1","tag-policial"],"_links":{"self":[{"href":"https:\/\/blogdoedvaldomagalhaes.com.br\/index.php\/wp-json\/wp\/v2\/posts\/1875","targetHints":{"allow":["GET"]}}],"collection":[{"href":"https:\/\/blogdoedvaldomagalhaes.com.br\/index.php\/wp-json\/wp\/v2\/posts"}],"about":[{"href":"https:\/\/blogdoedvaldomagalhaes.com.br\/index.php\/wp-json\/wp\/v2\/types\/post"}],"author":[{"embeddable":true,"href":"https:\/\/blogdoedvaldomagalhaes.com.br\/index.php\/wp-json\/wp\/v2\/users\/1"}],"replies":[{"embeddable":true,"href":"https:\/\/blogdoedvaldomagalhaes.com.br\/index.php\/wp-json\/wp\/v2\/comments?post=1875"}],"version-history":[{"count":1,"href":"https:\/\/blogdoedvaldomagalhaes.com.br\/index.php\/wp-json\/wp\/v2\/posts\/1875\/revisions"}],"predecessor-version":[{"id":32421,"href":"https:\/\/blogdoedvaldomagalhaes.com.br\/index.php\/wp-json\/wp\/v2\/posts\/1875\/revisions\/32421"}],"wp:attachment":[{"href":"https:\/\/blogdoedvaldomagalhaes.com.br\/index.php\/wp-json\/wp\/v2\/media?parent=1875"}],"wp:term":[{"taxonomy":"category","embeddable":true,"href":"https:\/\/blogdoedvaldomagalhaes.com.br\/index.php\/wp-json\/wp\/v2\/categories?post=1875"},{"taxonomy":"post_tag","embeddable":true,"href":"https:\/\/blogdoedvaldomagalhaes.com.br\/index.php\/wp-json\/wp\/v2\/tags?post=1875"}],"curies":[{"name":"wp","href":"https:\/\/api.w.org\/{rel}","templated":true}]}}