{"id":1874,"date":"2018-07-01T19:10:00","date_gmt":"2018-07-01T22:10:00","guid":{"rendered":"http:\/\/blogdoedvaldomagalhaes.com.br\/index.php\/2018\/07\/01\/associacao-esportiva-caruaru-vai\/"},"modified":"2019-02-09T02:23:02","modified_gmt":"2019-02-09T04:23:02","slug":"associacao-esportiva-caruaru-vai","status":"publish","type":"post","link":"https:\/\/blogdoedvaldomagalhaes.com.br\/index.php\/2018\/07\/01\/associacao-esportiva-caruaru-vai\/","title":{"rendered":"Associa\u00e7\u00e3o Esportiva Caruaru vai decidir o Campeonato Estadual de Futsal"},"content":{"rendered":"<div class=\"separator\" style=\"clear: both; text-align: center;\">\n<a href=\"https:\/\/4.bp.blogspot.com\/-b9uSZhLXwzY\/WzknCj3Z9gI\/AAAAAAAA1Lk\/TZPBlkkqkLQnWeVl2N51HdXwOloVixJMACLcBGAs\/s1600\/copa.jpg\" imageanchor=\"1\" style=\"margin-left: 1em; margin-right: 1em;\"><img loading=\"lazy\" decoding=\"async\" border=\"0\" data-original-height=\"384\" data-original-width=\"512\" height=\"480\" src=\"http:\/\/blogdoedvaldomagalhaes.com.br\/wp-content\/uploads\/2018\/07\/copa.jpg\" width=\"640\" \/><\/a><\/div>\n<div class=\"separator\" style=\"clear: both; text-align: center;\">\nFoto: Vital Flor\u00eancio\/Divulga\u00e7\u00e3o ASEC<\/div>\n<div style=\"text-align: justify;\">\n<\/div>\n<div style=\"text-align: justify;\">\nNesse s\u00e1bado (30), o time da ASEC venceu a equipe de Jo\u00e3o Alfredo, fora de casa, por 7 a 4, e com este resultado garantiu a vaga na final da Copa Pernambuco de Futsal 2018. Os gols do time caruaruense foram marcados por Wanderson, Rold\u00e3o, Migulha (tr\u00eas vezes) e Domar (duas vezes). A partida aconteceu no Gin\u00e1sio Adjar Santos.<\/div>\n<div style=\"text-align: justify;\">\n<\/div>\n<div style=\"text-align: justify;\">\nCom o placar vitorioso, a Associa\u00e7\u00e3o Esportiva Caruaru chega a terceira decis\u00e3o de campeonato Estadual seguido, nos tr\u00eas torneios que disputou na hist\u00f3ria da Asec.<\/div>\n<div style=\"text-align: justify;\">\n<\/div>\n<div style=\"text-align: justify;\">\nO primeiro confronto entre as equipes em Caruaru, no Agreste pernambucano, terminou empatado, em 3 a 3.&nbsp;<\/div>\n<div style=\"text-align: justify;\">\n<\/div>\n<div style=\"text-align: justify;\">\nA grande final da Copa ser\u00e1 contra a equipe de Tamandar\u00e9, em Caruaru, no Gin\u00e1sio do Sesc, a data e hor\u00e1rio ser\u00e3o definidos em breve<\/div>\n","protected":false},"excerpt":{"rendered":"<p>Foto: Vital Flor\u00eancio\/Divulga\u00e7\u00e3o ASEC Nesse s\u00e1bado (30), o time da ASEC venceu a equipe de Jo\u00e3o Alfredo, fora de casa,&hellip;<\/p>\n","protected":false},"author":1,"featured_media":0,"comment_status":"open","ping_status":"open","sticky":false,"template":"","format":"standard","meta":{"footnotes":""},"categories":[1],"tags":[1910,2,3],"class_list":["post-1874","post","type-post","status-publish","format-standard","hentry","category-sem-categoria","tag-associacao-esportiva-caruaru-vai-decidir-o-campeonato-estadual-de-futsal","tag-blog-do-edvaldo-magalhaes","tag-futebol"],"_links":{"self":[{"href":"https:\/\/blogdoedvaldomagalhaes.com.br\/index.php\/wp-json\/wp\/v2\/posts\/1874","targetHints":{"allow":["GET"]}}],"collection":[{"href":"https:\/\/blogdoedvaldomagalhaes.com.br\/index.php\/wp-json\/wp\/v2\/posts"}],"about":[{"href":"https:\/\/blogdoedvaldomagalhaes.com.br\/index.php\/wp-json\/wp\/v2\/types\/post"}],"author":[{"embeddable":true,"href":"https:\/\/blogdoedvaldomagalhaes.com.br\/index.php\/wp-json\/wp\/v2\/users\/1"}],"replies":[{"embeddable":true,"href":"https:\/\/blogdoedvaldomagalhaes.com.br\/index.php\/wp-json\/wp\/v2\/comments?post=1874"}],"version-history":[{"count":1,"href":"https:\/\/blogdoedvaldomagalhaes.com.br\/index.php\/wp-json\/wp\/v2\/posts\/1874\/revisions"}],"predecessor-version":[{"id":32423,"href":"https:\/\/blogdoedvaldomagalhaes.com.br\/index.php\/wp-json\/wp\/v2\/posts\/1874\/revisions\/32423"}],"wp:attachment":[{"href":"https:\/\/blogdoedvaldomagalhaes.com.br\/index.php\/wp-json\/wp\/v2\/media?parent=1874"}],"wp:term":[{"taxonomy":"category","embeddable":true,"href":"https:\/\/blogdoedvaldomagalhaes.com.br\/index.php\/wp-json\/wp\/v2\/categories?post=1874"},{"taxonomy":"post_tag","embeddable":true,"href":"https:\/\/blogdoedvaldomagalhaes.com.br\/index.php\/wp-json\/wp\/v2\/tags?post=1874"}],"curies":[{"name":"wp","href":"https:\/\/api.w.org\/{rel}","templated":true}]}}