{"id":1873,"date":"2018-07-01T19:18:00","date_gmt":"2018-07-01T22:18:00","guid":{"rendered":"http:\/\/blogdoedvaldomagalhaes.com.br\/index.php\/2018\/07\/01\/morre-o-pai-de-mario-flavio-e-allyson\/"},"modified":"2019-02-09T02:23:02","modified_gmt":"2019-02-09T04:23:02","slug":"morre-o-pai-de-mario-flavio-e-allyson","status":"publish","type":"post","link":"https:\/\/blogdoedvaldomagalhaes.com.br\/index.php\/2018\/07\/01\/morre-o-pai-de-mario-flavio-e-allyson\/","title":{"rendered":"Morre o pai de M\u00e1rio Fl\u00e1vio e Allyson da Farm\u00e1cia e sepultamento ser\u00e1 nesta segunda (2)"},"content":{"rendered":"<div class=\"separator\" style=\"clear: both; text-align: center;\">\n<a href=\"https:\/\/2.bp.blogspot.com\/-bXoxJ2qEY18\/WzkpBZ9OtpI\/AAAAAAAA1MA\/ccWYj0FgCwQsxDJ0sXqdS8zYXTwJ1GZ1ACLcBGAs\/s1600\/morre.jpg\" imageanchor=\"1\" style=\"margin-left: 1em; margin-right: 1em;\"><img loading=\"lazy\" decoding=\"async\" border=\"0\" data-original-height=\"405\" data-original-width=\"720\" height=\"360\" src=\"http:\/\/blogdoedvaldomagalhaes.com.br\/wp-content\/uploads\/2018\/07\/morre.jpg\" width=\"640\" \/><\/a><\/div>\n<div style=\"text-align: justify;\">\n<br \/>\n\u00c9 com pesar que comunicamos o falecimento do senhor M\u00e1rio Genaro de Lima, pai do jornalista M\u00e1rio Fl\u00e1vio e do vereador Allyson da Farm\u00e1cia.<\/p>\n<p>\nO corpo est\u00e1 no vel\u00f3rio Dom Bosco e o sepultamento nesta segunda-feira (02), \u00e0s 10h no cemit\u00e9rio S\u00e3o Roque.<\/p>\n<p><b>Nota da AETPC<\/b><\/p>\n<p><\/div>\n<div style=\"text-align: justify;\">\n\u00c9 com pesar que a Associa\u00e7\u00e3o das Empresas de Transporte de passageiros de Caruaru (AETPC) lamenta o falecimento do Sr. M\u00e1rio Genaro de Lima, pai do nosso estimado amigo M\u00e1rio Fl\u00e1vio Lima.<\/div>\n<div style=\"text-align: justify;\">\n<\/div>\n<div style=\"text-align: justify;\">\nA AETPC lamenta essa imensur\u00e1vel perda e deseja seus mais sinceros votos de condol\u00eancias aos familiares e aos amigos.&nbsp;<\/div>\n<div style=\"text-align: justify;\">\n<\/div>\n","protected":false},"excerpt":{"rendered":"<p>\u00c9 com pesar que comunicamos o falecimento do senhor M\u00e1rio Genaro de Lima, pai do jornalista M\u00e1rio Fl\u00e1vio e do&hellip;<\/p>\n","protected":false},"author":1,"featured_media":0,"comment_status":"open","ping_status":"open","sticky":false,"template":"","format":"standard","meta":{"footnotes":""},"categories":[1],"tags":[2,1909,6],"class_list":["post-1873","post","type-post","status-publish","format-standard","hentry","category-sem-categoria","tag-blog-do-edvaldo-magalhaes","tag-morre-o-pai-de-mario-flavio-e-allyson-da-farmacia-e-sepultamento-sera-nesta-segunda-2","tag-noticias"],"_links":{"self":[{"href":"https:\/\/blogdoedvaldomagalhaes.com.br\/index.php\/wp-json\/wp\/v2\/posts\/1873","targetHints":{"allow":["GET"]}}],"collection":[{"href":"https:\/\/blogdoedvaldomagalhaes.com.br\/index.php\/wp-json\/wp\/v2\/posts"}],"about":[{"href":"https:\/\/blogdoedvaldomagalhaes.com.br\/index.php\/wp-json\/wp\/v2\/types\/post"}],"author":[{"embeddable":true,"href":"https:\/\/blogdoedvaldomagalhaes.com.br\/index.php\/wp-json\/wp\/v2\/users\/1"}],"replies":[{"embeddable":true,"href":"https:\/\/blogdoedvaldomagalhaes.com.br\/index.php\/wp-json\/wp\/v2\/comments?post=1873"}],"version-history":[{"count":1,"href":"https:\/\/blogdoedvaldomagalhaes.com.br\/index.php\/wp-json\/wp\/v2\/posts\/1873\/revisions"}],"predecessor-version":[{"id":32425,"href":"https:\/\/blogdoedvaldomagalhaes.com.br\/index.php\/wp-json\/wp\/v2\/posts\/1873\/revisions\/32425"}],"wp:attachment":[{"href":"https:\/\/blogdoedvaldomagalhaes.com.br\/index.php\/wp-json\/wp\/v2\/media?parent=1873"}],"wp:term":[{"taxonomy":"category","embeddable":true,"href":"https:\/\/blogdoedvaldomagalhaes.com.br\/index.php\/wp-json\/wp\/v2\/categories?post=1873"},{"taxonomy":"post_tag","embeddable":true,"href":"https:\/\/blogdoedvaldomagalhaes.com.br\/index.php\/wp-json\/wp\/v2\/tags?post=1873"}],"curies":[{"name":"wp","href":"https:\/\/api.w.org\/{rel}","templated":true}]}}