{"id":1870,"date":"2018-07-02T13:55:00","date_gmt":"2018-07-02T16:55:00","guid":{"rendered":"http:\/\/blogdoedvaldomagalhaes.com.br\/index.php\/2018\/07\/02\/taxista-e-esfaqueado-durante-assalto-e\/"},"modified":"2019-02-09T02:23:03","modified_gmt":"2019-02-09T04:23:03","slug":"taxista-e-esfaqueado-durante-assalto-e","status":"publish","type":"post","link":"https:\/\/blogdoedvaldomagalhaes.com.br\/index.php\/2018\/07\/02\/taxista-e-esfaqueado-durante-assalto-e\/","title":{"rendered":"Taxista \u00e9 esfaqueado durante assalto em Caruaru"},"content":{"rendered":"<div class=\"separator\" style=\"clear: both; text-align: center;\">\n<a href=\"https:\/\/2.bp.blogspot.com\/-U-FUl2kqQiY\/WzouthZ6V8I\/AAAAAAAA1O8\/GVs78dMTMcgLoAKfmaORWqjzCGYbhJF7QCLcBGAs\/s1600\/tentativa.jpg\" imageanchor=\"1\" style=\"margin-left: 1em; margin-right: 1em;\"><img loading=\"lazy\" decoding=\"async\" border=\"0\" data-original-height=\"172\" data-original-width=\"292\" height=\"376\" src=\"http:\/\/blogdoedvaldomagalhaes.com.br\/wp-content\/uploads\/2018\/07\/tentativa.jpg\" width=\"640\" \/><\/a><\/div>\n<div style=\"background-color: white; box-sizing: border-box; line-height: 24px; margin-bottom: 10px; text-align: justify;\">\n<\/div>\n<div style=\"background-color: white; box-sizing: border-box; line-height: 24px; margin-bottom: 10px; text-align: justify;\">\nO taxista Jovanildo Fernandes, conhecido por Maracuj\u00e1, de 68 anos, da Pra\u00e7a do Sertanejo, sofreu tentativa de latroc\u00ednio na madrugada desta segunda-feira (02). Ele foi esfaqueado por volta das 3h, pr\u00f3ximo da Ceaca. Foram 13 perfura\u00e7\u00f5es.<\/p>\n<p><\/p>\n<div class=\"separator\" style=\"clear: both; text-align: center;\">\n<a href=\"https:\/\/3.bp.blogspot.com\/-huK_QZFdrFc\/Wzox5ZXikpI\/AAAAAAAA1PI\/IlberVSDuE4x-eYiRQY-rc5Q023CTjNLgCLcBGAs\/s1600\/taxi.jpg\" imageanchor=\"1\" style=\"margin-left: 1em; margin-right: 1em;\"><img loading=\"lazy\" decoding=\"async\" border=\"0\" data-original-height=\"722\" data-original-width=\"720\" height=\"640\" src=\"http:\/\/blogdoedvaldomagalhaes.com.br\/wp-content\/uploads\/2018\/07\/taxi.jpg\" width=\"638\" \/><\/a><\/div>\n<p><\/div>\n<div style=\"background-color: white; box-sizing: border-box; line-height: 24px; margin-bottom: 10px; text-align: justify;\">\nA v\u00edtima foi socorrida pelo Samu em estado grave para o Hospital Regional do Agreste (HRA). O carro do taxista foi levado pelos assaltantes. A v\u00edtima passou por uma cirurgia, foi entubado na sala de recupera\u00e7\u00e3o do HRA, com quadro est\u00e1vel, depois foi levado para a UTI.&nbsp;<\/div>\n<div style=\"background-color: white; box-sizing: border-box; line-height: 24px; margin-bottom: 10px; text-align: justify;\">\nFonte: R\u00e1dio Liberdade.&nbsp;<\/div>\n","protected":false},"excerpt":{"rendered":"<p>O taxista Jovanildo Fernandes, conhecido por Maracuj\u00e1, de 68 anos, da Pra\u00e7a do Sertanejo, sofreu tentativa de latroc\u00ednio na madrugada&hellip;<\/p>\n","protected":false},"author":1,"featured_media":0,"comment_status":"open","ping_status":"open","sticky":false,"template":"","format":"standard","meta":{"footnotes":""},"categories":[1],"tags":[2,13,1906],"class_list":["post-1870","post","type-post","status-publish","format-standard","hentry","category-sem-categoria","tag-blog-do-edvaldo-magalhaes","tag-policial","tag-taxista-e-esfaqueado-durante-assalto-em-caruaru"],"_links":{"self":[{"href":"https:\/\/blogdoedvaldomagalhaes.com.br\/index.php\/wp-json\/wp\/v2\/posts\/1870","targetHints":{"allow":["GET"]}}],"collection":[{"href":"https:\/\/blogdoedvaldomagalhaes.com.br\/index.php\/wp-json\/wp\/v2\/posts"}],"about":[{"href":"https:\/\/blogdoedvaldomagalhaes.com.br\/index.php\/wp-json\/wp\/v2\/types\/post"}],"author":[{"embeddable":true,"href":"https:\/\/blogdoedvaldomagalhaes.com.br\/index.php\/wp-json\/wp\/v2\/users\/1"}],"replies":[{"embeddable":true,"href":"https:\/\/blogdoedvaldomagalhaes.com.br\/index.php\/wp-json\/wp\/v2\/comments?post=1870"}],"version-history":[{"count":1,"href":"https:\/\/blogdoedvaldomagalhaes.com.br\/index.php\/wp-json\/wp\/v2\/posts\/1870\/revisions"}],"predecessor-version":[{"id":32433,"href":"https:\/\/blogdoedvaldomagalhaes.com.br\/index.php\/wp-json\/wp\/v2\/posts\/1870\/revisions\/32433"}],"wp:attachment":[{"href":"https:\/\/blogdoedvaldomagalhaes.com.br\/index.php\/wp-json\/wp\/v2\/media?parent=1870"}],"wp:term":[{"taxonomy":"category","embeddable":true,"href":"https:\/\/blogdoedvaldomagalhaes.com.br\/index.php\/wp-json\/wp\/v2\/categories?post=1870"},{"taxonomy":"post_tag","embeddable":true,"href":"https:\/\/blogdoedvaldomagalhaes.com.br\/index.php\/wp-json\/wp\/v2\/tags?post=1870"}],"curies":[{"name":"wp","href":"https:\/\/api.w.org\/{rel}","templated":true}]}}