{"id":187,"date":"2019-01-18T17:09:00","date_gmt":"2019-01-18T19:09:00","guid":{"rendered":"http:\/\/blogdoedvaldomagalhaes.com.br\/index.php\/2019\/01\/18\/homicidio-dentro-de-residencia-e\/"},"modified":"2019-02-09T02:49:49","modified_gmt":"2019-02-09T04:49:49","slug":"homicidio-dentro-de-residencia-e","status":"publish","type":"post","link":"https:\/\/blogdoedvaldomagalhaes.com.br\/index.php\/2019\/01\/18\/homicidio-dentro-de-residencia-e\/","title":{"rendered":"Homic\u00eddio dentro de resid\u00eancia em Caruaru nesta sexta (18)"},"content":{"rendered":"<div class=\"separator\" style=\"clear: both; text-align: center;\">\n<a href=\"https:\/\/2.bp.blogspot.com\/-Sld-GZbwcNo\/XEIG-kT3VeI\/AAAAAAABBPQ\/-7LI6KlV8uk3_BuYl3uKkJ7GQKlQixlJACLcBGAs\/s1600\/IMG-20190118-WA0091.jpg\" imageanchor=\"1\" style=\"margin-left: 1em; margin-right: 1em;\"><img loading=\"lazy\" decoding=\"async\" border=\"0\" data-original-height=\"1280\" data-original-width=\"719\" height=\"640\" src=\"http:\/\/blogdoedvaldomagalhaes.com.br\/wp-content\/uploads\/2019\/01\/IMG-20190118-WA0091.jpg\" width=\"358\" \/><\/a><\/div>\n<div class=\"separator\" style=\"clear: both; text-align: center;\">\nFoto: Reprodu\u00e7\u00e3o\/WhatsApp<\/div>\n<div class=\"separator\" style=\"clear: both; text-align: center;\">\n<\/div>\n<div class=\"separator\" style=\"clear: both; text-align: justify;\">\nPor volta das 12h30 desta sexta-feira (18), foi assassinado dentro da pr\u00f3pria resid\u00eancia a tiros, o aut\u00f4nomo Valdomiro Jos\u00e9 de Lira, de 40 anos de idade, conhecido como Miro, natural de Campestre&#8211;AL, que era homossexual. O homic\u00eddio ocorreu na rua da Sinceridade, no Loteamento Novo Mundo. Policiais informaram que a vitima j\u00e1 teve passagem pela penitenci\u00e1ria.<\/div>\n<div class=\"separator\" style=\"clear: both; text-align: justify;\">\n<\/div>\n<div class=\"separator\" style=\"clear: both; text-align: center;\">\n<a href=\"https:\/\/4.bp.blogspot.com\/-dcTFnfowrWc\/XEJOlNnHQLI\/AAAAAAABBP8\/PNID2BshwtMmncsZBhaDFgd7T9PGgOIZgCLcBGAs\/s1600\/IMG-20190118-WA0207.jpg\" imageanchor=\"1\" style=\"margin-left: 1em; margin-right: 1em;\"><img loading=\"lazy\" decoding=\"async\" border=\"0\" data-original-height=\"1280\" data-original-width=\"720\" height=\"640\" src=\"http:\/\/blogdoedvaldomagalhaes.com.br\/wp-content\/uploads\/2019\/01\/IMG-20190118-WA0207.jpg\" width=\"360\" \/><\/a><\/div>\n<div class=\"separator\" style=\"clear: both; text-align: justify;\">\n<\/div>\n<div class=\"separator\" style=\"clear: both; text-align: justify;\">\nO soldado Allan do 1\u00ba BIEsp, relatou que havia dois rapazes dormindo na casa da v\u00edtima que morava sozinha e um desses rapazes teve envolvimento com a morte de um amigo da v\u00edtima, tamb\u00e9m homossexual e que foi morto a facadas pelo namorado que \u00e9 menor de idade. De acordo com policia, a&nbsp; morte de Mir\u00f3, pode ter sido por motivo passional.<\/div>\n<div class=\"separator\" style=\"clear: both; text-align: justify;\">\n<\/div>\n<div class=\"separator\" style=\"clear: both; text-align: center;\">\n<a href=\"https:\/\/4.bp.blogspot.com\/-Ac8JWAI10Xo\/XEJQe4cSxxI\/AAAAAAABBQE\/ECCBIcK8WogahBSD9IqWbgB07d1WsXdiQCLcBGAs\/s1600\/IMG-20190118-WA0216.jpg\" imageanchor=\"1\" style=\"margin-left: 1em; margin-right: 1em;\"><img loading=\"lazy\" decoding=\"async\" border=\"0\" data-original-height=\"723\" data-original-width=\"720\" height=\"640\" src=\"http:\/\/blogdoedvaldomagalhaes.com.br\/wp-content\/uploads\/2019\/01\/IMG-20190118-WA0216.jpg\" width=\"636\" \/><\/a><\/div>\n<div class=\"separator\" style=\"clear: both; text-align: justify;\">\n<\/div>\n<div class=\"separator\" style=\"clear: both; text-align: justify;\">\n<\/div>\n<div class=\"separator\" style=\"clear: both; text-align: justify;\">\nEste foi o 8\u00ba assassinato ocorrido no m\u00eas de janeiro e consecutivamente tamb\u00e9m o 8\u00ba do ano e o corpo da v\u00edtima foi encaminhado para o IML local.<\/div>\n<div class=\"separator\" style=\"clear: both; text-align: justify;\">\n<\/div>\n<div class=\"separator\" style=\"clear: both; text-align: center;\">\n<a href=\"https:\/\/2.bp.blogspot.com\/-Xzmzsg-lDM4\/XEILLEZDsZI\/AAAAAAABBPY\/piU0c3rOhqYjQCf0ieBZ2R32YGm8dp7aQCLcBGAs\/s1600\/IMG-20190118-WA0155.jpg\" imageanchor=\"1\" style=\"margin-left: 1em; margin-right: 1em;\"><img loading=\"lazy\" decoding=\"async\" border=\"0\" data-original-height=\"1024\" data-original-width=\"1018\" height=\"640\" src=\"http:\/\/blogdoedvaldomagalhaes.com.br\/wp-content\/uploads\/2019\/01\/IMG-20190118-WA0155.jpg\" width=\"636\" \/><\/a><\/div>\n<div class=\"separator\" style=\"clear: both; text-align: justify;\">\n<\/div>\n<div class=\"separator\" style=\"clear: both; text-align: justify;\">\nSegundo informa\u00e7\u00f5es da Pol\u00edcia Militar, a v\u00edtima estava em casa, quando duas pessoas chegaram e bateram na porta da resid\u00eancia. Ao abrir a porta, Valdomiro foi surpreendido pelos suspeitos, que entraram na casa e atiraram nele. A v\u00edtima n\u00e3o resistiu aos ferimentos e morreu no local. A autoria e a motiva\u00e7\u00e3o do crime ainda n\u00e3o foram divulgadas.<\/div>\n<div class=\"separator\" style=\"clear: both; text-align: justify;\">\n<\/div>\n<div class=\"separator\" style=\"clear: both; text-align: justify;\">\nEste foi o 8\u00b0&nbsp; homic\u00eddio no ano de 2019, em Caruaru .<\/div>\n<div class=\"separator\" style=\"clear: both; text-align: justify;\">\n<\/div>\n","protected":false},"excerpt":{"rendered":"<p>Foto: Reprodu\u00e7\u00e3o\/WhatsApp Por volta das 12h30 desta sexta-feira (18), foi assassinado dentro da pr\u00f3pria resid\u00eancia a tiros, o aut\u00f4nomo Valdomiro&hellip;<\/p>\n","protected":false},"author":1,"featured_media":0,"comment_status":"open","ping_status":"open","sticky":false,"template":"","format":"standard","meta":{"footnotes":""},"categories":[1],"tags":[2,199,13],"class_list":["post-187","post","type-post","status-publish","format-standard","hentry","category-sem-categoria","tag-blog-do-edvaldo-magalhaes","tag-homicidio-dentro-de-residencia-em-caruaru-nesta-sexta-18","tag-policial"],"_links":{"self":[{"href":"https:\/\/blogdoedvaldomagalhaes.com.br\/index.php\/wp-json\/wp\/v2\/posts\/187","targetHints":{"allow":["GET"]}}],"collection":[{"href":"https:\/\/blogdoedvaldomagalhaes.com.br\/index.php\/wp-json\/wp\/v2\/posts"}],"about":[{"href":"https:\/\/blogdoedvaldomagalhaes.com.br\/index.php\/wp-json\/wp\/v2\/types\/post"}],"author":[{"embeddable":true,"href":"https:\/\/blogdoedvaldomagalhaes.com.br\/index.php\/wp-json\/wp\/v2\/users\/1"}],"replies":[{"embeddable":true,"href":"https:\/\/blogdoedvaldomagalhaes.com.br\/index.php\/wp-json\/wp\/v2\/comments?post=187"}],"version-history":[{"count":1,"href":"https:\/\/blogdoedvaldomagalhaes.com.br\/index.php\/wp-json\/wp\/v2\/posts\/187\/revisions"}],"predecessor-version":[{"id":37548,"href":"https:\/\/blogdoedvaldomagalhaes.com.br\/index.php\/wp-json\/wp\/v2\/posts\/187\/revisions\/37548"}],"wp:attachment":[{"href":"https:\/\/blogdoedvaldomagalhaes.com.br\/index.php\/wp-json\/wp\/v2\/media?parent=187"}],"wp:term":[{"taxonomy":"category","embeddable":true,"href":"https:\/\/blogdoedvaldomagalhaes.com.br\/index.php\/wp-json\/wp\/v2\/categories?post=187"},{"taxonomy":"post_tag","embeddable":true,"href":"https:\/\/blogdoedvaldomagalhaes.com.br\/index.php\/wp-json\/wp\/v2\/tags?post=187"}],"curies":[{"name":"wp","href":"https:\/\/api.w.org\/{rel}","templated":true}]}}