{"id":1867,"date":"2018-07-02T20:27:00","date_gmt":"2018-07-02T23:27:00","guid":{"rendered":"http:\/\/blogdoedvaldomagalhaes.com.br\/index.php\/2018\/07\/02\/carro-roubado-em-caruaru-foi-clonado-e\/"},"modified":"2019-02-09T02:23:05","modified_gmt":"2019-02-09T04:23:05","slug":"carro-roubado-em-caruaru-foi-clonado-e","status":"publish","type":"post","link":"https:\/\/blogdoedvaldomagalhaes.com.br\/index.php\/2018\/07\/02\/carro-roubado-em-caruaru-foi-clonado-e\/","title":{"rendered":"Carro roubado em Caruaru foi clonado e recuperado pela PM em Petrolina"},"content":{"rendered":"<div style=\"text-align: justify;\">\n<div class=\"separator\" style=\"clear: both; text-align: center;\">\n<a href=\"https:\/\/3.bp.blogspot.com\/-nk9B2UuM1og\/WzqJ18IdszI\/AAAAAAAA1QE\/-iOTLhduNEgz06bm8NrdF48R2tolLS-AQCLcBGAs\/s1600\/IMG-20180702-WA0102.jpg\" imageanchor=\"1\" style=\"margin-left: 1em; margin-right: 1em;\"><img loading=\"lazy\" decoding=\"async\" border=\"0\" data-original-height=\"774\" data-original-width=\"1032\" height=\"480\" src=\"http:\/\/blogdoedvaldomagalhaes.com.br\/wp-content\/uploads\/2018\/07\/IMG-20180702-WA0102.jpg\" width=\"640\" \/><\/a><\/div>\n<div class=\"separator\" style=\"clear: both; text-align: center;\">\nFoto: PMPE\/Dilvuga\u00e7\u00e3o<\/div>\n<p>\nPor volta das 09h30 do \u00faltimo s\u00e1bado (30), a GE GATI 5\u00b0 BPM, recebeu denuncia, que Aureliano Carvalho e Silva, casado, 31 anos, natural de Salgueiro, estava em posse de um ve\u00edculo Corolla Toyota de placas PDF\/2044 da cidade de Caruaru, com suspeita de clonagem e adultera\u00e7\u00e3o, na cidade de Petrolina, de imediato foram repassadas as informa\u00e7\u00f5es ao NIS &#8211; 4 5\u00baBPM, onde com o apoio do NIAZM-1\/4\u00b0 BPM foi localizado o verdadeiro Corolla na cidade de Caruaru, em posse do verdadeiro propriet\u00e1rio e que o mesmo j\u00e1 tinha prestado uma queixa de clone devido est\u00e1 recebendo diversas multas.<\/p>\n<p>O ve\u00edculo foi localizado o carro em posse de Aureliano, que com o apoio da Pol\u00edcia Rodovi\u00e1ria Federal, foi constatado a adulter4a\u00e7\u00e3o, sendo encontrado o verdadeiro registro ve\u00edculo tendo placas PGY \u2013 6963, que se encontrava com queixa de roubo com data de 29 de mar\u00e7o de 2018 na cidade de Caruaru. Diante dos fatos, os policiais conduziram Aureliano com o ve\u00edculo para DPC afim serem tomadas as medidas cab\u00edveis.<\/p>\n<p><\/div>\n","protected":false},"excerpt":{"rendered":"<p>Foto: PMPE\/Dilvuga\u00e7\u00e3o Por volta das 09h30 do \u00faltimo s\u00e1bado (30), a GE GATI 5\u00b0 BPM, recebeu denuncia, que Aureliano Carvalho&hellip;<\/p>\n","protected":false},"author":1,"featured_media":0,"comment_status":"open","ping_status":"open","sticky":false,"template":"","format":"standard","meta":{"footnotes":""},"categories":[1],"tags":[2,1903,13],"class_list":["post-1867","post","type-post","status-publish","format-standard","hentry","category-sem-categoria","tag-blog-do-edvaldo-magalhaes","tag-carro-roubado-em-caruaru-foi-clonado-e-recuperado-pela-pm-em-petrolina","tag-policial"],"_links":{"self":[{"href":"https:\/\/blogdoedvaldomagalhaes.com.br\/index.php\/wp-json\/wp\/v2\/posts\/1867","targetHints":{"allow":["GET"]}}],"collection":[{"href":"https:\/\/blogdoedvaldomagalhaes.com.br\/index.php\/wp-json\/wp\/v2\/posts"}],"about":[{"href":"https:\/\/blogdoedvaldomagalhaes.com.br\/index.php\/wp-json\/wp\/v2\/types\/post"}],"author":[{"embeddable":true,"href":"https:\/\/blogdoedvaldomagalhaes.com.br\/index.php\/wp-json\/wp\/v2\/users\/1"}],"replies":[{"embeddable":true,"href":"https:\/\/blogdoedvaldomagalhaes.com.br\/index.php\/wp-json\/wp\/v2\/comments?post=1867"}],"version-history":[{"count":1,"href":"https:\/\/blogdoedvaldomagalhaes.com.br\/index.php\/wp-json\/wp\/v2\/posts\/1867\/revisions"}],"predecessor-version":[{"id":32439,"href":"https:\/\/blogdoedvaldomagalhaes.com.br\/index.php\/wp-json\/wp\/v2\/posts\/1867\/revisions\/32439"}],"wp:attachment":[{"href":"https:\/\/blogdoedvaldomagalhaes.com.br\/index.php\/wp-json\/wp\/v2\/media?parent=1867"}],"wp:term":[{"taxonomy":"category","embeddable":true,"href":"https:\/\/blogdoedvaldomagalhaes.com.br\/index.php\/wp-json\/wp\/v2\/categories?post=1867"},{"taxonomy":"post_tag","embeddable":true,"href":"https:\/\/blogdoedvaldomagalhaes.com.br\/index.php\/wp-json\/wp\/v2\/tags?post=1867"}],"curies":[{"name":"wp","href":"https:\/\/api.w.org\/{rel}","templated":true}]}}