{"id":1866,"date":"2018-07-02T20:55:00","date_gmt":"2018-07-02T23:55:00","guid":{"rendered":"http:\/\/blogdoedvaldomagalhaes.com.br\/index.php\/2018\/07\/02\/colisao-entre-dois-carros-motorista\/"},"modified":"2019-02-09T02:23:06","modified_gmt":"2019-02-09T04:23:06","slug":"colisao-entre-dois-carros-motorista","status":"publish","type":"post","link":"https:\/\/blogdoedvaldomagalhaes.com.br\/index.php\/2018\/07\/02\/colisao-entre-dois-carros-motorista\/","title":{"rendered":"Colis\u00e3o entre dois carros: Motorista morre e ex-prefeita de Vertente do L\u00e9rio est\u00e1 hospitalizada"},"content":{"rendered":"<div class=\"separator\" style=\"clear: both; text-align: center;\">\n<a href=\"https:\/\/1.bp.blogspot.com\/-b8LFz37PgTQ\/WzqOxo3257I\/AAAAAAAA1QQ\/xzYo6hH7ANM7dOi0cQw2agGXuqZPjpcQACLcBGAs\/s1600\/pm.jpg\" imageanchor=\"1\" style=\"margin-left: 1em; margin-right: 1em;\"><img loading=\"lazy\" decoding=\"async\" border=\"0\" data-original-height=\"450\" data-original-width=\"600\" height=\"480\" src=\"http:\/\/blogdoedvaldomagalhaes.com.br\/wp-content\/uploads\/2018\/07\/pm.jpg\" width=\"640\" \/><\/a><\/div>\n<div class=\"separator\" style=\"clear: both; text-align: center;\">\nFoto: PMPE\/Divulga\u00e7\u00e3o<\/div>\n<div style=\"text-align: justify;\">\n<\/div>\n<div style=\"text-align: justify;\">\nPor volta das 20h desse domingo (01), houve uma colis\u00e3o entre dois carros na PE-106 no trecho entre Surubim e Vertente do L\u00e9rio. A ex-prefeita de Vertente do L\u00e9rio, Wellita Valqu\u00edria de Fran\u00e7a Silva Sales, atual primeira dama, esposa do prefeito Renato Sales, e sobrinha do deputado Dr Valdir, estava em uma picape Hilux e ficou ferida.<\/div>\n<div style=\"text-align: justify;\">\n<\/div>\n<div style=\"text-align: justify;\">\n<\/div>\n<div style=\"text-align: justify;\">\nCom o impacto da colis\u00e3o os dois autom\u00f3veis pegaram fogo e um motorista morreu carbonizado, outras tr\u00eas pessoas ficaram feridas, entre elas a ex-prefeita, que&nbsp; foi socorrida para a Unidade de Pronto-Atendimento de Surubim.&nbsp;<\/div>\n<div style=\"text-align: justify;\">\n<\/div>\n<div style=\"text-align: justify;\">\nW\u00e9lita Sales estava acompanhada por uma funcion\u00e1ria da Prefeitura, que tamb\u00e9m foi socorrida. De acordo com o Corpo de Bombeiros, no outro ve\u00edculo foi encontrado um corpo de um homem ainda em chamas.<\/div>\n<div style=\"text-align: justify;\">\n<\/div>\n","protected":false},"excerpt":{"rendered":"<p>Foto: PMPE\/Divulga\u00e7\u00e3o Por volta das 20h desse domingo (01), houve uma colis\u00e3o entre dois carros na PE-106 no trecho entre&hellip;<\/p>\n","protected":false},"author":1,"featured_media":0,"comment_status":"open","ping_status":"open","sticky":false,"template":"","format":"standard","meta":{"footnotes":""},"categories":[1],"tags":[2,1902,6],"class_list":["post-1866","post","type-post","status-publish","format-standard","hentry","category-sem-categoria","tag-blog-do-edvaldo-magalhaes","tag-colisao-entre-dois-carros-motorista-morre-e-ex-prefeita-de-vertente-do-lerio-esta-hospitalizada","tag-noticias"],"_links":{"self":[{"href":"https:\/\/blogdoedvaldomagalhaes.com.br\/index.php\/wp-json\/wp\/v2\/posts\/1866","targetHints":{"allow":["GET"]}}],"collection":[{"href":"https:\/\/blogdoedvaldomagalhaes.com.br\/index.php\/wp-json\/wp\/v2\/posts"}],"about":[{"href":"https:\/\/blogdoedvaldomagalhaes.com.br\/index.php\/wp-json\/wp\/v2\/types\/post"}],"author":[{"embeddable":true,"href":"https:\/\/blogdoedvaldomagalhaes.com.br\/index.php\/wp-json\/wp\/v2\/users\/1"}],"replies":[{"embeddable":true,"href":"https:\/\/blogdoedvaldomagalhaes.com.br\/index.php\/wp-json\/wp\/v2\/comments?post=1866"}],"version-history":[{"count":1,"href":"https:\/\/blogdoedvaldomagalhaes.com.br\/index.php\/wp-json\/wp\/v2\/posts\/1866\/revisions"}],"predecessor-version":[{"id":32441,"href":"https:\/\/blogdoedvaldomagalhaes.com.br\/index.php\/wp-json\/wp\/v2\/posts\/1866\/revisions\/32441"}],"wp:attachment":[{"href":"https:\/\/blogdoedvaldomagalhaes.com.br\/index.php\/wp-json\/wp\/v2\/media?parent=1866"}],"wp:term":[{"taxonomy":"category","embeddable":true,"href":"https:\/\/blogdoedvaldomagalhaes.com.br\/index.php\/wp-json\/wp\/v2\/categories?post=1866"},{"taxonomy":"post_tag","embeddable":true,"href":"https:\/\/blogdoedvaldomagalhaes.com.br\/index.php\/wp-json\/wp\/v2\/tags?post=1866"}],"curies":[{"name":"wp","href":"https:\/\/api.w.org\/{rel}","templated":true}]}}