{"id":1865,"date":"2018-07-02T21:34:00","date_gmt":"2018-07-03T00:34:00","guid":{"rendered":"http:\/\/blogdoedvaldomagalhaes.com.br\/index.php\/2018\/07\/02\/calendario-de-abastecimento-em-caruaru\/"},"modified":"2019-02-09T02:23:08","modified_gmt":"2019-02-09T04:23:08","slug":"calendario-de-abastecimento-em-caruaru","status":"publish","type":"post","link":"https:\/\/blogdoedvaldomagalhaes.com.br\/index.php\/2018\/07\/02\/calendario-de-abastecimento-em-caruaru\/","title":{"rendered":"Calend\u00e1rio de abastecimento em Caruaru no m\u00eas de julho"},"content":{"rendered":"<div class=\"separator\" style=\"clear: both; text-align: center;\">\n<a href=\"https:\/\/1.bp.blogspot.com\/-e3uQnM7D698\/WzqZsw9dBYI\/AAAAAAAA1RA\/n5y32Exw79Uoih_qgWagj5Q5-ZEHQ95zgCLcBGAs\/s1600\/%25C3%25A1giua.jpg\" imageanchor=\"1\" style=\"margin-left: 1em; margin-right: 1em;\"><img loading=\"lazy\" decoding=\"async\" border=\"0\" data-original-height=\"360\" data-original-width=\"640\" height=\"360\" src=\"http:\/\/blogdoedvaldomagalhaes.com.br\/wp-content\/uploads\/2018\/07\/C3A1giua.jpg\" width=\"640\" \/><\/a><\/div>\n<div class=\"separator\" style=\"clear: both; text-align: center;\">\n<\/div>\n<div class=\"separator\" style=\"clear: both; text-align: justify;\">\n<b>Nos dias 1, 2, 3, 4, 5, 16, 17, 18, 19, 20 e 31:&nbsp;<\/b>Cidade Jardim, Salgado (parte baixa), Rendeiras (Cohab III &#8211; parte alta) Loteamento Para\u00edso, S\u00e3o Jo\u00e3o da Esc\u00f3cia (parte baixa), Centen\u00e1rio, Divin\u00f3polis, Maur\u00edcio de Nassau, Universit\u00e1rio, S\u00e3o Francisco, Parte do Vassoural pr\u00f3ximo ao pres\u00eddio, Santa Rosa (parte alta), Vila Serena, Campo Novo do Sul, Vila Campo Novo de Baixo e de Cima, Cidade Alta, Parte do Petr\u00f3polis, Sest\/Senat.<\/div>\n<div class=\"separator\" style=\"clear: both; text-align: justify;\">\n<b><br \/><\/b><\/div>\n<div class=\"separator\" style=\"clear: both; text-align: justify;\">\n<b>Nos dias 6, 7, 8, 9, 10, 21, 22, 23, 24 e 25:&nbsp;<\/b>Salgado (parte alta), S\u00e3o Jo\u00e3o da Esc\u00f3cia (parte alta), Monte Carmelo, Lagoa do Algod\u00e3o e Quintas da Colina, Rendeiras (parte baixa), Morada Nova, Serran\u00f3polis, Gon\u00e7alves Ferreira, Inocoop, Cedro, Jardim dos Pinheiros, Monte Sinai, Vila Fernando Lira, Luiz Gonzaga, Jardim dos Coqueiros, Jardim dos Alecrins, Jardim dos Ip\u00eas, Portal do Sol, Nossa Senhora das Dores, Centro, Vassoural, Santa Rosa (parte baixa), Indian\u00f3polis, Riach\u00e3o, Alto da Balan\u00e7a, Petr\u00f3polis, Parque 18 de maio, Jardim Liberdade, Rosan\u00f3polis, Residencial Alto do Moura, Vista Alegre e Encanto da Serra.<\/div>\n<div class=\"separator\" style=\"clear: both; text-align: justify;\">\n<\/div>\n<div class=\"separator\" style=\"clear: both; text-align: justify;\">\n<b>Nos dias 11, 12, 13, 14, 15, 26, 27, 28, 29 e 30:&nbsp;<\/b>Maria Auxiliadora (parte baixa), Hosana, Vila do Aeroporto, Jos\u00e9 Carlos de Oliveira (parte baixa), Vila Padre In\u00e1cio, Vila Diocesano, Jo\u00e3o Barreto, Jo\u00e3o Mota, Vila Kennedy, Kennedy, Sol Poente, Caiuc\u00e1, Portal do Agreste, Posto Agamenon, S\u00edtio Campos, Vila Cip\u00f3, Lagoa de Pedra, Mestre Vitalino, Alto do Moura, Residencial Luiz Bezerra Torres 1 e 2, Alto das Sete Luas, Tcheguevara, Polo Caruaru, UFPE, Alphaville, Hospital Mestre Vitalino, Pesque da Cidade, Maria Auxiliadora (parte alta), Boa vista 1 e 2, Tr\u00eas Bandeiras, Nova Caruaru, Jardim Panorama, Vila Andorinha, Caru\u00e1, Bara\u00fanas, Mandacaru, Novo Mundo, Dem\u00f3stenes Veras, Jos\u00e9 Carlos de Oliveira (parte alta), Ramiro de Souza, Jardim Boa Vista, Severino Afonso, Residencial VIt\u00f3ria, Parque Real, Residencial Ipojuca, Residencial Xique Xique, Santos Dumont, Jo\u00e3o Batista, Pinheir\u00f3polis, Adalgisa Nunes 3 e 4, Residencial Wirton Lira.<\/div>\n<div class=\"separator\" style=\"clear: both; text-align: justify;\">\n<\/div>\n<div class=\"separator\" style=\"clear: both; text-align: justify;\">\n<b>No Monte Bom Jesus:<\/b> O abastecimento do monte \u00e9 subdividido em quatro sub-setores, onde s\u00e3o abastecidos dois dias cada um. O abastecimento do local \u00e9 de 2 x 6.<\/div>\n<div class=\"separator\" style=\"clear: both; text-align: justify;\">\n<b><br \/><\/b><\/div>\n<div class=\"separator\" style=\"clear: both; text-align: justify;\">\n<b>No Alto do Moura &#8211;&nbsp;<\/b><b>Dias 2, 3, 4, 5, 6, 16, 17, 18, 19, 20, 30 e 31:&nbsp;<\/b>C\u00edcero das Carro\u00e7as, Mestre Vitalino 2 e parte alta do Alto do Moura<\/div>\n<div class=\"separator\" style=\"clear: both; text-align: justify;\">\n<\/div>\n<div class=\"separator\" style=\"clear: both; text-align: justify;\">\n<b>Nos dias 9, 10, 11, 12, 13, 23, 24, 25, 26, 27:&nbsp;<\/b>Rua do Cemit\u00e9rio e Vila Nossa Senhora das Gra\u00e7as 2<\/div>\n<div class=\"separator\" style=\"clear: both; text-align: justify;\">\n<\/div>\n<div class=\"separator\" style=\"clear: both; text-align: justify;\">\n<b>Finais de semana:<\/b>&nbsp;Rua Ant\u00f4nio Vitalino e Rua da Elevat\u00f3ria<\/div>\n<div class=\"separator\" style=\"clear: both; text-align: center;\">\n<\/div>\n<div class=\"separator\" style=\"clear: both; text-align: center;\">\n<\/div>\n<div class=\"separator\" style=\"clear: both; text-align: center;\">\n<a href=\"https:\/\/4.bp.blogspot.com\/-L1PtagjG_uQ\/WzqZT0Bg0TI\/AAAAAAAA1Qg\/2IwMwvUqwrA8fiHApXCe4IXKKAiJ_hEKACLcBGAs\/s1600\/1.png\" imageanchor=\"1\" style=\"margin-left: 1em; margin-right: 1em;\"><img loading=\"lazy\" decoding=\"async\" border=\"0\" data-original-height=\"512\" data-original-width=\"346\" height=\"640\" src=\"http:\/\/blogdoedvaldomagalhaes.com.br\/wp-content\/uploads\/2018\/07\/1-1.png\" width=\"431\" \/><\/a><\/div>\n<p><\/p>\n<div class=\"separator\" style=\"clear: both; text-align: center;\">\n<a href=\"https:\/\/2.bp.blogspot.com\/-GvXs_MBsHvQ\/WzqZU5B8acI\/AAAAAAAA1Qk\/1Amz8YfQnm0cC8N67sq7l1_UU5Zu-GqpgCLcBGAs\/s1600\/2.png\" imageanchor=\"1\" style=\"margin-left: 1em; margin-right: 1em;\"><img loading=\"lazy\" decoding=\"async\" border=\"0\" data-original-height=\"512\" data-original-width=\"352\" height=\"640\" src=\"http:\/\/blogdoedvaldomagalhaes.com.br\/wp-content\/uploads\/2018\/07\/2.png\" width=\"440\" \/><\/a><\/div>\n<p><\/p>\n<div class=\"separator\" style=\"clear: both; text-align: center;\">\n<a href=\"https:\/\/2.bp.blogspot.com\/-DOtVpl5XT3U\/WzqZV_4O3zI\/AAAAAAAA1Qo\/UcF7QZ1njkUhVdSHOmQiNo2SSqrAHoD-gCLcBGAs\/s1600\/3.png\" imageanchor=\"1\" style=\"margin-left: 1em; margin-right: 1em;\"><img loading=\"lazy\" decoding=\"async\" border=\"0\" data-original-height=\"1596\" data-original-width=\"1080\" height=\"640\" src=\"http:\/\/blogdoedvaldomagalhaes.com.br\/wp-content\/uploads\/2018\/07\/3.png\" width=\"430\" \/><\/a><\/div>\n<p><\/p>\n<div class=\"separator\" style=\"clear: both; text-align: center;\">\n<a href=\"https:\/\/3.bp.blogspot.com\/-rUC2g_1tMlY\/WzqZWmUj0BI\/AAAAAAAA1Qs\/sqWqQX9GIek-anaE44pJbCQACpUrjt5BACLcBGAs\/s1600\/4.png\" imageanchor=\"1\" style=\"margin-left: 1em; margin-right: 1em;\"><img loading=\"lazy\" decoding=\"async\" border=\"0\" data-original-height=\"512\" data-original-width=\"434\" height=\"640\" src=\"http:\/\/blogdoedvaldomagalhaes.com.br\/wp-content\/uploads\/2018\/07\/4.png\" width=\"542\" \/><\/a><\/div>\n<p><\/p>\n<div class=\"separator\" style=\"clear: both; text-align: center;\">\n<a href=\"https:\/\/2.bp.blogspot.com\/-S4LKxfUZ55Q\/WzqZXqJS6uI\/AAAAAAAA1Qw\/qG4CHrEslrgummdqRDbZtgAssS0bhsQNACLcBGAs\/s1600\/5.png\" imageanchor=\"1\" style=\"margin-left: 1em; margin-right: 1em;\"><img loading=\"lazy\" decoding=\"async\" border=\"0\" data-original-height=\"846\" data-original-width=\"1080\" height=\"500\" src=\"http:\/\/blogdoedvaldomagalhaes.com.br\/wp-content\/uploads\/2018\/07\/5.png\" width=\"640\" \/><\/a><\/div>\n<p><\/p>\n","protected":false},"excerpt":{"rendered":"<p>Nos dias 1, 2, 3, 4, 5, 16, 17, 18, 19, 20 e 31:&nbsp;Cidade Jardim, Salgado (parte baixa), Rendeiras (Cohab&hellip;<\/p>\n","protected":false},"author":1,"featured_media":0,"comment_status":"open","ping_status":"open","sticky":false,"template":"","format":"standard","meta":{"footnotes":""},"categories":[1],"tags":[2,1901,6],"class_list":["post-1865","post","type-post","status-publish","format-standard","hentry","category-sem-categoria","tag-blog-do-edvaldo-magalhaes","tag-calendario-de-abastecimento-em-caruaru-no-mes-de-julho","tag-noticias"],"_links":{"self":[{"href":"https:\/\/blogdoedvaldomagalhaes.com.br\/index.php\/wp-json\/wp\/v2\/posts\/1865","targetHints":{"allow":["GET"]}}],"collection":[{"href":"https:\/\/blogdoedvaldomagalhaes.com.br\/index.php\/wp-json\/wp\/v2\/posts"}],"about":[{"href":"https:\/\/blogdoedvaldomagalhaes.com.br\/index.php\/wp-json\/wp\/v2\/types\/post"}],"author":[{"embeddable":true,"href":"https:\/\/blogdoedvaldomagalhaes.com.br\/index.php\/wp-json\/wp\/v2\/users\/1"}],"replies":[{"embeddable":true,"href":"https:\/\/blogdoedvaldomagalhaes.com.br\/index.php\/wp-json\/wp\/v2\/comments?post=1865"}],"version-history":[{"count":1,"href":"https:\/\/blogdoedvaldomagalhaes.com.br\/index.php\/wp-json\/wp\/v2\/posts\/1865\/revisions"}],"predecessor-version":[{"id":32448,"href":"https:\/\/blogdoedvaldomagalhaes.com.br\/index.php\/wp-json\/wp\/v2\/posts\/1865\/revisions\/32448"}],"wp:attachment":[{"href":"https:\/\/blogdoedvaldomagalhaes.com.br\/index.php\/wp-json\/wp\/v2\/media?parent=1865"}],"wp:term":[{"taxonomy":"category","embeddable":true,"href":"https:\/\/blogdoedvaldomagalhaes.com.br\/index.php\/wp-json\/wp\/v2\/categories?post=1865"},{"taxonomy":"post_tag","embeddable":true,"href":"https:\/\/blogdoedvaldomagalhaes.com.br\/index.php\/wp-json\/wp\/v2\/tags?post=1865"}],"curies":[{"name":"wp","href":"https:\/\/api.w.org\/{rel}","templated":true}]}}