{"id":1864,"date":"2018-07-02T21:48:00","date_gmt":"2018-07-03T00:48:00","guid":{"rendered":"http:\/\/blogdoedvaldomagalhaes.com.br\/index.php\/2018\/07\/02\/empresario-tonynho-rodrigues-segue\/"},"modified":"2019-02-09T02:23:08","modified_gmt":"2019-02-09T04:23:08","slug":"empresario-tonynho-rodrigues-segue","status":"publish","type":"post","link":"https:\/\/blogdoedvaldomagalhaes.com.br\/index.php\/2018\/07\/02\/empresario-tonynho-rodrigues-segue\/","title":{"rendered":"Empres\u00e1rio Tonynho Rodrigues segue articulando sua pr\u00e9-candidatura"},"content":{"rendered":"<div class=\"separator\" style=\"clear: both; text-align: center;\">\n<a href=\"https:\/\/2.bp.blogspot.com\/-VMJi_RStxTE\/WzqdsuVSaII\/AAAAAAAA1RM\/_zbtFI8Dalslwcz3uj_NwjZ8zsi1qdxqACLcBGAs\/s1600\/toninho.jpg\" imageanchor=\"1\" style=\"margin-left: 1em; margin-right: 1em;\"><img loading=\"lazy\" decoding=\"async\" border=\"0\" data-original-height=\"466\" data-original-width=\"1024\" height=\"290\" src=\"http:\/\/blogdoedvaldomagalhaes.com.br\/wp-content\/uploads\/2018\/07\/toninho.jpg\" width=\"640\" \/><\/a><\/div>\n<div style=\"background-color: white; box-sizing: border-box; line-height: 24px; margin-bottom: 10px; text-align: justify;\">\n<\/div>\n<div style=\"background-color: white; box-sizing: border-box; line-height: 24px; margin-bottom: 10px; text-align: justify;\">\nO empres\u00e1rio Tonynho Rodrigues segue articulando junto \u00e0 diretoria do Solidariedade \u00e0 sua pr\u00e9-candidatura a deputado federal. Ele participou nesta segunda-feira (02), de reuni\u00e3o com membros da Executiva Estadual, na sede do partido, no Recife.<\/div>\n<div style=\"background-color: white; box-sizing: border-box; line-height: 24px; margin-bottom: 10px; text-align: justify;\">\nSe depender da vontade do presidente do SD, deputado federal Augusto Coutinho, Tonynho Rodrigues disputar\u00e1 uma das 25 vagas destinadas a Pernambuco na C\u00e2mara Federal.<\/div>\n<p><\/p>\n<div style=\"background-color: white; box-sizing: border-box; line-height: 24px; margin-bottom: 10px; text-align: justify;\">\n<\/div>\n<div class=\"sharedaddy sd-sharing-enabled\" style=\"background-color: white; box-sizing: border-box; clear: both;\">\n<\/div>\n<p><\/p>\n<div style=\"-webkit-text-stroke-width: 0px; background-color: white; box-sizing: border-box; font-style: normal; font-variant-caps: normal; font-variant-ligatures: normal; font-weight: 400; letter-spacing: normal; line-height: 24px; margin: 0px 0px 10px; orphans: 2; text-align: justify; text-decoration-color: initial; text-decoration-style: initial; text-indent: 0px; text-transform: none; white-space: normal; widows: 2; word-spacing: 0px;\">\nPara o empres\u00e1rio caruaruense, a reuni\u00e3o serviu para deixar claro que a Executiva Estadual quer fazer o maior n\u00famero de deputados federais. Tonynho garantiu que at\u00e9 agora \u00e0 sua candidatura segue firme.<\/div>\n","protected":false},"excerpt":{"rendered":"<p>O empres\u00e1rio Tonynho Rodrigues segue articulando junto \u00e0 diretoria do Solidariedade \u00e0 sua pr\u00e9-candidatura a deputado federal. Ele participou nesta&hellip;<\/p>\n","protected":false},"author":1,"featured_media":0,"comment_status":"open","ping_status":"open","sticky":false,"template":"","format":"standard","meta":{"footnotes":""},"categories":[1],"tags":[2,1900,20],"class_list":["post-1864","post","type-post","status-publish","format-standard","hentry","category-sem-categoria","tag-blog-do-edvaldo-magalhaes","tag-empresario-tonynho-rodrigues-segue-articulando-sua-pre-candidatura","tag-politica"],"_links":{"self":[{"href":"https:\/\/blogdoedvaldomagalhaes.com.br\/index.php\/wp-json\/wp\/v2\/posts\/1864","targetHints":{"allow":["GET"]}}],"collection":[{"href":"https:\/\/blogdoedvaldomagalhaes.com.br\/index.php\/wp-json\/wp\/v2\/posts"}],"about":[{"href":"https:\/\/blogdoedvaldomagalhaes.com.br\/index.php\/wp-json\/wp\/v2\/types\/post"}],"author":[{"embeddable":true,"href":"https:\/\/blogdoedvaldomagalhaes.com.br\/index.php\/wp-json\/wp\/v2\/users\/1"}],"replies":[{"embeddable":true,"href":"https:\/\/blogdoedvaldomagalhaes.com.br\/index.php\/wp-json\/wp\/v2\/comments?post=1864"}],"version-history":[{"count":1,"href":"https:\/\/blogdoedvaldomagalhaes.com.br\/index.php\/wp-json\/wp\/v2\/posts\/1864\/revisions"}],"predecessor-version":[{"id":32450,"href":"https:\/\/blogdoedvaldomagalhaes.com.br\/index.php\/wp-json\/wp\/v2\/posts\/1864\/revisions\/32450"}],"wp:attachment":[{"href":"https:\/\/blogdoedvaldomagalhaes.com.br\/index.php\/wp-json\/wp\/v2\/media?parent=1864"}],"wp:term":[{"taxonomy":"category","embeddable":true,"href":"https:\/\/blogdoedvaldomagalhaes.com.br\/index.php\/wp-json\/wp\/v2\/categories?post=1864"},{"taxonomy":"post_tag","embeddable":true,"href":"https:\/\/blogdoedvaldomagalhaes.com.br\/index.php\/wp-json\/wp\/v2\/tags?post=1864"}],"curies":[{"name":"wp","href":"https:\/\/api.w.org\/{rel}","templated":true}]}}